{"id":33568,"date":"2020-05-26T00:00:00","date_gmt":"2020-05-25T23:00:00","guid":{"rendered":"https:\/\/imagazine.it\/?p=33568"},"modified":"2020-05-26T00:00:00","modified_gmt":"2020-05-25T23:00:00","slug":"lignano-pineta-pronta-al-debutto-stagionale","status":"publish","type":"post","link":"https:\/\/imagazine.it\/home_desk\/lignano-pineta-pronta-al-debutto-stagionale\/","title":{"rendered":"Lignano Pineta pronta al debutto stagionale"},"content":{"rendered":"<p>La nuova stagione balneare a Lignano Pineta inizia sabato 30 maggio.<\/p>\n<p>Un primo assaggio di stagione lo si coglie passeggiando per le vie di Pineta e in particolare nella zona del \u201cTreno\u201d dove diversi locali trendy sono gi\u00e0 operativi.<\/p>\n<p>La spiaggia di Pineta \u00e8 pronta con una nuova veste, rispondente alle misure di sicurezza previste per gli stabilimenti balneari, tutti perimetrati e dotati di doppi corridoi di passaggio dall\u2019ingresso alla battigia e viceversa. Al suo arrivo in spiaggia al turista sar\u00e0 consegnato un braccialetto colorato, identificativo, e trover\u00e0 a sua disposizione (posizionati all\u2019ingresso dello stabilimento), dispenser con gel igienizzante. In spiaggia gli ombrelloni saranno pi\u00f9 distanti fra le file e collocati non in riga, ma sfalsati, in modo da poter fruire meglio dello spazio.<\/p>\n<p>\u00abDa parte di tutti noi operatori \u00e8 stata data e sar\u00e0 cos\u00ec per tutta l\u2019estate, molta attenzione alla sanificazione \u2013 spiega <strong>Giorgio Ardito<\/strong>, presidente della societ\u00e0 Lignano Pineta \u2013 programmando l\u2019igienizzazione di ombrelloni, lettini e sdraio e una costante pulizia dei servizi igienici, delle docce e delle cabine\u00bb.<\/p>\n<p>Sicurezza ma anche attenzione rivolta al turista, che oltre a poter disporre di un servizio di prenotazione online pi\u00f9 dettagliato, da sotto l\u2019ombrellone, senza doversi muovere, con app e Qr code si potr\u00e0 ordinare e poi andare a prendere al bar appena pronti il panino e la bibita ordinati.<\/p>\n<p><a href=\"http:\/\/imagazinevideotruck.it\/outlet\/relink.html\" target=\"_top\" rel=\"noopener\"><img loading=\"lazy\" decoding=\"async\" align=\"LEFT\" height=\"250\" src=\"http:\/\/imagazinevideotruck.it\/outlet\/outlet30.gif\" width=\"300\" alt=\"\" title=\"\"><\/a><\/p>\n<p>\u00a0<\/p>\n<p>\u00a0<\/p>\n<p>\u00a0<\/p>\n<p>\u00a0<\/p>\n<p>\u00a0<\/p>\n<p>\u00a0<\/p>\n<p>\u00a0<\/p>\n<p>\u00a0<\/p>\n<p>\u00a0<\/p>\n<p>Durante i mesi di preparazione la societ\u00e0 Lignano Pineta ha pensato anche ad alcuni allestimenti migliorativi del servizio, come l\u2019area <em>Royal Vip<\/em> realizzata ai bagni due con bandiera tedesca e tre con bandiera inglese; la passeggiata sopraelevata (fra il ponte Renzo e il bagno sei con bandiera francese) ha nuovi parapetti e nuova illuminazione; le toilette al bagno sette con bandiera austriaca e al bagno uno con bandiera olandese sono state rinnovate; lo stabilimento balneare due con bandiera tedesca sar\u00e0 abbellito all\u2019ingresso da un mosaico realizzato dalla Scuola di Mosaico del Friuli, che riproduce un\u2019opera dell\u2019artista friulano Luciano Ceschia.<\/p>\n<p>\u00abAbbiamo voluto affrontare ogni possibile intervento per prepararci ad accogliere i nostri turisti con una spiaggia quanto mai curata e migliorata \u2013 aggiunge Ardito \u2013 andando a ritoccare anche l\u2019aspetto estetico, quindi nuovi serramenti dell\u2019edicola-bazar tra il bagno uno con bandiera olandese e il due con bandiera tedesca, pavimento, toilette e parapetti rinnovati per il bar La Pagoda sul Pontile a Mare\u00bb.<\/p>\n<p>Anche per il lungomare Kechler non sono mancati gli interventi di manutenzione con l\u2019asfaltatura di alcuni tratti, con passaggi pedonali rialzati e lo spostamento della pista ciclabile sulla sede stradale. Lo staff degli stabilimenti potr\u00e0 utilizzare un nuovo Piaggio Porter personalizzato per gli spostamenti.<\/p>\n","protected":false},"excerpt":{"rendered":"<p>Sabato il via ufficiale<\/p>\n","protected":false},"author":28,"featured_media":33569,"comment_status":"closed","ping_status":"closed","sticky":false,"template":"","format":"standard","meta":{"dwc-title":[],"dwc-content":[],"footnotes":""},"categories":[8],"tags":[],"class_list":["post-33568","post","type-post","status-publish","format-standard","has-post-thumbnail","hentry","category-turismo"],"rttpg_featured_image_url":{"full":["https:\/\/imagazine.it\/wp-content\/uploads\/2024\/01\/34237-1.webp",750,471,false],"landscape":["https:\/\/imagazine.it\/wp-content\/uploads\/2024\/01\/34237-1.webp",750,471,false],"portraits":["https:\/\/imagazine.it\/wp-content\/uploads\/2024\/01\/34237-1.webp",750,471,false],"thumbnail":["https:\/\/imagazine.it\/wp-content\/uploads\/2024\/01\/34237-1-150x150.webp",150,150,true],"medium":["https:\/\/imagazine.it\/wp-content\/uploads\/2024\/01\/34237-1-300x188.webp",300,188,true],"large":["https:\/\/imagazine.it\/wp-content\/uploads\/2024\/01\/34237-1.webp",640,402,false],"thumblist":["https:\/\/imagazine.it\/wp-content\/uploads\/2024\/01\/34237-1.webp",300,188,false],"thumbrelated":["https:\/\/imagazine.it\/wp-content\/uploads\/2024\/01\/34237-1.webp",500,314,false],"meccarouselthumb":["https:\/\/imagazine.it\/wp-content\/uploads\/2024\/01\/34237-1.webp",474,298,false],"gridsquare":["https:\/\/imagazine.it\/wp-content\/uploads\/2024\/01\/34237-1.webp",391,246,false],"tileview":["https:\/\/imagazine.it\/wp-content\/uploads\/2024\/01\/34237-1.webp",300,188,false],"1536x1536":["https:\/\/imagazine.it\/wp-content\/uploads\/2024\/01\/34237-1.webp",750,471,false],"2048x2048":["https:\/\/imagazine.it\/wp-content\/uploads\/2024\/01\/34237-1.webp",750,471,false],"newsup-slider-full":["https:\/\/imagazine.it\/wp-content\/uploads\/2024\/01\/34237-1.webp",750,471,false],"newsup-featured":["https:\/\/imagazine.it\/wp-content\/uploads\/2024\/01\/34237-1.webp",750,471,false],"newsup-medium":["https:\/\/imagazine.it\/wp-content\/uploads\/2024\/01\/34237-1-720x380.webp",720,380,true],"tptn_thumbnail":["https:\/\/imagazine.it\/wp-content\/uploads\/2024\/01\/34237-1.webp",250,157,false],"sow-carousel-default":["https:\/\/imagazine.it\/wp-content\/uploads\/2024\/01\/34237-1-272x182.webp",272,182,true]},"rttpg_author":{"display_name":"redazione","author_link":"https:\/\/imagazine.it\/home_desk\/author\/redazione\/"},"rttpg_comment":0,"rttpg_category":"<a href=\"https:\/\/imagazine.it\/home_desk\/category\/turismo\/\" rel=\"category tag\">TURISMO<\/a>","rttpg_excerpt":"Sabato il via ufficiale","_links":{"self":[{"href":"https:\/\/imagazine.it\/home_desk\/wp-json\/wp\/v2\/posts\/33568","targetHints":{"allow":["GET"]}}],"collection":[{"href":"https:\/\/imagazine.it\/home_desk\/wp-json\/wp\/v2\/posts"}],"about":[{"href":"https:\/\/imagazine.it\/home_desk\/wp-json\/wp\/v2\/types\/post"}],"author":[{"embeddable":true,"href":"https:\/\/imagazine.it\/home_desk\/wp-json\/wp\/v2\/users\/28"}],"replies":[{"embeddable":true,"href":"https:\/\/imagazine.it\/home_desk\/wp-json\/wp\/v2\/comments?post=33568"}],"version-history":[{"count":0,"href":"https:\/\/imagazine.it\/home_desk\/wp-json\/wp\/v2\/posts\/33568\/revisions"}],"wp:featuredmedia":[{"embeddable":true,"href":"https:\/\/imagazine.it\/home_desk\/wp-json\/wp\/v2\/media\/33569"}],"wp:attachment":[{"href":"https:\/\/imagazine.it\/home_desk\/wp-json\/wp\/v2\/media?parent=33568"}],"wp:term":[{"taxonomy":"category","embeddable":true,"href":"https:\/\/imagazine.it\/home_desk\/wp-json\/wp\/v2\/categories?post=33568"},{"taxonomy":"post_tag","embeddable":true,"href":"https:\/\/imagazine.it\/home_desk\/wp-json\/wp\/v2\/tags?post=33568"}],"curies":[{"name":"wp","href":"https:\/\/api.w.org\/{rel}","templated":true}]}}