{"id":33552,"date":"2020-05-25T00:00:00","date_gmt":"2020-05-24T23:00:00","guid":{"rendered":"https:\/\/imagazine.it\/?p=33552"},"modified":"2020-05-25T00:00:00","modified_gmt":"2020-05-24T23:00:00","slug":"palmanova-aperte-le-preiscrizioni-ai-centri-estivi","status":"publish","type":"post","link":"https:\/\/imagazine.it\/home_desk\/palmanova-aperte-le-preiscrizioni-ai-centri-estivi\/","title":{"rendered":"Palmanova, aperte le preiscrizioni ai centri estivi"},"content":{"rendered":"<p>Da oggi sar\u00e0 possibile\u00a0<strong>preiscriversi ai centri estivi che saranno attivati a Palmanova dal prossimo 22 giugno<\/strong>, per la durata di 8 settimane. Il Comune \u00e8 gi\u00e0 da tempo al lavoro per valutare le modalit\u00e0 organizzare pi\u00f9 adeguate, in condivisione con alcune delle realt\u00e0 associative del territorio che gi\u00e0 l\u2019anno scorso svolgevano questo servizio. L\u2019amministrazione comunale, capofila e organizzatore del progetto, firmer\u00e0\u00a0<strong>una convenzione con la Parrocchia del SS. Redentore, il Tennis Club Nova Palma, il Club Sunshine e il Comitato della Croce Rossa di Palmanova<\/strong>.<\/p>\n<p>Sar\u00e0 possibile contattare le singole realt\u00e0 per segnalare il proprio interesse a partecipare all\u2019iniziativa.\u00a0<strong>I centri estivi sono dedicati a ragazzi da 6 ai 17 anni.<\/strong>\u00a0Per la Parrocchia del SS. Redentore sar\u00e0 necessario scrivere a\u00a0<a href=\"mailto:oratoriodipalmanova@gmail.com\" target=\"_blank\" rel=\"noopener\">oratoriodipalmanova@gmail.com<\/a>, per il Tennis Club Nova Palma a\u00a0<a href=\"mailto:tcnpsummercamp@gmail.com\" target=\"_blank\" rel=\"noopener\">tcnpsummercamp@gmail.com<\/a>, per il Club Sunshine a\u00a0<a href=\"mailto:info@clubsunshine.it\" target=\"_blank\" rel=\"noopener\">info@clubsunshine.it<\/a>\u00a0e per il Comitato della Croce Rossa di Palmanova a\u00a0<a href=\"mailto:crinsieme@cripalmanova.it\" target=\"_blank\" rel=\"noopener\">crinsieme@cripalmanova.it<\/a><\/p>\n<p>\u201cIn questa prima fase \u00e8 importante per noi\u00a0<strong>capire quanto sia l\u2019interesse<\/strong>\u00a0<strong>da parte dei genitori<\/strong>\u00a0a far frequentare i centri estivi ai propri ragazzi. In base alle preiscrizioni potremo capire spazi, costi e necessit\u00e0 di cui dovremo farci carico. Gi\u00e0 da tempo stiamo lavorando intensamente sulla loro non facile organizzazione. Nei giorni scorsi la Regione FVG ha approvato le Linee guida che adesso dovranno essere validate dall\u2019Istituto superiore della sanit\u00e0,\u00a0<strong>un protocollo sanitario complesso che avremo l\u2019obbligo di rispettare<\/strong>\u00a0e che ci costringe a costi e impegni straordinari\u201d, commentano il Sindaco\u00a0<strong>Francesco Martines<\/strong>, assieme all\u2019assessore comunale all\u2019istruzione\u00a0<strong>Adriana Danielis<\/strong>.<\/p>\n<p><a href=\"http:\/\/imagazinevideotruck.it\/outlet\/relink.html\" target=\"_top\" rel=\"noopener\"><img loading=\"lazy\" decoding=\"async\" align=\"LEFT\" height=\"250\" src=\"http:\/\/imagazinevideotruck.it\/outlet\/outlet30.gif\" width=\"300\" alt=\"\" title=\"\"><\/a><\/p>\n<p>\u00a0<\/p>\n<p>\u00a0<\/p>\n<p>\u00a0<\/p>\n<p>\u00a0<\/p>\n<p>\u00a0<\/p>\n<p>\u00a0<\/p>\n<p>\u00a0<\/p>\n<p>\u00a0<\/p>\n<p>\u00a0<\/p>\n<p>In attesa dei contributi promessi dal Governo e in assenza di contributi regionali, l\u2019amministrazione palmarina ha intanto messo\u00a0<strong>a disposizione 40.000 euro<\/strong>\u00a0del suo bilancio per supportare le famiglie, in base al reddito e alla numerosit\u00e0 dei componenti, in modo da permettere a tutti i ragazzi di frequentare le attivit\u00e0. Il Comune sta infatti pensando ad aiutare le famiglie sotto forma di\u00a0<strong>Buoni Centro Estivo<\/strong>\u00a0<strong>e\/o contributi diretti alle associazioni organizzatrici.<\/strong><\/p>\n<p>\u201cCi auguriamo che\u00a0<strong>la Regione ci venga incontro con un suo finanziamento<\/strong>\u00a0per incrementare la cifra a disposizione, in modo da allargare la platea di beneficiari e aiutare in modo pi\u00f9 concreto le famiglie. Purtroppo i costi organizzativi sono molto alti e il contributo del Comune potr\u00e0 aiutare solo una parte delle famiglie.\u00a0<strong>I nostri bambini e ragazzi hanno estremo bisogno di sfogo e socialit\u00e0\u00a0<\/strong>e i genitori hanno sempre pi\u00f9 difficolt\u00e0 nella gestione quotidiana, vista la ripartenza delle attivit\u00e0 lavorative\u201d, aggiungono i due amministratori.<\/p>\n","protected":false},"excerpt":{"rendered":"<p>Per bambini e ragazzi dai 6 ai 17 anni<\/p>\n","protected":false},"author":28,"featured_media":33553,"comment_status":"closed","ping_status":"closed","sticky":false,"template":"","format":"standard","meta":{"dwc-title":[],"dwc-content":[],"footnotes":""},"categories":[5],"tags":[],"class_list":["post-33552","post","type-post","status-publish","format-standard","has-post-thumbnail","hentry","category-attualita"],"rttpg_featured_image_url":{"full":["https:\/\/imagazine.it\/wp-content\/uploads\/2024\/01\/34214-1.webp",750,452,false],"landscape":["https:\/\/imagazine.it\/wp-content\/uploads\/2024\/01\/34214-1.webp",750,452,false],"portraits":["https:\/\/imagazine.it\/wp-content\/uploads\/2024\/01\/34214-1.webp",750,452,false],"thumbnail":["https:\/\/imagazine.it\/wp-content\/uploads\/2024\/01\/34214-1-150x150.webp",150,150,true],"medium":["https:\/\/imagazine.it\/wp-content\/uploads\/2024\/01\/34214-1-300x181.webp",300,181,true],"large":["https:\/\/imagazine.it\/wp-content\/uploads\/2024\/01\/34214-1.webp",640,386,false],"thumblist":["https:\/\/imagazine.it\/wp-content\/uploads\/2024\/01\/34214-1.webp",300,181,false],"thumbrelated":["https:\/\/imagazine.it\/wp-content\/uploads\/2024\/01\/34214-1.webp",500,301,false],"meccarouselthumb":["https:\/\/imagazine.it\/wp-content\/uploads\/2024\/01\/34214-1.webp",474,286,false],"gridsquare":["https:\/\/imagazine.it\/wp-content\/uploads\/2024\/01\/34214-1.webp",391,236,false],"tileview":["https:\/\/imagazine.it\/wp-content\/uploads\/2024\/01\/34214-1.webp",300,181,false],"1536x1536":["https:\/\/imagazine.it\/wp-content\/uploads\/2024\/01\/34214-1.webp",750,452,false],"2048x2048":["https:\/\/imagazine.it\/wp-content\/uploads\/2024\/01\/34214-1.webp",750,452,false],"newsup-slider-full":["https:\/\/imagazine.it\/wp-content\/uploads\/2024\/01\/34214-1.webp",750,452,false],"newsup-featured":["https:\/\/imagazine.it\/wp-content\/uploads\/2024\/01\/34214-1.webp",750,452,false],"newsup-medium":["https:\/\/imagazine.it\/wp-content\/uploads\/2024\/01\/34214-1-720x380.webp",720,380,true],"tptn_thumbnail":["https:\/\/imagazine.it\/wp-content\/uploads\/2024\/01\/34214-1.webp",250,151,false],"sow-carousel-default":["https:\/\/imagazine.it\/wp-content\/uploads\/2024\/01\/34214-1-272x182.webp",272,182,true]},"rttpg_author":{"display_name":"redazione","author_link":"https:\/\/imagazine.it\/home_desk\/author\/redazione\/"},"rttpg_comment":0,"rttpg_category":"<a href=\"https:\/\/imagazine.it\/home_desk\/category\/attualita\/\" rel=\"category tag\">ATTUALIT\u00c0<\/a>","rttpg_excerpt":"Per bambini e ragazzi dai 6 ai 17 anni","_links":{"self":[{"href":"https:\/\/imagazine.it\/home_desk\/wp-json\/wp\/v2\/posts\/33552","targetHints":{"allow":["GET"]}}],"collection":[{"href":"https:\/\/imagazine.it\/home_desk\/wp-json\/wp\/v2\/posts"}],"about":[{"href":"https:\/\/imagazine.it\/home_desk\/wp-json\/wp\/v2\/types\/post"}],"author":[{"embeddable":true,"href":"https:\/\/imagazine.it\/home_desk\/wp-json\/wp\/v2\/users\/28"}],"replies":[{"embeddable":true,"href":"https:\/\/imagazine.it\/home_desk\/wp-json\/wp\/v2\/comments?post=33552"}],"version-history":[{"count":0,"href":"https:\/\/imagazine.it\/home_desk\/wp-json\/wp\/v2\/posts\/33552\/revisions"}],"wp:featuredmedia":[{"embeddable":true,"href":"https:\/\/imagazine.it\/home_desk\/wp-json\/wp\/v2\/media\/33553"}],"wp:attachment":[{"href":"https:\/\/imagazine.it\/home_desk\/wp-json\/wp\/v2\/media?parent=33552"}],"wp:term":[{"taxonomy":"category","embeddable":true,"href":"https:\/\/imagazine.it\/home_desk\/wp-json\/wp\/v2\/categories?post=33552"},{"taxonomy":"post_tag","embeddable":true,"href":"https:\/\/imagazine.it\/home_desk\/wp-json\/wp\/v2\/tags?post=33552"}],"curies":[{"name":"wp","href":"https:\/\/api.w.org\/{rel}","templated":true}]}}