{"id":33550,"date":"2020-05-25T00:00:00","date_gmt":"2020-05-24T23:00:00","guid":{"rendered":"https:\/\/imagazine.it\/?p=33550"},"modified":"2020-05-25T00:00:00","modified_gmt":"2020-05-24T23:00:00","slug":"aquileia-ci-crede-confermato-il-film-festival-di-luglio","status":"publish","type":"post","link":"https:\/\/imagazine.it\/home_desk\/aquileia-ci-crede-confermato-il-film-festival-di-luglio\/","title":{"rendered":"Aquileia ci crede, confermato il Film festival di luglio"},"content":{"rendered":"<p><strong>Aquileia Film festival<\/strong> rimane confermato come appuntamento dell\u2019estate 2020.\u00a0<\/p>\n<p>Pur nell\u2019incertezza dovuta agli interrogativi sull\u2019andamento della pandemia da Covid-19, la Fondazione Aquileia sta lavorando all\u2019undicesima edizione in programma <strong>dal 28 al 31 luglio<\/strong>.<\/p>\n<p>Il Consiglio di Amministrazione ha accolto la proposta del presidente <strong>Antonio Zanardi Landi<\/strong> e del direttore <strong>Cristiano Tiussi<\/strong> e \u00absi \u00e8 trovato unanimemente d\u2019accordo nel ritenere \u2013 come spiega Zanardi Landi \u2013 che sia fondamentale dare un segnale positivo e non spezzare quel filo che lega la grande comunit\u00e0 che si riconosce nei valori del Festival: passione per la storia e l\u2019archeologia, curiosit\u00e0 verso le radici della nostra cultura, amore per il cinema e per le testimonianze dal vivo dei pi\u00f9 grandi esperti e divulgatori. \u00c8 importante inoltre non interrompere quel processo di crescita e di interesse attorno ad Aquileia che si \u00e8 costruito negli anni e dare ai potenziali visitatori esperienze stimolanti che li portino a sceglierla come meta\u00bb.<\/p>\n<p>\u00abL\u2019organizzazione della prossima edizione avverr\u00e0 naturalmente nel rispetto di tutte le prescrizioni previste dalle linee guida per gli eventi all\u2019aperto e proprio per garantire l\u2019opportuno distanziamento fisico l\u2019idea \u2013 spiega Tiussi \u2013 \u00a0\u00e8 di raddoppiare le piazze in cui si svolge l\u2019evento\u00bb.<\/p>\n<p>Il Festival, che propone per quattro serate la visione di docufilm di carattere archeologico e storico alternati a conversazioni-intervista con i protagonisti del mondo culturale, si svolger\u00e0 in Piazza Capitolo e in piazza Patriarcato: le due piazze davanti alla Basilica di Aquileia potrebbero ospitare due schermi paralleli su cui proiettare grazie a un\u2019unica regia il medesimo film. Questo permetterebbe di posizionare 400\/500 posti a sedere in ogni piazza e di gestire grazie alla prenotazione obbligatoria del posto a sedere numerato e ai controlli garantiti dal personale di sicurezza agli ingressi di accogliere fino a 1.000 persone, limite previsto dall\u2019attuale normativa.<\/p>\n<p>La manifestazione, inoltre, per la prima volta \u2013 annunciano gli organizzatori \u2013 \u00a0verr\u00e0 trasmessa anche in streaming, in modo da raggiungere una platea pi\u00f9 ampia e consentire a chi\u00a0non trovasse posto o a chi per la prima volta volesse partecipare, di avere comunque un posto in prima fila.<\/p>\n<p><a href=\"http:\/\/imagazinevideotruck.it\/outlet\/relink.html\" target=\"_top\" rel=\"noopener\"><img loading=\"lazy\" decoding=\"async\" align=\"LEFT\" height=\"250\" src=\"http:\/\/imagazinevideotruck.it\/outlet\/outlet30.gif\" width=\"300\" alt=\"\" title=\"\"><\/a><\/p>\n<p>\u00a0<\/p>\n<p>\u00a0<\/p>\n<p>\u00a0<\/p>\n<p>\u00a0<\/p>\n<p>\u00a0<\/p>\n<p>\u00a0<\/p>\n<p>\u00a0<\/p>\n<p>\u00a0<\/p>\n<p>\u00a0<\/p>\n<p>\u00abL\u2019undicesima edizione dell\u2019Aquileia Film festival si profila quindi come il primo grande evento dell\u2019estate, una sfida che la Fondazione Aquileia \u2013 conferma Zanardi Landi \u2013 si prepara ad affrontare mettendo in primo piano la sicurezza e potendo contare sull\u2019esperienza decennale della squadra che lavora dietro le quinte per l\u2019organizzazione di un evento che negli anni ha saputo riempire la piazza di Aquileia con spettatori provenienti da tutto il Friuli Venezia Giulia e da molte citt\u00e0 del nord e centro Italia. Il festival di Aquileia sar\u00e0 inoltre il primo festival del cinema archeologico ad avere luogo in Italia dopo il rinvio a settembre della grande kermesse \u201cFirenze Archeofilm\u201d con cui la Fondazione Aquileia collabora\u00a0per organizzare il festival e l\u2019annullamento o il rinvio di altri festival collaterali\u00bb.<\/p>\n","protected":false},"excerpt":{"rendered":"<p>La sfida degli organizzatori<\/p>\n","protected":false},"author":28,"featured_media":33551,"comment_status":"closed","ping_status":"closed","sticky":false,"template":"","format":"standard","meta":{"dwc-title":[],"dwc-content":[],"footnotes":""},"categories":[37],"tags":[],"class_list":["post-33550","post","type-post","status-publish","format-standard","has-post-thumbnail","hentry","category-cultura-e-spettacolo"],"rttpg_featured_image_url":{"full":["https:\/\/imagazine.it\/wp-content\/uploads\/2024\/01\/34211-1.webp",750,498,false],"landscape":["https:\/\/imagazine.it\/wp-content\/uploads\/2024\/01\/34211-1.webp",750,498,false],"portraits":["https:\/\/imagazine.it\/wp-content\/uploads\/2024\/01\/34211-1.webp",750,498,false],"thumbnail":["https:\/\/imagazine.it\/wp-content\/uploads\/2024\/01\/34211-1-150x150.webp",150,150,true],"medium":["https:\/\/imagazine.it\/wp-content\/uploads\/2024\/01\/34211-1-300x199.webp",300,199,true],"large":["https:\/\/imagazine.it\/wp-content\/uploads\/2024\/01\/34211-1.webp",640,425,false],"thumblist":["https:\/\/imagazine.it\/wp-content\/uploads\/2024\/01\/34211-1.webp",300,199,false],"thumbrelated":["https:\/\/imagazine.it\/wp-content\/uploads\/2024\/01\/34211-1.webp",500,332,false],"meccarouselthumb":["https:\/\/imagazine.it\/wp-content\/uploads\/2024\/01\/34211-1.webp",474,315,false],"gridsquare":["https:\/\/imagazine.it\/wp-content\/uploads\/2024\/01\/34211-1.webp",391,260,false],"tileview":["https:\/\/imagazine.it\/wp-content\/uploads\/2024\/01\/34211-1.webp",300,199,false],"1536x1536":["https:\/\/imagazine.it\/wp-content\/uploads\/2024\/01\/34211-1.webp",750,498,false],"2048x2048":["https:\/\/imagazine.it\/wp-content\/uploads\/2024\/01\/34211-1.webp",750,498,false],"newsup-slider-full":["https:\/\/imagazine.it\/wp-content\/uploads\/2024\/01\/34211-1.webp",750,498,false],"newsup-featured":["https:\/\/imagazine.it\/wp-content\/uploads\/2024\/01\/34211-1.webp",750,498,false],"newsup-medium":["https:\/\/imagazine.it\/wp-content\/uploads\/2024\/01\/34211-1-720x380.webp",720,380,true],"tptn_thumbnail":["https:\/\/imagazine.it\/wp-content\/uploads\/2024\/01\/34211-1.webp",250,166,false],"sow-carousel-default":["https:\/\/imagazine.it\/wp-content\/uploads\/2024\/01\/34211-1-272x182.webp",272,182,true]},"rttpg_author":{"display_name":"redazione","author_link":"https:\/\/imagazine.it\/home_desk\/author\/redazione\/"},"rttpg_comment":0,"rttpg_category":"<a href=\"https:\/\/imagazine.it\/home_desk\/category\/cultura-e-spettacolo\/\" rel=\"category tag\">CULTURA&amp;SPETTACOLO<\/a>","rttpg_excerpt":"La sfida degli organizzatori","_links":{"self":[{"href":"https:\/\/imagazine.it\/home_desk\/wp-json\/wp\/v2\/posts\/33550","targetHints":{"allow":["GET"]}}],"collection":[{"href":"https:\/\/imagazine.it\/home_desk\/wp-json\/wp\/v2\/posts"}],"about":[{"href":"https:\/\/imagazine.it\/home_desk\/wp-json\/wp\/v2\/types\/post"}],"author":[{"embeddable":true,"href":"https:\/\/imagazine.it\/home_desk\/wp-json\/wp\/v2\/users\/28"}],"replies":[{"embeddable":true,"href":"https:\/\/imagazine.it\/home_desk\/wp-json\/wp\/v2\/comments?post=33550"}],"version-history":[{"count":0,"href":"https:\/\/imagazine.it\/home_desk\/wp-json\/wp\/v2\/posts\/33550\/revisions"}],"wp:featuredmedia":[{"embeddable":true,"href":"https:\/\/imagazine.it\/home_desk\/wp-json\/wp\/v2\/media\/33551"}],"wp:attachment":[{"href":"https:\/\/imagazine.it\/home_desk\/wp-json\/wp\/v2\/media?parent=33550"}],"wp:term":[{"taxonomy":"category","embeddable":true,"href":"https:\/\/imagazine.it\/home_desk\/wp-json\/wp\/v2\/categories?post=33550"},{"taxonomy":"post_tag","embeddable":true,"href":"https:\/\/imagazine.it\/home_desk\/wp-json\/wp\/v2\/tags?post=33550"}],"curies":[{"name":"wp","href":"https:\/\/api.w.org\/{rel}","templated":true}]}}