{"id":33536,"date":"2020-05-22T00:00:00","date_gmt":"2020-05-21T23:00:00","guid":{"rendered":"https:\/\/imagazine.it\/?p=33536"},"modified":"2020-05-22T00:00:00","modified_gmt":"2020-05-21T23:00:00","slug":"fase-2-riaprono-i-musei-dellerpac-fvg","status":"publish","type":"post","link":"https:\/\/imagazine.it\/home_desk\/fase-2-riaprono-i-musei-dellerpac-fvg\/","title":{"rendered":"Fase 2, riaprono i musei dell&#8217;Erpac FVG"},"content":{"rendered":"<p>Dopo quasi tre mesi, i musei e le altre sedi gestite dall\u2019Ente Regionale per il Patrimonio Culturale del Friuli Venezia Giulia riapriranno al pubblico.<\/p>\n<p>Sabato 23 maggio comincer\u00e0 il <strong>Parco e il bookshop di Villa Manin a Passariano<\/strong> di Codroipo (dalle\u00a09\u00a0alle 19), ma resteranno chiuse la Sala delle Carrozze e la sagrestia della Cappella.<\/p>\n<p>Marted\u00ec 26 sar\u00e0 la volta a <strong>Gorizia<\/strong> del <strong>Museo della Grande Guerra<\/strong> (dalle 9 alle 19, chiuso il luned\u00ec), del <strong>Museo della Moda<\/strong> (dalle 9 alle 19, chiuso il luned\u00ec) e della <strong>Pinacoteca di Palazzo Attems Petzenstein<\/strong> (dalle 10 alle 18), ma anche del <strong>Museo della Vita Contadina a San Vito al Tagliamento<\/strong> (dal marted\u00ec al venerd\u00ec 9-13; sabato e domenica 10-18; chiuso il luned\u00ec) e del <strong>Museo dell\u2019Emigrazione a Cavasso Nuovo<\/strong> (dal luned\u00ec al venerd\u00ec solo su prenotazione, telefonando in Comune al numero 0427 77014, sabato e domenica 9-12\/14-16). Mercoled\u00ec 27 toccher\u00e0 alla <strong>Galleria regionale d\u2019arte contemporanea \u201cLuigi Spazzapan\u201d a Gradisca d\u2019Isonzo<\/strong> (dal mercoled\u00ec alla domenica 10-13 e 15-19; chiusa luned\u00ec e marted\u00ec).<\/p>\n<p>Il <strong>Magazzino delle Idee di Trieste<\/strong> riaprir\u00e0 nelle prossime settimane, in occasione di una mostra in fase di preparazione, cos\u00ec come la Sala espositiva di Villa Manin.<\/p>\n<p>Le aperture avverranno in tutta sicurezza, ma si invitano fin d\u2019ora i visitatori a rispettare le regole indicate dal personale e dai molti avvisi esposti nelle diverse sedi, con particolare riferimento al Covid-19.<\/p>\n<p>Per ulteriori informazioni:\u00a0<u><a href=\"http:\/\/musei.regione.fvg.it\/\" target=\"_blank\" rel=\"noopener\">musei.regione.fvg.it<\/a><\/u>;\u00a0<u><a href=\"http:\/\/www.villamanin.it\/\" target=\"_blank\" rel=\"noopener\">www.villamanin.it<\/a><\/u>;\u00a0<u><a href=\"http:\/\/www.magazzinodelleidee.it\/\" target=\"_blank\" rel=\"noopener\">www.magazzinodelleidee.it<\/a><\/u><\/p>\n","protected":false},"excerpt":{"rendered":"<p>Dal 23 maggio<\/p>\n","protected":false},"author":28,"featured_media":33537,"comment_status":"closed","ping_status":"closed","sticky":false,"template":"","format":"standard","meta":{"dwc-title":[],"dwc-content":[],"footnotes":""},"categories":[37],"tags":[],"class_list":["post-33536","post","type-post","status-publish","format-standard","has-post-thumbnail","hentry","category-cultura-e-spettacolo"],"rttpg_featured_image_url":{"full":["https:\/\/imagazine.it\/wp-content\/uploads\/2024\/01\/34200-1.webp",750,500,false],"landscape":["https:\/\/imagazine.it\/wp-content\/uploads\/2024\/01\/34200-1.webp",750,500,false],"portraits":["https:\/\/imagazine.it\/wp-content\/uploads\/2024\/01\/34200-1.webp",750,500,false],"thumbnail":["https:\/\/imagazine.it\/wp-content\/uploads\/2024\/01\/34200-1-150x150.webp",150,150,true],"medium":["https:\/\/imagazine.it\/wp-content\/uploads\/2024\/01\/34200-1-300x200.webp",300,200,true],"large":["https:\/\/imagazine.it\/wp-content\/uploads\/2024\/01\/34200-1.webp",640,427,false],"thumblist":["https:\/\/imagazine.it\/wp-content\/uploads\/2024\/01\/34200-1.webp",300,200,false],"thumbrelated":["https:\/\/imagazine.it\/wp-content\/uploads\/2024\/01\/34200-1.webp",500,333,false],"meccarouselthumb":["https:\/\/imagazine.it\/wp-content\/uploads\/2024\/01\/34200-1.webp",474,316,false],"gridsquare":["https:\/\/imagazine.it\/wp-content\/uploads\/2024\/01\/34200-1.webp",391,260,false],"tileview":["https:\/\/imagazine.it\/wp-content\/uploads\/2024\/01\/34200-1.webp",300,200,false],"1536x1536":["https:\/\/imagazine.it\/wp-content\/uploads\/2024\/01\/34200-1.webp",750,500,false],"2048x2048":["https:\/\/imagazine.it\/wp-content\/uploads\/2024\/01\/34200-1.webp",750,500,false],"newsup-slider-full":["https:\/\/imagazine.it\/wp-content\/uploads\/2024\/01\/34200-1.webp",750,500,false],"newsup-featured":["https:\/\/imagazine.it\/wp-content\/uploads\/2024\/01\/34200-1.webp",750,500,false],"newsup-medium":["https:\/\/imagazine.it\/wp-content\/uploads\/2024\/01\/34200-1-720x380.webp",720,380,true],"tptn_thumbnail":["https:\/\/imagazine.it\/wp-content\/uploads\/2024\/01\/34200-1.webp",250,167,false],"sow-carousel-default":["https:\/\/imagazine.it\/wp-content\/uploads\/2024\/01\/34200-1-272x182.webp",272,182,true]},"rttpg_author":{"display_name":"redazione","author_link":"https:\/\/imagazine.it\/home_desk\/author\/redazione\/"},"rttpg_comment":0,"rttpg_category":"<a href=\"https:\/\/imagazine.it\/home_desk\/category\/cultura-e-spettacolo\/\" rel=\"category tag\">CULTURA&amp;SPETTACOLO<\/a>","rttpg_excerpt":"Dal 23 maggio","_links":{"self":[{"href":"https:\/\/imagazine.it\/home_desk\/wp-json\/wp\/v2\/posts\/33536","targetHints":{"allow":["GET"]}}],"collection":[{"href":"https:\/\/imagazine.it\/home_desk\/wp-json\/wp\/v2\/posts"}],"about":[{"href":"https:\/\/imagazine.it\/home_desk\/wp-json\/wp\/v2\/types\/post"}],"author":[{"embeddable":true,"href":"https:\/\/imagazine.it\/home_desk\/wp-json\/wp\/v2\/users\/28"}],"replies":[{"embeddable":true,"href":"https:\/\/imagazine.it\/home_desk\/wp-json\/wp\/v2\/comments?post=33536"}],"version-history":[{"count":0,"href":"https:\/\/imagazine.it\/home_desk\/wp-json\/wp\/v2\/posts\/33536\/revisions"}],"wp:featuredmedia":[{"embeddable":true,"href":"https:\/\/imagazine.it\/home_desk\/wp-json\/wp\/v2\/media\/33537"}],"wp:attachment":[{"href":"https:\/\/imagazine.it\/home_desk\/wp-json\/wp\/v2\/media?parent=33536"}],"wp:term":[{"taxonomy":"category","embeddable":true,"href":"https:\/\/imagazine.it\/home_desk\/wp-json\/wp\/v2\/categories?post=33536"},{"taxonomy":"post_tag","embeddable":true,"href":"https:\/\/imagazine.it\/home_desk\/wp-json\/wp\/v2\/tags?post=33536"}],"curies":[{"name":"wp","href":"https:\/\/api.w.org\/{rel}","templated":true}]}}