{"id":33526,"date":"2020-05-22T00:00:00","date_gmt":"2020-05-21T23:00:00","guid":{"rendered":"https:\/\/imagazine.it\/?p=33526"},"modified":"2020-05-22T00:00:00","modified_gmt":"2020-05-21T23:00:00","slug":"nuove-strumentazioni-per-gli-ospedali-di-gorizia-e-monfalcone","status":"publish","type":"post","link":"https:\/\/imagazine.it\/home_desk\/nuove-strumentazioni-per-gli-ospedali-di-gorizia-e-monfalcone\/","title":{"rendered":"Nuove strumentazioni per gli ospedali di Gorizia e Monfalcone"},"content":{"rendered":"<p>La Struttura Complessa di Radiologia dell\u2019Ospedale Gorizia Monfalcone, ha acquisito nella <strong>sede di Monfalcone <\/strong>un <strong>nuovo mammografo di ultima generazione<\/strong> (per un valore di 181.780 euro), che va a sostituire il precedente ormai datato e obsoleto.<\/p>\n<p>La nuova apparecchiatura, un Hologic Selenia Dimension della Ditta Technologic, rappresenta attualmente lo stato dell\u2019arte della diagnostica senologica in ambito mammografico. \u00c8 una apparecchiatura digitale diretta, che, alla bassissima dose erogata, associa una elevatissima qualit\u00e0 di immagine. \u00c8 dotata della funzione di tomosintesi che consente di meglio evidenziare le eventuali calcificazioni e le distorsioni nella struttura della mammella, migliorando la capacit\u00e0 diagnostica; a ci\u00f2 si aggiunge anche una stazione di refertazione dedicata, con monitor di elevata risoluzione e con funzioni di rilevamento delle lesioni e delle calcificazioni.<\/p>\n<p>Il servizio verr\u00e0 migliorato in termini di qualit\u00e0 dell&#39;esame, in quanto da un mammografo analogico si passa a un mammografo digitale, dotato inoltre di tomosintesi che rappresenta un importante valore aggiunto in quanto \u00e8 una tecnologia che fino ad ora era assente presso l\u2019ospedale di Monfalcone (ma presente solo a Gorizia).<\/p>\n<p>Inoltre il mammografo in futuro, se numericamente necessario, potrebbe essere anche implementato con la stereotassi che consentirebbe di effettuare le biopsie sotto guida mammografia. Attualmente tali esami vengono effettuati a Gorizia.<\/p>\n<p>Per quanto riguarda l&#39;aspetto numerico, in tempi di normalit\u00e0, con un organico medico, tecnico e infermieristico adeguato, l&#39;attivit\u00e0 sarebbe giornaliera con un esame ogni 20 minuti dalle ore 8 alle ore 14; attualmente data la situazione COVID e la relativa carenza di personale tecnico e medico non si possono fare previsioni.<\/p>\n<p>Tale apparecchiatura consentir\u00e0 un miglioramento delle capacit\u00e0 diagnostiche e potr\u00e0 supportare anche l\u2019attivit\u00e0 di screening di secondo livello della mammella.<\/p>\n<p>Inoltre, nei primi giorni di maggio, per fronteggiare l\u2019emergenza COVID-19, la Radiologia, <strong>sia a Gorizia che a Monfalcone<\/strong>, \u00e8 stata dotata di una <strong>apparecchiatura portatile per radiografia Carestream DRX<\/strong>, per effettuare le radiografie al letto dei pazienti di Pronto Soccorso, Rianimazione ed Unit\u00e0 Coronarica. Tale apparecchiatura rispetta i pi\u00f9 moderni canoni tecnologici delle apparecchiature radiologiche, essendo una apparecchiatura digitale con detettore dotato di wi-fi per la trasmissione delle immagini, con ampia autonomia di movimento e di esecuzione e memorizzazione delle radiografie.<\/p>\n<p><a href=\"http:\/\/imagazinevideotruck.it\/outlet\/relink.html\" target=\"_top\" rel=\"noopener\"><img loading=\"lazy\" decoding=\"async\" align=\"LEFT\" height=\"250\" src=\"http:\/\/imagazinevideotruck.it\/outlet\/outlet30.gif\" width=\"300\" alt=\"\" title=\"\"><\/a><\/p>\n<p>\u00a0<\/p>\n<p>\u00a0<\/p>\n<p>\u00a0<\/p>\n<p>\u00a0<\/p>\n<p>\u00a0<\/p>\n<p>\u00a0<\/p>\n<p>\u00a0<\/p>\n<p>\u00a0<\/p>\n<p>\u00a0<\/p>\n<p>\u201cQueste acquisizioni rappresentano un primo importante passo per l\u2019ammodernamento tecnologico della radiologia degli ospedali di Monfalcone e di Gorizia. Uno step necessario per consentire ai pazienti dell\u2019Isontino di poter usufruire di tecniche sempre pi\u00f9 all\u2019avanguardia affidandosi alle strutture sanitarie del proprio territorio\u201d, dichiara il vicepresidente della Regione FVG, <strong>Riccardo Riccardi<\/strong>.<\/p>\n","protected":false},"excerpt":{"rendered":"<p>Lo comunica l&#8217;azienda sanitaria<\/p>\n","protected":false},"author":28,"featured_media":33527,"comment_status":"closed","ping_status":"closed","sticky":false,"template":"","format":"standard","meta":{"dwc-title":[],"dwc-content":[],"footnotes":""},"categories":[5],"tags":[],"class_list":["post-33526","post","type-post","status-publish","format-standard","has-post-thumbnail","hentry","category-attualita"],"rttpg_featured_image_url":{"full":["https:\/\/imagazine.it\/wp-content\/uploads\/2024\/01\/34188-1.webp",750,494,false],"landscape":["https:\/\/imagazine.it\/wp-content\/uploads\/2024\/01\/34188-1.webp",750,494,false],"portraits":["https:\/\/imagazine.it\/wp-content\/uploads\/2024\/01\/34188-1.webp",750,494,false],"thumbnail":["https:\/\/imagazine.it\/wp-content\/uploads\/2024\/01\/34188-1-150x150.webp",150,150,true],"medium":["https:\/\/imagazine.it\/wp-content\/uploads\/2024\/01\/34188-1-300x198.webp",300,198,true],"large":["https:\/\/imagazine.it\/wp-content\/uploads\/2024\/01\/34188-1.webp",640,422,false],"thumblist":["https:\/\/imagazine.it\/wp-content\/uploads\/2024\/01\/34188-1.webp",300,198,false],"thumbrelated":["https:\/\/imagazine.it\/wp-content\/uploads\/2024\/01\/34188-1.webp",500,329,false],"meccarouselthumb":["https:\/\/imagazine.it\/wp-content\/uploads\/2024\/01\/34188-1.webp",474,312,false],"gridsquare":["https:\/\/imagazine.it\/wp-content\/uploads\/2024\/01\/34188-1.webp",391,258,false],"tileview":["https:\/\/imagazine.it\/wp-content\/uploads\/2024\/01\/34188-1.webp",300,198,false],"1536x1536":["https:\/\/imagazine.it\/wp-content\/uploads\/2024\/01\/34188-1.webp",750,494,false],"2048x2048":["https:\/\/imagazine.it\/wp-content\/uploads\/2024\/01\/34188-1.webp",750,494,false],"newsup-slider-full":["https:\/\/imagazine.it\/wp-content\/uploads\/2024\/01\/34188-1.webp",750,494,false],"newsup-featured":["https:\/\/imagazine.it\/wp-content\/uploads\/2024\/01\/34188-1.webp",750,494,false],"newsup-medium":["https:\/\/imagazine.it\/wp-content\/uploads\/2024\/01\/34188-1-720x380.webp",720,380,true],"tptn_thumbnail":["https:\/\/imagazine.it\/wp-content\/uploads\/2024\/01\/34188-1.webp",250,165,false],"sow-carousel-default":["https:\/\/imagazine.it\/wp-content\/uploads\/2024\/01\/34188-1-272x182.webp",272,182,true]},"rttpg_author":{"display_name":"redazione","author_link":"https:\/\/imagazine.it\/home_desk\/author\/redazione\/"},"rttpg_comment":0,"rttpg_category":"<a href=\"https:\/\/imagazine.it\/home_desk\/category\/attualita\/\" rel=\"category tag\">ATTUALIT\u00c0<\/a>","rttpg_excerpt":"Lo comunica l'azienda sanitaria","_links":{"self":[{"href":"https:\/\/imagazine.it\/home_desk\/wp-json\/wp\/v2\/posts\/33526","targetHints":{"allow":["GET"]}}],"collection":[{"href":"https:\/\/imagazine.it\/home_desk\/wp-json\/wp\/v2\/posts"}],"about":[{"href":"https:\/\/imagazine.it\/home_desk\/wp-json\/wp\/v2\/types\/post"}],"author":[{"embeddable":true,"href":"https:\/\/imagazine.it\/home_desk\/wp-json\/wp\/v2\/users\/28"}],"replies":[{"embeddable":true,"href":"https:\/\/imagazine.it\/home_desk\/wp-json\/wp\/v2\/comments?post=33526"}],"version-history":[{"count":0,"href":"https:\/\/imagazine.it\/home_desk\/wp-json\/wp\/v2\/posts\/33526\/revisions"}],"wp:featuredmedia":[{"embeddable":true,"href":"https:\/\/imagazine.it\/home_desk\/wp-json\/wp\/v2\/media\/33527"}],"wp:attachment":[{"href":"https:\/\/imagazine.it\/home_desk\/wp-json\/wp\/v2\/media?parent=33526"}],"wp:term":[{"taxonomy":"category","embeddable":true,"href":"https:\/\/imagazine.it\/home_desk\/wp-json\/wp\/v2\/categories?post=33526"},{"taxonomy":"post_tag","embeddable":true,"href":"https:\/\/imagazine.it\/home_desk\/wp-json\/wp\/v2\/tags?post=33526"}],"curies":[{"name":"wp","href":"https:\/\/api.w.org\/{rel}","templated":true}]}}