{"id":33520,"date":"2020-05-21T00:00:00","date_gmt":"2020-05-20T23:00:00","guid":{"rendered":"https:\/\/imagazine.it\/?p=33520"},"modified":"2020-05-21T00:00:00","modified_gmt":"2020-05-20T23:00:00","slug":"un-cartone-in-friulano-per-insegnare-ai-bambini-a-lavarsi-le-mani","status":"publish","type":"post","link":"https:\/\/imagazine.it\/home_desk\/un-cartone-in-friulano-per-insegnare-ai-bambini-a-lavarsi-le-mani\/","title":{"rendered":"Un cartone in friulano per insegnare ai bambini a lavarsi le mani"},"content":{"rendered":"<p>Prende avvio al ritmo della filastrocca friulana <em>Ursule parussule<\/em> <u><a href=\"https:\/\/www.youtube.com\/watch?v=eAKw1OFup0M\" target=\"_blank\" rel=\"noopener\">il nuovo cartone animato (clicca per guardare il video)<\/a><\/u> realizzato dall\u2019ARLeF &#8211; Agenzia Regionale per la Lingua Friulana &#8211; per insegnare ai bambini alcune fondamentali regole di igiene.<\/p>\n<p>Protagonisti sono Free e Ulli: una grossa rana e una piccola mosca, personaggi che i bambini hanno imparato ad amare attraverso la trasmissione televisiva <em>Maman!<\/em>.<\/p>\n<p>Nella storia <em>Free&#038;Ulli e lis besteatis<\/em>, i due simpatici personaggi si lavano ben bene le mani: ai bambini baster\u00e0 imitare il loro esempio per imparare a farlo nel modo giusto e per un tempo adeguato.<\/p>\n<p>Free &#038; Ulli nascono dalla fantasia dell\u2019illustratrice <strong>Patrizia Geremia<\/strong> e animano le vicende della collana di libri edita da Futura Edizioni, a cui ARLeF ha affidato anche la creativit\u00e0 di questa storia \u201cspeciale\u201d. Le voci prestate ai personaggi sono quelle di due attori friulani, <strong>Claudio Moretti<\/strong> ed <strong>Elvio Scruzzi<\/strong>, mentre la voce narrante \u00e8 di <strong>Daria Miani<\/strong>, compagna di giochi e di avventure dei pi\u00f9 piccoli, nella trasmissione tv dove Free&#038;Ulli sono appunto di casa.<\/p>\n<p>\u00abIl progetto \u2013 spiega il presidente dell\u2019ARLeF, <strong>Eros Cisilino<\/strong> \u2013 \u00e8 nato dalla collaborazione con la Protezione civile regionale, inizialmente come scheda a fumetti. Ma certi della simpatia e soprattutto dell\u2019empatia che i due personaggi avrebbero suscitato tra i pi\u00f9 piccoli, abbiamo subito avviato anche la realizzazione del cartone animato. \u00c8 senza dubbio uno strumento ancora pi\u00f9 efficace nell\u2019incoraggiare i bambini ad assimilare molte abitudini corrette. Ora lo mettiamo a disposizione di tutti i comuni del territorio friulano che vorranno condividerlo sulle proprie piattaforme di comunicazione. Il nostro intento \u00e8 quello di affiancarci ai genitori, ai nonni e agli insegnanti impegnati nel fondamentale percorso di educazione alla salute dei pi\u00f9 piccoli. Usare la <em>marilenghe<\/em> rende il messaggio diretto, ma soprattutto stimola quell\u2019apprendimento plurilingue che, come attestano gli studi scientifici, porta con s\u00e9 enormi vantaggi, tra cui un maggior sviluppo cognitivo e una migliore adattabilit\u00e0 ai cambiamenti\u00bb.<\/p>\n<p>\u00a0<\/p>\n<p><a href=\"http:\/\/imagazinevideotruck.it\/outlet\/relink.html\" target=\"_top\" rel=\"noopener\"><img loading=\"lazy\" decoding=\"async\" align=\"LEFT\" height=\"250\" src=\"http:\/\/imagazinevideotruck.it\/outlet\/outlet30.gif\" width=\"300\" alt=\"\" title=\"\"><\/a><\/p>\n<p>\u00a0<\/p>\n","protected":false},"excerpt":{"rendered":"<p>Guarda il video<\/p>\n","protected":false},"author":28,"featured_media":33521,"comment_status":"closed","ping_status":"closed","sticky":false,"template":"","format":"standard","meta":{"dwc-title":[],"dwc-content":[],"footnotes":""},"categories":[37],"tags":[],"class_list":["post-33520","post","type-post","status-publish","format-standard","has-post-thumbnail","hentry","category-cultura-e-spettacolo"],"rttpg_featured_image_url":{"full":["https:\/\/imagazine.it\/wp-content\/uploads\/2024\/01\/34182-1.webp",750,423,false],"landscape":["https:\/\/imagazine.it\/wp-content\/uploads\/2024\/01\/34182-1.webp",750,423,false],"portraits":["https:\/\/imagazine.it\/wp-content\/uploads\/2024\/01\/34182-1.webp",750,423,false],"thumbnail":["https:\/\/imagazine.it\/wp-content\/uploads\/2024\/01\/34182-1-150x150.webp",150,150,true],"medium":["https:\/\/imagazine.it\/wp-content\/uploads\/2024\/01\/34182-1-300x169.webp",300,169,true],"large":["https:\/\/imagazine.it\/wp-content\/uploads\/2024\/01\/34182-1.webp",640,361,false],"thumblist":["https:\/\/imagazine.it\/wp-content\/uploads\/2024\/01\/34182-1.webp",300,169,false],"thumbrelated":["https:\/\/imagazine.it\/wp-content\/uploads\/2024\/01\/34182-1.webp",500,282,false],"meccarouselthumb":["https:\/\/imagazine.it\/wp-content\/uploads\/2024\/01\/34182-1.webp",474,267,false],"gridsquare":["https:\/\/imagazine.it\/wp-content\/uploads\/2024\/01\/34182-1.webp",391,221,false],"tileview":["https:\/\/imagazine.it\/wp-content\/uploads\/2024\/01\/34182-1.webp",300,169,false],"1536x1536":["https:\/\/imagazine.it\/wp-content\/uploads\/2024\/01\/34182-1.webp",750,423,false],"2048x2048":["https:\/\/imagazine.it\/wp-content\/uploads\/2024\/01\/34182-1.webp",750,423,false],"newsup-slider-full":["https:\/\/imagazine.it\/wp-content\/uploads\/2024\/01\/34182-1.webp",750,423,false],"newsup-featured":["https:\/\/imagazine.it\/wp-content\/uploads\/2024\/01\/34182-1.webp",750,423,false],"newsup-medium":["https:\/\/imagazine.it\/wp-content\/uploads\/2024\/01\/34182-1-720x380.webp",720,380,true],"tptn_thumbnail":["https:\/\/imagazine.it\/wp-content\/uploads\/2024\/01\/34182-1.webp",250,141,false],"sow-carousel-default":["https:\/\/imagazine.it\/wp-content\/uploads\/2024\/01\/34182-1-272x182.webp",272,182,true]},"rttpg_author":{"display_name":"redazione","author_link":"https:\/\/imagazine.it\/home_desk\/author\/redazione\/"},"rttpg_comment":0,"rttpg_category":"<a href=\"https:\/\/imagazine.it\/home_desk\/category\/cultura-e-spettacolo\/\" rel=\"category tag\">CULTURA&amp;SPETTACOLO<\/a>","rttpg_excerpt":"Guarda il video","_links":{"self":[{"href":"https:\/\/imagazine.it\/home_desk\/wp-json\/wp\/v2\/posts\/33520","targetHints":{"allow":["GET"]}}],"collection":[{"href":"https:\/\/imagazine.it\/home_desk\/wp-json\/wp\/v2\/posts"}],"about":[{"href":"https:\/\/imagazine.it\/home_desk\/wp-json\/wp\/v2\/types\/post"}],"author":[{"embeddable":true,"href":"https:\/\/imagazine.it\/home_desk\/wp-json\/wp\/v2\/users\/28"}],"replies":[{"embeddable":true,"href":"https:\/\/imagazine.it\/home_desk\/wp-json\/wp\/v2\/comments?post=33520"}],"version-history":[{"count":0,"href":"https:\/\/imagazine.it\/home_desk\/wp-json\/wp\/v2\/posts\/33520\/revisions"}],"wp:featuredmedia":[{"embeddable":true,"href":"https:\/\/imagazine.it\/home_desk\/wp-json\/wp\/v2\/media\/33521"}],"wp:attachment":[{"href":"https:\/\/imagazine.it\/home_desk\/wp-json\/wp\/v2\/media?parent=33520"}],"wp:term":[{"taxonomy":"category","embeddable":true,"href":"https:\/\/imagazine.it\/home_desk\/wp-json\/wp\/v2\/categories?post=33520"},{"taxonomy":"post_tag","embeddable":true,"href":"https:\/\/imagazine.it\/home_desk\/wp-json\/wp\/v2\/tags?post=33520"}],"curies":[{"name":"wp","href":"https:\/\/api.w.org\/{rel}","templated":true}]}}