{"id":33518,"date":"2020-05-21T00:00:00","date_gmt":"2020-05-20T23:00:00","guid":{"rendered":"https:\/\/imagazine.it\/?p=33518"},"modified":"2020-05-21T00:00:00","modified_gmt":"2020-05-20T23:00:00","slug":"il-cammino-celeste-diventa-virtuale","status":"publish","type":"post","link":"https:\/\/imagazine.it\/home_desk\/il-cammino-celeste-diventa-virtuale\/","title":{"rendered":"Il Cammino Celeste diventa virtuale"},"content":{"rendered":"<p>Tra le iniziative l&#39;Associazione Settembre inVita di Monfalcone aveva organizzato per il 2020 c\u2019era anche il &#8220;<strong>Cammino Celeste<\/strong>&#8220;: una camminata di 212 km con partenza dall&#39;<strong>isola di Barbana<\/strong> a Grado e arrivo sul <strong>Monte Lussari<\/strong>,<strong> a Tarvisio<\/strong>.<\/p>\n<p>I corridori dell&#39;associazione avevano gi\u00e0 preparato un messaggio di solidariet\u00e0 da portare con s\u00e9 per sensibilizzare la popolazione sulla raccolta di fondi in favore della Pediatria d&#39;emergenza dell&#39;ospedale <strong>Santa Maria Misericordia di Udine<\/strong>. Progetto per il quale avevano anche ricevuto il sostegno dei Comuni attraversati.<\/p>\n<p>Numerose persone avevano dato la propria adesione ma il Coronavirus ha costretto a posticipare il tutto a data da destinarsi.<\/p>\n<p>Tuttavia i corridori di Settembre inVita non si sono dati per vinti, puntando sul mondo virtuale. Ognuno, in solitaria, ha deciso di intraprendere comunque una camminata o una corsa, un&#39;attivit\u00e0 motoria e sportiva, per compiere simbolicamente il Cammino Celeste: vicino a casa, ma totalizzando gli chilometri che avrebbero dovuto percorrere.<\/p>\n<p>Cos\u00ec <strong>Roberto Tomat<\/strong> che \u00e8 andato da Grado ad Corm\u00f2ns (43 chilometri), <strong>Mario Lazzari e Astrid Faganel<\/strong> sono partiti da Aiello del Friuli sempre alla volta di Corm\u00f2ns (24 chilometri), <strong>Stefano Ambrosini e Nicola Michelini<\/strong> hanno percorso l&#39;Ippovia del Corm\u00f4r per 30 chilometri, un percorso naturalistico che si snoda nella Valle del torrente Corm\u00f4r in un territorio ricco di vegetazione spontanea che attraversa molti comuni del Friuli centrale. <u><a href=\"http:\/\/www.imagazine.it\/notizie-trieste-gorizia-udine-friuli\/7344\" target=\"_blank\" rel=\"noopener\"><strong>Alessandro Bonini, Luca Egarese<\/strong> (partecipanti all\u2019ultima Maratone di New York)<\/a><\/u> e <strong>Mauro Novacchi<\/strong> hanno percorso per le strade della Bisiacaria (Lido di Stranzano, Alberoni, Marina Nova e Julia) oltre 60 chilometri, mentre <strong>Dennis Pieri<\/strong> ha corso sulle colline del Carso per 15 chilometri e il presidente di Settembre InVita <strong>Giancarlo Zanier<\/strong> ha percorso 11 chilometri nelle zone del cividalese.<\/p>\n<p>Mario Lazzari Astrid Faganel e Nicola Michelini hanno infine percorso l&#39;ultimo tratto del Cammino Celeste da Valbruna al Monte Lussari con 12 chilometri in salita (su 23 totali).<\/p>\n<p><a href=\"http:\/\/imagazinevideotruck.it\/outlet\/relink.html\" target=\"_top\" rel=\"noopener\"><img loading=\"lazy\" decoding=\"async\" align=\"LEFT\" height=\"250\" src=\"http:\/\/imagazinevideotruck.it\/outlet\/outlet30.gif\" width=\"300\" alt=\"\" title=\"\"><\/a><\/p>\n<p>\u00a0<\/p>\n<p>\u00a0<\/p>\n<p>\u00a0<\/p>\n<p>\u00a0<\/p>\n<p>\u00a0<\/p>\n<p>\u00a0<\/p>\n<p>\u00a0<\/p>\n<p>\u00a0<\/p>\n<p>\u00a0<\/p>\n<p>Al termine il percorso virtuale \u00e8 sensibilmente aumentato rispetto ai 212 chilometri originari, ma l\u2019obiettivo \u00e8 stato comunque raggiunto.<\/p>\n<p>In attesa che le condizioni di sicurezza post Covid-19 consentano ai \u201cragazzi\u201d di Settembre InVita di percorrere insieme il Camino Celeste \u201creale\u201d.<\/p>\n","protected":false},"excerpt":{"rendered":"<p>Iniziativa dell&#8217;Associazione Settembre inVita<\/p>\n","protected":false},"author":22,"featured_media":33519,"comment_status":"closed","ping_status":"closed","sticky":false,"template":"","format":"standard","meta":{"dwc-title":[],"dwc-content":[],"footnotes":""},"categories":[38],"tags":[],"class_list":["post-33518","post","type-post","status-publish","format-standard","has-post-thumbnail","hentry","category-sport"],"rttpg_featured_image_url":{"full":["https:\/\/imagazine.it\/wp-content\/uploads\/2024\/01\/34181-1.webp",750,560,false],"landscape":["https:\/\/imagazine.it\/wp-content\/uploads\/2024\/01\/34181-1.webp",750,560,false],"portraits":["https:\/\/imagazine.it\/wp-content\/uploads\/2024\/01\/34181-1.webp",750,560,false],"thumbnail":["https:\/\/imagazine.it\/wp-content\/uploads\/2024\/01\/34181-1-150x150.webp",150,150,true],"medium":["https:\/\/imagazine.it\/wp-content\/uploads\/2024\/01\/34181-1-300x224.webp",300,224,true],"large":["https:\/\/imagazine.it\/wp-content\/uploads\/2024\/01\/34181-1.webp",640,478,false],"thumblist":["https:\/\/imagazine.it\/wp-content\/uploads\/2024\/01\/34181-1.webp",300,224,false],"thumbrelated":["https:\/\/imagazine.it\/wp-content\/uploads\/2024\/01\/34181-1.webp",500,373,false],"meccarouselthumb":["https:\/\/imagazine.it\/wp-content\/uploads\/2024\/01\/34181-1.webp",434,324,false],"gridsquare":["https:\/\/imagazine.it\/wp-content\/uploads\/2024\/01\/34181-1.webp",348,260,false],"tileview":["https:\/\/imagazine.it\/wp-content\/uploads\/2024\/01\/34181-1.webp",300,224,false],"1536x1536":["https:\/\/imagazine.it\/wp-content\/uploads\/2024\/01\/34181-1.webp",750,560,false],"2048x2048":["https:\/\/imagazine.it\/wp-content\/uploads\/2024\/01\/34181-1.webp",750,560,false],"newsup-slider-full":["https:\/\/imagazine.it\/wp-content\/uploads\/2024\/01\/34181-1.webp",750,560,false],"newsup-featured":["https:\/\/imagazine.it\/wp-content\/uploads\/2024\/01\/34181-1.webp",750,560,false],"newsup-medium":["https:\/\/imagazine.it\/wp-content\/uploads\/2024\/01\/34181-1-720x380.webp",720,380,true],"tptn_thumbnail":["https:\/\/imagazine.it\/wp-content\/uploads\/2024\/01\/34181-1.webp",250,187,false],"sow-carousel-default":["https:\/\/imagazine.it\/wp-content\/uploads\/2024\/01\/34181-1-272x182.webp",272,182,true]},"rttpg_author":{"display_name":"Livio Nonis","author_link":"https:\/\/imagazine.it\/home_desk\/author\/nonis\/"},"rttpg_comment":0,"rttpg_category":"<a href=\"https:\/\/imagazine.it\/home_desk\/category\/sport\/\" rel=\"category tag\">SPORT<\/a>","rttpg_excerpt":"Iniziativa dell'Associazione Settembre inVita","_links":{"self":[{"href":"https:\/\/imagazine.it\/home_desk\/wp-json\/wp\/v2\/posts\/33518","targetHints":{"allow":["GET"]}}],"collection":[{"href":"https:\/\/imagazine.it\/home_desk\/wp-json\/wp\/v2\/posts"}],"about":[{"href":"https:\/\/imagazine.it\/home_desk\/wp-json\/wp\/v2\/types\/post"}],"author":[{"embeddable":true,"href":"https:\/\/imagazine.it\/home_desk\/wp-json\/wp\/v2\/users\/22"}],"replies":[{"embeddable":true,"href":"https:\/\/imagazine.it\/home_desk\/wp-json\/wp\/v2\/comments?post=33518"}],"version-history":[{"count":0,"href":"https:\/\/imagazine.it\/home_desk\/wp-json\/wp\/v2\/posts\/33518\/revisions"}],"wp:featuredmedia":[{"embeddable":true,"href":"https:\/\/imagazine.it\/home_desk\/wp-json\/wp\/v2\/media\/33519"}],"wp:attachment":[{"href":"https:\/\/imagazine.it\/home_desk\/wp-json\/wp\/v2\/media?parent=33518"}],"wp:term":[{"taxonomy":"category","embeddable":true,"href":"https:\/\/imagazine.it\/home_desk\/wp-json\/wp\/v2\/categories?post=33518"},{"taxonomy":"post_tag","embeddable":true,"href":"https:\/\/imagazine.it\/home_desk\/wp-json\/wp\/v2\/tags?post=33518"}],"curies":[{"name":"wp","href":"https:\/\/api.w.org\/{rel}","templated":true}]}}