{"id":33514,"date":"2020-05-21T00:00:00","date_gmt":"2020-05-20T23:00:00","guid":{"rendered":"https:\/\/imagazine.it\/?p=33514"},"modified":"2020-05-21T00:00:00","modified_gmt":"2020-05-20T23:00:00","slug":"cervignano-la-pro-loco-impegnata-nella-solidarieta","status":"publish","type":"post","link":"https:\/\/imagazine.it\/home_desk\/cervignano-la-pro-loco-impegnata-nella-solidarieta\/","title":{"rendered":"Cervignano, la Pro Loco impegnata nella solidariet\u00e0"},"content":{"rendered":"<p>Lo stop alle manifestazioni imposto dall\u2019emergenza Coronavirus non ha frenato l\u2019attivit\u00e0 della <strong>Pro Loco di Cervignano del Friuli<\/strong>, che si \u00e8 subito messa all\u2019opera per poter fornire aiuto alla comunit\u00e0.<\/p>\n<p>\u201cNon siamo nuovi a questo tipo di aiuti \u2013 spiega la presidente <strong>Elisabetta Nicola<\/strong> \u2013: durante le nostre manifestazioni cerchiamo di contribuire in qualche modo a chi pi\u00f9 \u00e8 in difficolt\u00e0. Non ultima \u00e8 stata la donazione a Rebecca Azzini, giovane ragazza friulana di\u00a0 27 anni che dall\u2019et\u00e0 di 19 si trova a dover affrontare situazioni mediche che tendono a peggiorare a causa di una malattia degenerativa che l\u2019ha portata in poco tempo sulla sedia a rotelle. Rebecca \u00e8 una ragazza solare, sportiva, combattente, appassionata di motori; grazie all\u2019associazione Amici di Federico abbiamo potuto donarle 1.700 euro per far fronte alle costosissime cure mediche\u201d. I soldi sono stati raccolti sia durante l\u2019ultima edizione del Cervignano Motor Festival \u2013 grazie al contributo dell\u2019organizzazione e dei piloti \u2013 sia durante la Festa di Sant\u2019Elisabetta a Romans d\u2019Isonzo, grazie alla locale Pro Loco, alla Fidas Isontina e al Team Kensei.<\/p>\n<p>Nelle ultime settimane la Pro Loco cervignanese ha sposato <u><a href=\"http:\/\/www.imagazine.it\/notizie-trieste-gorizia-udine-friuli\/7914\" target=\"_blank\" rel=\"noopener\">un progetto non commerciabile, provato e realizzato da <strong>Marco De Santis<\/strong>, volontario del Gruppo comunale di Protezione Civile di Palmanova<\/a><\/u>: elaborazione e costruzione di visiere con archetto tramite tecnologia di stampa 3D.<\/p>\n<p>\u201cIn questo momento di emergenza sanitaria \u2013 sottolinea Elisabetta Nicola \u2013 abbiamo voluto pensare anche ai commercianti \/ artigiani impegnati nella ripartenza, tutti soggetti a rischio di contagio incontrando molte pi\u00f9 persone. Grazie a Marco e a Christian Tolloi, giovane studente universitario offertosi volontariamente per il progetto, abbiamo realizzato a oggi un centinaio di visiere che stiamo distribuendo gratuitamente. La produzione continuer\u00e0 finch\u00e9 ce ne sar\u00e0 bisogno\u201d.<\/p>\n<p>La Pro Loco ha inoltre avuto l\u2019occasione di acquistare 4.000 mascherine chirurgiche certificate omologate, che sono state consegnate a medici, carabinieri e commercianti. Il tutto \u00e8 stato finanziato con fondi economici gi\u00e0 a disposizione della Pro loco accumulati negli anni.<\/p>\n<p><a href=\"http:\/\/imagazinevideotruck.it\/outlet\/relink.html\" target=\"_top\" rel=\"noopener\"><img loading=\"lazy\" decoding=\"async\" align=\"LEFT\" height=\"250\" src=\"http:\/\/imagazinevideotruck.it\/outlet\/outlet30.gif\" width=\"300\" alt=\"\" title=\"\"><\/a><\/p>\n<p>\u00a0<\/p>\n<p>\u00a0<\/p>\n<p>\u00a0<\/p>\n<p>\u00a0<\/p>\n<p>\u00a0<\/p>\n<p>\u00a0<\/p>\n<p>\u00a0<\/p>\n<p>\u00a0<\/p>\n<p>\u00a0<\/p>\n<p>\u201cNell\u2019attesa che questo periodo faticoso e preoccupante passi in fretta, consci che non si torner\u00e0 alla vita normale immediatamente, siamo consapevoli anche \u2013 conclude la presidente \u2013 che quando ci rivedremo e potremo stare insieme ridendo e scherzando, sar\u00e0 una favola, sar\u00e0 magico e meraviglioso\u201d.<\/p>\n","protected":false},"excerpt":{"rendered":"<p>In prima linea per aiutare anche i commercianti cittadini<\/p>\n","protected":false},"author":28,"featured_media":33515,"comment_status":"closed","ping_status":"closed","sticky":false,"template":"","format":"standard","meta":{"dwc-title":[],"dwc-content":[],"footnotes":""},"categories":[5],"tags":[],"class_list":["post-33514","post","type-post","status-publish","format-standard","has-post-thumbnail","hentry","category-attualita"],"rttpg_featured_image_url":{"full":["https:\/\/imagazine.it\/wp-content\/uploads\/2024\/01\/34170-1.webp",750,558,false],"landscape":["https:\/\/imagazine.it\/wp-content\/uploads\/2024\/01\/34170-1.webp",750,558,false],"portraits":["https:\/\/imagazine.it\/wp-content\/uploads\/2024\/01\/34170-1.webp",750,558,false],"thumbnail":["https:\/\/imagazine.it\/wp-content\/uploads\/2024\/01\/34170-1-150x150.webp",150,150,true],"medium":["https:\/\/imagazine.it\/wp-content\/uploads\/2024\/01\/34170-1-300x223.webp",300,223,true],"large":["https:\/\/imagazine.it\/wp-content\/uploads\/2024\/01\/34170-1.webp",640,476,false],"thumblist":["https:\/\/imagazine.it\/wp-content\/uploads\/2024\/01\/34170-1.webp",300,223,false],"thumbrelated":["https:\/\/imagazine.it\/wp-content\/uploads\/2024\/01\/34170-1.webp",500,372,false],"meccarouselthumb":["https:\/\/imagazine.it\/wp-content\/uploads\/2024\/01\/34170-1.webp",435,324,false],"gridsquare":["https:\/\/imagazine.it\/wp-content\/uploads\/2024\/01\/34170-1.webp",349,260,false],"tileview":["https:\/\/imagazine.it\/wp-content\/uploads\/2024\/01\/34170-1.webp",300,223,false],"1536x1536":["https:\/\/imagazine.it\/wp-content\/uploads\/2024\/01\/34170-1.webp",750,558,false],"2048x2048":["https:\/\/imagazine.it\/wp-content\/uploads\/2024\/01\/34170-1.webp",750,558,false],"newsup-slider-full":["https:\/\/imagazine.it\/wp-content\/uploads\/2024\/01\/34170-1.webp",750,558,false],"newsup-featured":["https:\/\/imagazine.it\/wp-content\/uploads\/2024\/01\/34170-1.webp",750,558,false],"newsup-medium":["https:\/\/imagazine.it\/wp-content\/uploads\/2024\/01\/34170-1-720x380.webp",720,380,true],"tptn_thumbnail":["https:\/\/imagazine.it\/wp-content\/uploads\/2024\/01\/34170-1.webp",250,186,false],"sow-carousel-default":["https:\/\/imagazine.it\/wp-content\/uploads\/2024\/01\/34170-1-272x182.webp",272,182,true]},"rttpg_author":{"display_name":"redazione","author_link":"https:\/\/imagazine.it\/home_desk\/author\/redazione\/"},"rttpg_comment":0,"rttpg_category":"<a href=\"https:\/\/imagazine.it\/home_desk\/category\/attualita\/\" rel=\"category tag\">ATTUALIT\u00c0<\/a>","rttpg_excerpt":"In prima linea per aiutare anche i commercianti cittadini","_links":{"self":[{"href":"https:\/\/imagazine.it\/home_desk\/wp-json\/wp\/v2\/posts\/33514","targetHints":{"allow":["GET"]}}],"collection":[{"href":"https:\/\/imagazine.it\/home_desk\/wp-json\/wp\/v2\/posts"}],"about":[{"href":"https:\/\/imagazine.it\/home_desk\/wp-json\/wp\/v2\/types\/post"}],"author":[{"embeddable":true,"href":"https:\/\/imagazine.it\/home_desk\/wp-json\/wp\/v2\/users\/28"}],"replies":[{"embeddable":true,"href":"https:\/\/imagazine.it\/home_desk\/wp-json\/wp\/v2\/comments?post=33514"}],"version-history":[{"count":0,"href":"https:\/\/imagazine.it\/home_desk\/wp-json\/wp\/v2\/posts\/33514\/revisions"}],"wp:featuredmedia":[{"embeddable":true,"href":"https:\/\/imagazine.it\/home_desk\/wp-json\/wp\/v2\/media\/33515"}],"wp:attachment":[{"href":"https:\/\/imagazine.it\/home_desk\/wp-json\/wp\/v2\/media?parent=33514"}],"wp:term":[{"taxonomy":"category","embeddable":true,"href":"https:\/\/imagazine.it\/home_desk\/wp-json\/wp\/v2\/categories?post=33514"},{"taxonomy":"post_tag","embeddable":true,"href":"https:\/\/imagazine.it\/home_desk\/wp-json\/wp\/v2\/tags?post=33514"}],"curies":[{"name":"wp","href":"https:\/\/api.w.org\/{rel}","templated":true}]}}