{"id":33510,"date":"2020-05-20T00:00:00","date_gmt":"2020-05-19T23:00:00","guid":{"rendered":"https:\/\/imagazine.it\/?p=33510"},"modified":"2020-05-20T00:00:00","modified_gmt":"2020-05-19T23:00:00","slug":"volotea-lancia-tre-rotte-esclusive-da-trieste-airport","status":"publish","type":"post","link":"https:\/\/imagazine.it\/home_desk\/volotea-lancia-tre-rotte-esclusive-da-trieste-airport\/","title":{"rendered":"Volotea lancia tre rotte esclusive da Trieste Airport"},"content":{"rendered":"<p>Volotea, la compagnia aerea low-cost che collega tra loro citt\u00e0 di medie e piccole dimensioni e capitali europee, ha annunciato oggi l\u2019avvio di tre nuovi collegamenti esclusivi in partenza da Trieste Airport per l\u2019estate 2020 alla volta di <strong>Palermo, Lamezia Terme e Olbia<\/strong>.<\/p>\n<p>Inoltre, nei prossimi giorni, saranno messi in vendita i collegamenti con Napoli anche per i mesi di luglio e agosto.<\/p>\n<p>Tutte le rotte, che prevedono ognuna 2 frequenze settimanali, sono gi\u00e0 disponibili sul sito <u><a href=\"http:\/\/www.volotea.com\/\" target=\"_blank\" rel=\"noopener\">www.volotea.com<\/a><\/u> e presso le agenzie di viaggio. Infine, la compagnia ha confermato per il 16 giugno la ripresa dei suoi voli, con il ripristino del servizio Airbus shuttle che collegher\u00e0 Tolosa e Amburgo.<\/p>\n<p>I nuovi collegamenti rientrano in un progetto pi\u00f9 ampio, che vede la compagnia impegnata nell\u2019ampliare il suo network 2020 con l\u2019avvio di 40 nuove rotte nazionali in Italia, Francia, Spagna e Grecia, 15 delle quali esclusive.<\/p>\n<p><a href=\"http:\/\/imagazinevideotruck.it\/outlet\/relink.html\" target=\"_top\" rel=\"noopener\"><img loading=\"lazy\" decoding=\"async\" align=\"LEFT\" height=\"250\" src=\"http:\/\/imagazinevideotruck.it\/outlet\/outlet30.gif\" width=\"300\" alt=\"\" title=\"\"><\/a><\/p>\n<p>\u00a0<\/p>\n<p>\u00a0<\/p>\n<p>\u00a0<\/p>\n<p>\u00a0<\/p>\n<p>\u00a0<\/p>\n<p>\u00a0<\/p>\n<p>\u00a0<\/p>\n<p>\u00a0<\/p>\n<p>\u00a0<\/p>\n<p>In questi Paesi, inoltre, la compagnia punta a intensificare i collegamenti tra le isole e la terraferma, offrendo ai suoi passeggeri la possibilit\u00e0 di raggiungere ancora pi\u00f9 comodamente alcune tra le pi\u00f9 accattivanti mete vacanziere.<\/p>\n<p><em>\u201cVogliamo continuare a offrire ai nostri passeggeri ci\u00f2 che sappiamo fare meglio, agevolando gli spostamenti tra citt\u00e0 di medie e piccole dimensioni con grande flessibilit\u00e0 e nella massima sicurezza. Siamo orgogliosi di lanciare queste nuove rotte che, in questa fase di ripartenza del comparto turistico e di tutto il Paese, oltre a offrire nuove opportunit\u00e0 di viaggio, rappresentano un messaggio positivo e di speranza. Volotea continua a investire in Italia, supportando il tessuto economico locale. Infine, stiamo valutando la possibilit\u00e0 di incrementare le frequenze su alcune delle nostre rotte domestiche, per permettere viaggi ancora pi\u00f9 comodi ai nostri passeggeri\u201d, <\/em>ha commentato<strong> Valeria Rebasti<\/strong>, Commercial Country Manager Italy &#038; Southeastern Europe di Volotea.<\/p>\n<p><em>\u201cSiamo particolarmente soddisfatti di annunciare con Volotea queste tre nuove destinazioni da e per Trieste Airport e l\u2019estensione del volo su Napoli per i mesi di luglio e agosto, in un momento cos\u00ec complesso per il trasporto aereo; questo sviluppo \u00e8 strategico per Trieste Airport, perch\u00e9 consolida il rapporto con Volotea e offre nuove opportunit\u00e0 di viaggio per i passeggeri aventi come origine o destinazione il Friuli Venezia Giulia o le aree geografiche limitrofe\u201d, <\/em>afferma<strong> Marco Consalvo<\/strong>, Amministratore Delegato di Trieste Airport.<\/p>\n","protected":false},"excerpt":{"rendered":"<p>Per l&#8217;estate 2020<\/p>\n","protected":false},"author":28,"featured_media":33511,"comment_status":"closed","ping_status":"closed","sticky":false,"template":"","format":"standard","meta":{"dwc-title":[],"dwc-content":[],"footnotes":""},"categories":[8],"tags":[],"class_list":["post-33510","post","type-post","status-publish","format-standard","has-post-thumbnail","hentry","category-turismo"],"rttpg_featured_image_url":{"full":["https:\/\/imagazine.it\/wp-content\/uploads\/2024\/01\/34167-1.webp",750,500,false],"landscape":["https:\/\/imagazine.it\/wp-content\/uploads\/2024\/01\/34167-1.webp",750,500,false],"portraits":["https:\/\/imagazine.it\/wp-content\/uploads\/2024\/01\/34167-1.webp",750,500,false],"thumbnail":["https:\/\/imagazine.it\/wp-content\/uploads\/2024\/01\/34167-1-150x150.webp",150,150,true],"medium":["https:\/\/imagazine.it\/wp-content\/uploads\/2024\/01\/34167-1-300x200.webp",300,200,true],"large":["https:\/\/imagazine.it\/wp-content\/uploads\/2024\/01\/34167-1.webp",640,427,false],"thumblist":["https:\/\/imagazine.it\/wp-content\/uploads\/2024\/01\/34167-1.webp",300,200,false],"thumbrelated":["https:\/\/imagazine.it\/wp-content\/uploads\/2024\/01\/34167-1.webp",500,333,false],"meccarouselthumb":["https:\/\/imagazine.it\/wp-content\/uploads\/2024\/01\/34167-1.webp",474,316,false],"gridsquare":["https:\/\/imagazine.it\/wp-content\/uploads\/2024\/01\/34167-1.webp",391,260,false],"tileview":["https:\/\/imagazine.it\/wp-content\/uploads\/2024\/01\/34167-1.webp",300,200,false],"1536x1536":["https:\/\/imagazine.it\/wp-content\/uploads\/2024\/01\/34167-1.webp",750,500,false],"2048x2048":["https:\/\/imagazine.it\/wp-content\/uploads\/2024\/01\/34167-1.webp",750,500,false],"newsup-slider-full":["https:\/\/imagazine.it\/wp-content\/uploads\/2024\/01\/34167-1.webp",750,500,false],"newsup-featured":["https:\/\/imagazine.it\/wp-content\/uploads\/2024\/01\/34167-1.webp",750,500,false],"newsup-medium":["https:\/\/imagazine.it\/wp-content\/uploads\/2024\/01\/34167-1-720x380.webp",720,380,true],"tptn_thumbnail":["https:\/\/imagazine.it\/wp-content\/uploads\/2024\/01\/34167-1.webp",250,167,false],"sow-carousel-default":["https:\/\/imagazine.it\/wp-content\/uploads\/2024\/01\/34167-1-272x182.webp",272,182,true]},"rttpg_author":{"display_name":"redazione","author_link":"https:\/\/imagazine.it\/home_desk\/author\/redazione\/"},"rttpg_comment":0,"rttpg_category":"<a href=\"https:\/\/imagazine.it\/home_desk\/category\/turismo\/\" rel=\"category tag\">TURISMO<\/a>","rttpg_excerpt":"Per l'estate 2020","_links":{"self":[{"href":"https:\/\/imagazine.it\/home_desk\/wp-json\/wp\/v2\/posts\/33510","targetHints":{"allow":["GET"]}}],"collection":[{"href":"https:\/\/imagazine.it\/home_desk\/wp-json\/wp\/v2\/posts"}],"about":[{"href":"https:\/\/imagazine.it\/home_desk\/wp-json\/wp\/v2\/types\/post"}],"author":[{"embeddable":true,"href":"https:\/\/imagazine.it\/home_desk\/wp-json\/wp\/v2\/users\/28"}],"replies":[{"embeddable":true,"href":"https:\/\/imagazine.it\/home_desk\/wp-json\/wp\/v2\/comments?post=33510"}],"version-history":[{"count":0,"href":"https:\/\/imagazine.it\/home_desk\/wp-json\/wp\/v2\/posts\/33510\/revisions"}],"wp:featuredmedia":[{"embeddable":true,"href":"https:\/\/imagazine.it\/home_desk\/wp-json\/wp\/v2\/media\/33511"}],"wp:attachment":[{"href":"https:\/\/imagazine.it\/home_desk\/wp-json\/wp\/v2\/media?parent=33510"}],"wp:term":[{"taxonomy":"category","embeddable":true,"href":"https:\/\/imagazine.it\/home_desk\/wp-json\/wp\/v2\/categories?post=33510"},{"taxonomy":"post_tag","embeddable":true,"href":"https:\/\/imagazine.it\/home_desk\/wp-json\/wp\/v2\/tags?post=33510"}],"curies":[{"name":"wp","href":"https:\/\/api.w.org\/{rel}","templated":true}]}}