{"id":33504,"date":"2020-05-20T00:00:00","date_gmt":"2020-05-19T23:00:00","guid":{"rendered":"https:\/\/imagazine.it\/?p=33504"},"modified":"2020-05-20T00:00:00","modified_gmt":"2020-05-19T23:00:00","slug":"cervignano-prove-di-normalita-per-il-mercato-del-giovedi","status":"publish","type":"post","link":"https:\/\/imagazine.it\/home_desk\/cervignano-prove-di-normalita-per-il-mercato-del-giovedi\/","title":{"rendered":"Cervignano, prove di normalit\u00e0 per il mercato del gioved\u00ec"},"content":{"rendered":"<p>Il sindaco di Cervignano, <strong>Gianluigi Savino<\/strong>, ha firmato la nuova ordinanza sull\u2019apertura dei mercati cittadini \u2013 <strong>quello tradizionale del gioved\u00ec mattina<\/strong> e quello dei <strong>prodotti della terra del sabato mattina<\/strong> \u2013 che accoglie le novit\u00e0 previste dalle linee guida nazionali adottate con l\u2019avvio della Fase 2.<\/p>\n<p>Operativa dal 21 maggio al 14 giugno, l\u2019ordinanza prevede che in particolare il mercato del gioved\u00ec sia aperto agli operatori di tutti i settori e che si svolga in conformit\u00e0 alle \u201cLinee guida per la riapertura delle Attivit\u00e0 economiche e produttive\u201d approvate dalla Conferenza delle regioni e delle provincie autonome in data 16 maggio 2020.<\/p>\n<p><a href=\"http:\/\/imagazinevideotruck.it\/outlet\/relink.html\" target=\"_top\" rel=\"noopener\"><img loading=\"lazy\" decoding=\"async\" align=\"LEFT\" height=\"250\" src=\"http:\/\/imagazinevideotruck.it\/outlet\/outlet30.gif\" width=\"300\" alt=\"\" title=\"\"><\/a><\/p>\n<p>\u00a0<\/p>\n<p>\u00a0<\/p>\n<p>\u00a0<\/p>\n<p>\u00a0<\/p>\n<p>\u00a0<\/p>\n<p>\u00a0<\/p>\n<p>\u00a0<\/p>\n<p>\u00a0<\/p>\n<p>\u00a0<\/p>\n<p>L\u2019area mercatale comprende <strong>Piazza Indipendenza, via Mazzini, via Marcuzzi-Montes, via Zorutti e via Sauro<\/strong>. Per motivi di spazio e sicurezza sono esclusi gli \u201cspuntisti\u201d (ovvero operatori non titolari di concessione di posteggio), mentre l\u2019orario di svolgimento del mercato sar\u00e0 <strong>dalle 7.30 alle 13.30<\/strong>, con operazioni di approntamento dei banchi consentite mezz\u2019ora prima dell\u2019apertura, e di sgombero fino a mezz\u2019ora dopo la chiusura.<\/p>\n<p>Saranno tre i varchi di accesso: <strong>via Mazzini<\/strong>, il tratto di piazza Indipendenza che conduce al <strong>piazzale del Porto e via Sauro<\/strong>; tre saranno anche i varchi d\u2019uscita: v<strong>ia Marcuzzi-Montes, via Zorutti e via XI Febbraio<\/strong>. Vicolo delle Semine e vicolo del Forno costituiscono uscite secondarie. La circolazione dei clienti all\u2019interno dell\u2019area mercatale dovr\u00e0 avvenire a senso unico e la rotazione in piazza Indipendenza con verso antiorario. Lungo tutta l\u2019area mercatale sar\u00e0 garantita una corsia di transito delle persone con sezione minima a terra di tre metri e mezzo.<\/p>\n<p><img decoding=\"async\" alt=\"\" src=\"\/ckeditor_assets\/pictures\/843\/content_giovedi_new_ok.jpg\" style=\"width: 600px; height: 422px;\" title=\"\"><\/p>\n<p>La sorveglianza pubblica continuer\u00e0 a essere assicurata da parte di Volontariato civile per garantire il contingentamento delle presenze, il rispetto delle distanze sociali di almeno 1 metro e il controllo dei varchi di accesso e uscita all\u2019area mercatale.<\/p>\n<p>Confermato il divieto di assembramento ai varchi di accesso del mercato con l\u2019adozione di misure organizzative atte a garantire il rispetto della distanza interpersonale mediante la creazione di un\u2019unica fila per coloro che attendono di accedere all\u2019area mercatale. In tutte le attivit\u00e0 e le loro fasi \u00e8 obbligatorio un distanziamento interpersonale di almeno un metro, cos\u00ec come obbligatorio sar\u00e0 l\u2019utilizzo di mascherine sia da parte degli operatori che da parte dei clienti. Obbligatorio anche l\u2019uso di guanti \u201cusa e getta\u201d nelle attivit\u00e0 di acquisto. L\u2019uso di guanti da parte dei titolari di posteggio pu\u00f2 essere sostituito da una igienizzazione frequente delle mani.<\/p>\n<p>Anche alla clientela dovranno essere messi a disposizione in ogni banco e a carico del titolare del posteggio prodotti igienizzanti per le mani.<\/p>\n<p>Per quanto concerne il mercato settimanale del sabato, sar\u00e0 aperto agli operatori agricoli \/ artigiani di prodotti alimentari del solo settore alimentare. L\u2019orario di svolgimento sar\u00e0 dalle 8 alle 13 e le operazioni di approntamento dei banchi saranno consentite mezz\u2019ora prima dell\u2019apertura, mentre quelle di sgombero fino a mezz\u2019ora dopo la chiusura. Previsto un unico varco di ingresso separato da quello di uscita.<\/p>\n<p><img decoding=\"async\" alt=\"\" src=\"\/ckeditor_assets\/pictures\/842\/content_sabato_new.jpg\" style=\"width: 600px; height: 421px;\" title=\"\"><\/p>\n","protected":false},"excerpt":{"rendered":"<p>Nuova ordinanza del sindaco<\/p>\n","protected":false},"author":28,"featured_media":33505,"comment_status":"closed","ping_status":"closed","sticky":false,"template":"","format":"standard","meta":{"dwc-title":[],"dwc-content":[],"footnotes":""},"categories":[5],"tags":[],"class_list":["post-33504","post","type-post","status-publish","format-standard","has-post-thumbnail","hentry","category-attualita"],"rttpg_featured_image_url":{"full":["https:\/\/imagazine.it\/wp-content\/uploads\/2024\/01\/34158-1.webp",750,497,false],"landscape":["https:\/\/imagazine.it\/wp-content\/uploads\/2024\/01\/34158-1.webp",750,497,false],"portraits":["https:\/\/imagazine.it\/wp-content\/uploads\/2024\/01\/34158-1.webp",750,497,false],"thumbnail":["https:\/\/imagazine.it\/wp-content\/uploads\/2024\/01\/34158-1-150x150.webp",150,150,true],"medium":["https:\/\/imagazine.it\/wp-content\/uploads\/2024\/01\/34158-1-300x199.webp",300,199,true],"large":["https:\/\/imagazine.it\/wp-content\/uploads\/2024\/01\/34158-1.webp",640,424,false],"thumblist":["https:\/\/imagazine.it\/wp-content\/uploads\/2024\/01\/34158-1.webp",300,199,false],"thumbrelated":["https:\/\/imagazine.it\/wp-content\/uploads\/2024\/01\/34158-1.webp",500,331,false],"meccarouselthumb":["https:\/\/imagazine.it\/wp-content\/uploads\/2024\/01\/34158-1.webp",474,314,false],"gridsquare":["https:\/\/imagazine.it\/wp-content\/uploads\/2024\/01\/34158-1.webp",391,260,false],"tileview":["https:\/\/imagazine.it\/wp-content\/uploads\/2024\/01\/34158-1.webp",300,199,false],"1536x1536":["https:\/\/imagazine.it\/wp-content\/uploads\/2024\/01\/34158-1.webp",750,497,false],"2048x2048":["https:\/\/imagazine.it\/wp-content\/uploads\/2024\/01\/34158-1.webp",750,497,false],"newsup-slider-full":["https:\/\/imagazine.it\/wp-content\/uploads\/2024\/01\/34158-1.webp",750,497,false],"newsup-featured":["https:\/\/imagazine.it\/wp-content\/uploads\/2024\/01\/34158-1.webp",750,497,false],"newsup-medium":["https:\/\/imagazine.it\/wp-content\/uploads\/2024\/01\/34158-1-720x380.webp",720,380,true],"tptn_thumbnail":["https:\/\/imagazine.it\/wp-content\/uploads\/2024\/01\/34158-1.webp",250,166,false],"sow-carousel-default":["https:\/\/imagazine.it\/wp-content\/uploads\/2024\/01\/34158-1-272x182.webp",272,182,true]},"rttpg_author":{"display_name":"redazione","author_link":"https:\/\/imagazine.it\/home_desk\/author\/redazione\/"},"rttpg_comment":0,"rttpg_category":"<a href=\"https:\/\/imagazine.it\/home_desk\/category\/attualita\/\" rel=\"category tag\">ATTUALIT\u00c0<\/a>","rttpg_excerpt":"Nuova ordinanza del sindaco","_links":{"self":[{"href":"https:\/\/imagazine.it\/home_desk\/wp-json\/wp\/v2\/posts\/33504","targetHints":{"allow":["GET"]}}],"collection":[{"href":"https:\/\/imagazine.it\/home_desk\/wp-json\/wp\/v2\/posts"}],"about":[{"href":"https:\/\/imagazine.it\/home_desk\/wp-json\/wp\/v2\/types\/post"}],"author":[{"embeddable":true,"href":"https:\/\/imagazine.it\/home_desk\/wp-json\/wp\/v2\/users\/28"}],"replies":[{"embeddable":true,"href":"https:\/\/imagazine.it\/home_desk\/wp-json\/wp\/v2\/comments?post=33504"}],"version-history":[{"count":0,"href":"https:\/\/imagazine.it\/home_desk\/wp-json\/wp\/v2\/posts\/33504\/revisions"}],"wp:featuredmedia":[{"embeddable":true,"href":"https:\/\/imagazine.it\/home_desk\/wp-json\/wp\/v2\/media\/33505"}],"wp:attachment":[{"href":"https:\/\/imagazine.it\/home_desk\/wp-json\/wp\/v2\/media?parent=33504"}],"wp:term":[{"taxonomy":"category","embeddable":true,"href":"https:\/\/imagazine.it\/home_desk\/wp-json\/wp\/v2\/categories?post=33504"},{"taxonomy":"post_tag","embeddable":true,"href":"https:\/\/imagazine.it\/home_desk\/wp-json\/wp\/v2\/tags?post=33504"}],"curies":[{"name":"wp","href":"https:\/\/api.w.org\/{rel}","templated":true}]}}