{"id":33498,"date":"2020-05-20T00:00:00","date_gmt":"2020-05-19T23:00:00","guid":{"rendered":"https:\/\/imagazine.it\/?p=33498"},"modified":"2020-05-20T00:00:00","modified_gmt":"2020-05-19T23:00:00","slug":"gorizia-riapre-al-pubblico-palazzo-coronini","status":"publish","type":"post","link":"https:\/\/imagazine.it\/home_desk\/gorizia-riapre-al-pubblico-palazzo-coronini\/","title":{"rendered":"Gorizia, riapre al pubblico Palazzo Coronini"},"content":{"rendered":"<p><strong>Sabato 23 maggio Palazzo Coronini a Gorizia\u00a0<\/strong>sar\u00e0 nuovamente accessibile al pubblico, nel rispetto delle norme previste dall\u2019ultimo decreto del Consiglio dei Ministri e dell\u2019ordinanza del Presidente della Regione.<\/p>\n<p>La storica dimora di viale XX Settembre, con tutto il suo patrimonio di arredi e opere d&#39;arte, oltre che con lo spazio dedicato alle &#8220;Teste di carattere&#8221; di Messerschmidt, unico in Italia, sar\u00e0 una delle prime strutture museali della regione a riaprire.<\/p>\n<p>Nell&#39;attesa\u00a0dell\u2019apertura\u00a0della mostra \u201cVerde sublime. Il Parco Coronini Cronberg e la rappresentazione della natura tra Neoclassicismo e Romanticismo\u201d, le visite guidate al Palazzo si terranno\u00a0all\u2019inizio\u00a0di ogni ora<strong>\u00a0il sabato e la domenica dalle 10 alle 13 e dalle 15 alle 19<\/strong>.<\/p>\n<p><a href=\"http:\/\/imagazinevideotruck.it\/outlet\/relink.html\" target=\"_top\" rel=\"noopener\"><img loading=\"lazy\" decoding=\"async\" align=\"LEFT\" height=\"250\" src=\"http:\/\/imagazinevideotruck.it\/outlet\/outlet30.gif\" width=\"300\" alt=\"\" title=\"\"><\/a><\/p>\n<p>\u00a0<\/p>\n<p>\u00a0<\/p>\n<p>\u00a0<\/p>\n<p>\u00a0<\/p>\n<p>\u00a0<\/p>\n<p>\u00a0<\/p>\n<p>\u00a0<\/p>\n<p>\u00a0<\/p>\n<p>\u00a0<\/p>\n<p>Per garantire la necessaria distanza\u00a0l\u2019accesso\u00a0sar\u00e0 consentito solo a 4 persone per ogni visita. Gruppi pi\u00f9 numerosi saranno accettati solo nel caso di nuclei familiari a cui sar\u00e0 richiesta\u00a0l\u2019autocertificazione.<\/p>\n<p>La biglietteria, dove sono stati delimitati percorsi diversi in entrata e in uscita, sar\u00e0 accessibile a una solo persona alla volta.<\/p>\n<p>A causa di tali limitazioni connesse all\u2019accesso delle varie zone della struttura \u00e8 consigliata la\u00a0<strong>prenotazione.<\/strong>\u00a0Sar\u00e0 possibile inoltre visitare il Palazzo anche da luned\u00ec a venerd\u00ec esclusivamente su prenotazione.\u00a0Per info e prenotazioni\u00a0telefonare al 348-3019167 o scrivere a\u00a0<a href=\"mailto:info@coronini.it\" target=\"_blank\" rel=\"noopener\">info@coronini.it<\/a><\/p>\n","protected":false},"excerpt":{"rendered":"<p>Porte aperte dal 23 maggio<\/p>\n","protected":false},"author":28,"featured_media":33499,"comment_status":"closed","ping_status":"closed","sticky":false,"template":"","format":"standard","meta":{"dwc-title":[],"dwc-content":[],"footnotes":""},"categories":[8],"tags":[],"class_list":["post-33498","post","type-post","status-publish","format-standard","has-post-thumbnail","hentry","category-turismo"],"rttpg_featured_image_url":{"full":["https:\/\/imagazine.it\/wp-content\/uploads\/2024\/01\/34152-1.webp",750,422,false],"landscape":["https:\/\/imagazine.it\/wp-content\/uploads\/2024\/01\/34152-1.webp",750,422,false],"portraits":["https:\/\/imagazine.it\/wp-content\/uploads\/2024\/01\/34152-1.webp",750,422,false],"thumbnail":["https:\/\/imagazine.it\/wp-content\/uploads\/2024\/01\/34152-1-150x150.webp",150,150,true],"medium":["https:\/\/imagazine.it\/wp-content\/uploads\/2024\/01\/34152-1-300x169.webp",300,169,true],"large":["https:\/\/imagazine.it\/wp-content\/uploads\/2024\/01\/34152-1.webp",640,360,false],"thumblist":["https:\/\/imagazine.it\/wp-content\/uploads\/2024\/01\/34152-1.webp",300,169,false],"thumbrelated":["https:\/\/imagazine.it\/wp-content\/uploads\/2024\/01\/34152-1.webp",500,281,false],"meccarouselthumb":["https:\/\/imagazine.it\/wp-content\/uploads\/2024\/01\/34152-1.webp",474,267,false],"gridsquare":["https:\/\/imagazine.it\/wp-content\/uploads\/2024\/01\/34152-1.webp",391,220,false],"tileview":["https:\/\/imagazine.it\/wp-content\/uploads\/2024\/01\/34152-1.webp",300,169,false],"1536x1536":["https:\/\/imagazine.it\/wp-content\/uploads\/2024\/01\/34152-1.webp",750,422,false],"2048x2048":["https:\/\/imagazine.it\/wp-content\/uploads\/2024\/01\/34152-1.webp",750,422,false],"newsup-slider-full":["https:\/\/imagazine.it\/wp-content\/uploads\/2024\/01\/34152-1.webp",750,422,false],"newsup-featured":["https:\/\/imagazine.it\/wp-content\/uploads\/2024\/01\/34152-1.webp",750,422,false],"newsup-medium":["https:\/\/imagazine.it\/wp-content\/uploads\/2024\/01\/34152-1-720x380.webp",720,380,true],"tptn_thumbnail":["https:\/\/imagazine.it\/wp-content\/uploads\/2024\/01\/34152-1.webp",250,141,false],"sow-carousel-default":["https:\/\/imagazine.it\/wp-content\/uploads\/2024\/01\/34152-1-272x182.webp",272,182,true]},"rttpg_author":{"display_name":"redazione","author_link":"https:\/\/imagazine.it\/home_desk\/author\/redazione\/"},"rttpg_comment":0,"rttpg_category":"<a href=\"https:\/\/imagazine.it\/home_desk\/category\/turismo\/\" rel=\"category tag\">TURISMO<\/a>","rttpg_excerpt":"Porte aperte dal 23 maggio","_links":{"self":[{"href":"https:\/\/imagazine.it\/home_desk\/wp-json\/wp\/v2\/posts\/33498","targetHints":{"allow":["GET"]}}],"collection":[{"href":"https:\/\/imagazine.it\/home_desk\/wp-json\/wp\/v2\/posts"}],"about":[{"href":"https:\/\/imagazine.it\/home_desk\/wp-json\/wp\/v2\/types\/post"}],"author":[{"embeddable":true,"href":"https:\/\/imagazine.it\/home_desk\/wp-json\/wp\/v2\/users\/28"}],"replies":[{"embeddable":true,"href":"https:\/\/imagazine.it\/home_desk\/wp-json\/wp\/v2\/comments?post=33498"}],"version-history":[{"count":0,"href":"https:\/\/imagazine.it\/home_desk\/wp-json\/wp\/v2\/posts\/33498\/revisions"}],"wp:featuredmedia":[{"embeddable":true,"href":"https:\/\/imagazine.it\/home_desk\/wp-json\/wp\/v2\/media\/33499"}],"wp:attachment":[{"href":"https:\/\/imagazine.it\/home_desk\/wp-json\/wp\/v2\/media?parent=33498"}],"wp:term":[{"taxonomy":"category","embeddable":true,"href":"https:\/\/imagazine.it\/home_desk\/wp-json\/wp\/v2\/categories?post=33498"},{"taxonomy":"post_tag","embeddable":true,"href":"https:\/\/imagazine.it\/home_desk\/wp-json\/wp\/v2\/tags?post=33498"}],"curies":[{"name":"wp","href":"https:\/\/api.w.org\/{rel}","templated":true}]}}