{"id":33490,"date":"2020-05-19T00:00:00","date_gmt":"2020-05-18T23:00:00","guid":{"rendered":"https:\/\/imagazine.it\/?p=33490"},"modified":"2020-05-19T00:00:00","modified_gmt":"2020-05-18T23:00:00","slug":"cividale-riparte-lartigianato-al-femminile","status":"publish","type":"post","link":"https:\/\/imagazine.it\/home_desk\/cividale-riparte-lartigianato-al-femminile\/","title":{"rendered":"Cividale, riparte l&#8217;artigianato al femminile"},"content":{"rendered":"<p>Questi mesi di stop hanno colpito anche l\u2019artigianato ed \u00e8 da qui che riparte il progetto del <strong>M.A.D.A. Temporary Lab di Cividale del Friuli<\/strong>.<\/p>\n<p>Mani Arte Donne Artigianato &#8211; questo il significato dell&#39;acronimo &#8211; \u00e8 infatti uno spazio culturale dove, temporaneamente, scoprire i manufatti realizzati a mano da giovani designer emergenti del Friuli Venezia Giulia. Tutto ci\u00f2 che si trova al M.A.D.A. \u00e8 \u201cmade in FVG\u201d, dal progetto in s\u00e9, frutto della collaborazione tra il Comune di Cividale e l\u2019associazione <em>Noi\u2026 dell\u2019arte<\/em> con il contributo della Regione FVG, fino agli allestimenti dell\u2019architetto <strong>Francesca Petricich<\/strong>.<\/p>\n<p>\u201cIl 2020 \u2013 commenta l\u2019assessore alla cultura e pari opportunit\u00e0 della citt\u00e0 ducale, <strong>Angela Zappulla <\/strong>\u2013 prende avvio con una novit\u00e0 a cui teniamo molto: oltre al gruppo di artigiane selezionate, seppur giovani gi\u00e0 avviate verso una carriera in questo settore, prender\u00e0 vita una piccola esperienza creativa nuova. Parliamo del \u201cM.A.D.A. Special Young\u201d, un gruppo di giovani ragazze cividalesi che sono pronte a intraprendere questo percorso che mira a donare loro abilit\u00e0 artistiche e artigianali che auspichiamo possano essere utili a consolidare il loro futuro lavorativo.\u201d<\/p>\n<p><a href=\"http:\/\/imagazinevideotruck.it\/outlet\/relink.html\" target=\"_top\" rel=\"noopener\"><img loading=\"lazy\" decoding=\"async\" align=\"LEFT\" height=\"250\" src=\"http:\/\/imagazinevideotruck.it\/outlet\/outlet30.gif\" width=\"300\" alt=\"\" title=\"\"><\/a><\/p>\n<p>\u00a0<\/p>\n<p>\u00a0<\/p>\n<p>\u00a0<\/p>\n<p>\u00a0<\/p>\n<p>\u00a0<\/p>\n<p>\u00a0<\/p>\n<p>\u00a0<\/p>\n<p>\u00a0<\/p>\n<p>\u00a0<\/p>\n<p>Seguendo tutte le normative per contrastare la diffusione del Covid-19, il temporary lab della <strong>galleria di Largo Boiani 27<\/strong> a Cividale riapre con il consueto orario: dal marted\u00ec al sabato, la mattina dalle 10 alle 12.30 e il pomeriggio dalle 15 alle 19. Tra le novit\u00e0 la possibilit\u00e0 di ricevere direttamente a domicilio (con spedizione in Italia e all\u2019estero) le creazioni delle designer in esposizione: \u00e8 sufficiente collegarsi ogni luned\u00ec alla pagina Facebook del M.A.D.A. per scoprire la \u201cvetrina\u201d.<\/p>\n<p>\u00a0I visitatori troveranno le creazioni di Adelaide 1931 di <strong>Ambra Tilatti<\/strong>, Corteccia di Rame di <strong>Vania Gasperoni<\/strong>, Hasu Lab Design di <strong>Monica Missoni<\/strong>, Janecolori di <strong>Jana Kullman<\/strong>, Mandulis di <strong>Manuela Chiappo<\/strong>, Misia di <strong>Elena Tuan<\/strong> e Sezione R di <strong>Cristina Regazzo<\/strong>. \u201cIn questo 2020 \u2013 conclude la presidente di <em>Noi\u2026 dell\u2019Arte<\/em>, Antonella Pizzolongo \u2013 l\u2019associazione compie 10 anni e siamo felici di poter festeggiare questo traguardo con la conferma di un progetto cos\u00ec prezioso per la valorizzazione dell\u2019arte e dell\u2019artigianato del territorio\u201d.<\/p>\n","protected":false},"excerpt":{"rendered":"<p>M.A.D.A. Temporary Lab<\/p>\n","protected":false},"author":28,"featured_media":33491,"comment_status":"closed","ping_status":"closed","sticky":false,"template":"","format":"standard","meta":{"dwc-title":[],"dwc-content":[],"footnotes":""},"categories":[5],"tags":[],"class_list":["post-33490","post","type-post","status-publish","format-standard","has-post-thumbnail","hentry","category-attualita"],"rttpg_featured_image_url":{"full":["https:\/\/imagazine.it\/wp-content\/uploads\/2024\/01\/34148-1.webp",750,538,false],"landscape":["https:\/\/imagazine.it\/wp-content\/uploads\/2024\/01\/34148-1.webp",750,538,false],"portraits":["https:\/\/imagazine.it\/wp-content\/uploads\/2024\/01\/34148-1.webp",750,538,false],"thumbnail":["https:\/\/imagazine.it\/wp-content\/uploads\/2024\/01\/34148-1-150x150.webp",150,150,true],"medium":["https:\/\/imagazine.it\/wp-content\/uploads\/2024\/01\/34148-1-300x215.webp",300,215,true],"large":["https:\/\/imagazine.it\/wp-content\/uploads\/2024\/01\/34148-1.webp",640,459,false],"thumblist":["https:\/\/imagazine.it\/wp-content\/uploads\/2024\/01\/34148-1.webp",300,215,false],"thumbrelated":["https:\/\/imagazine.it\/wp-content\/uploads\/2024\/01\/34148-1.webp",500,359,false],"meccarouselthumb":["https:\/\/imagazine.it\/wp-content\/uploads\/2024\/01\/34148-1.webp",452,324,false],"gridsquare":["https:\/\/imagazine.it\/wp-content\/uploads\/2024\/01\/34148-1.webp",362,260,false],"tileview":["https:\/\/imagazine.it\/wp-content\/uploads\/2024\/01\/34148-1.webp",300,215,false],"1536x1536":["https:\/\/imagazine.it\/wp-content\/uploads\/2024\/01\/34148-1.webp",750,538,false],"2048x2048":["https:\/\/imagazine.it\/wp-content\/uploads\/2024\/01\/34148-1.webp",750,538,false],"newsup-slider-full":["https:\/\/imagazine.it\/wp-content\/uploads\/2024\/01\/34148-1.webp",750,538,false],"newsup-featured":["https:\/\/imagazine.it\/wp-content\/uploads\/2024\/01\/34148-1.webp",750,538,false],"newsup-medium":["https:\/\/imagazine.it\/wp-content\/uploads\/2024\/01\/34148-1-720x380.webp",720,380,true],"tptn_thumbnail":["https:\/\/imagazine.it\/wp-content\/uploads\/2024\/01\/34148-1.webp",250,179,false],"sow-carousel-default":["https:\/\/imagazine.it\/wp-content\/uploads\/2024\/01\/34148-1-272x182.webp",272,182,true]},"rttpg_author":{"display_name":"redazione","author_link":"https:\/\/imagazine.it\/home_desk\/author\/redazione\/"},"rttpg_comment":0,"rttpg_category":"<a href=\"https:\/\/imagazine.it\/home_desk\/category\/attualita\/\" rel=\"category tag\">ATTUALIT\u00c0<\/a>","rttpg_excerpt":"M.A.D.A. Temporary Lab","_links":{"self":[{"href":"https:\/\/imagazine.it\/home_desk\/wp-json\/wp\/v2\/posts\/33490","targetHints":{"allow":["GET"]}}],"collection":[{"href":"https:\/\/imagazine.it\/home_desk\/wp-json\/wp\/v2\/posts"}],"about":[{"href":"https:\/\/imagazine.it\/home_desk\/wp-json\/wp\/v2\/types\/post"}],"author":[{"embeddable":true,"href":"https:\/\/imagazine.it\/home_desk\/wp-json\/wp\/v2\/users\/28"}],"replies":[{"embeddable":true,"href":"https:\/\/imagazine.it\/home_desk\/wp-json\/wp\/v2\/comments?post=33490"}],"version-history":[{"count":0,"href":"https:\/\/imagazine.it\/home_desk\/wp-json\/wp\/v2\/posts\/33490\/revisions"}],"wp:featuredmedia":[{"embeddable":true,"href":"https:\/\/imagazine.it\/home_desk\/wp-json\/wp\/v2\/media\/33491"}],"wp:attachment":[{"href":"https:\/\/imagazine.it\/home_desk\/wp-json\/wp\/v2\/media?parent=33490"}],"wp:term":[{"taxonomy":"category","embeddable":true,"href":"https:\/\/imagazine.it\/home_desk\/wp-json\/wp\/v2\/categories?post=33490"},{"taxonomy":"post_tag","embeddable":true,"href":"https:\/\/imagazine.it\/home_desk\/wp-json\/wp\/v2\/tags?post=33490"}],"curies":[{"name":"wp","href":"https:\/\/api.w.org\/{rel}","templated":true}]}}