{"id":33482,"date":"2020-05-19T00:00:00","date_gmt":"2020-05-18T23:00:00","guid":{"rendered":"https:\/\/imagazine.it\/?p=33482"},"modified":"2020-05-19T00:00:00","modified_gmt":"2020-05-18T23:00:00","slug":"mossa-sequestrato-capannone-di-rifiuti-illeciti","status":"publish","type":"post","link":"https:\/\/imagazine.it\/home_desk\/mossa-sequestrato-capannone-di-rifiuti-illeciti\/","title":{"rendered":"Mossa, sequestrato capannone di rifiuti illeciti"},"content":{"rendered":"<p>Dalle prime ore dell\u2019alba, Carabinieri e Guardia di Finanza stanno eseguendo, in talune localit\u00e0 nelle provincie di Gorizia, Napoli e Belluno, sei misure di custodia cautelare personale disposte dal G.I.P. di Trieste, su richiesta di <strong>Antonio Miggiani<\/strong> della Direzione Distrettuale Antimafia di Trieste, nei confronti di altrettanti soggetti, ritenuti responsabili di aver preso parte a un\u2019attivit\u00e0 organizzata per il traffico illecito di rifiuti a carattere transnazionale.<\/p>\n<p>Le indagini, avviate con il sequestro di un capannone industriale stracolmo di rifiuti da parte dell\u2019Arma di Gorizia e condotte dai Carabinieri del Nucleo Investigativo del Comando Provinciale del capoluogo isontino, unitamente a personale del ROS e ai Finanzieri del GICO di Trieste e dello SCICO di Roma, hanno consentito di dare riscontro all\u2019ipotesi investigativa formulata, documentando come i destinatari dei provvedimenti cautelari, nelle persone di G. D. di anni 48, P. P. di anni 39, R. D. di anni 51, A. D. di anni 44, F. C. di anni 56, C. P. di anni 56, avevano smaltito illecitamente circa 4.500 tonnellate di rifiuti speciali, costituiti da \u201cballe reggiate\u201d, di un metro cubo l\u2019una, di rifiuti plastici provenienti da un impianto di recupero di una societ\u00e0 del bellunese e da un\u2019area dismessa ubicata in Borovnica, in Slovenia, abbandonandoli all\u2019interno di un capannone industriale, ubicato a Mossa, di propriet\u00e0 di due societ\u00e0 con sede a Napoli e Gorizia, adattato con un varco d\u2019accesso laterale creato appositamente per effettuare gli scarichi abusivi in piena tranquillit\u00e0, al riparo da sguardi indiscreti. Il trasporto a Mossa dei rifiuti avveniva utilizzando i camion messi a disposizione da alcune compiacenti aziende di trasporto slovene.<\/p>\n<p>L\u2019attivit\u00e0 investigativa \u00e8 stata condotta anche con l\u2019ausilio di un drone, che ha consentito di monitorare numerosi scarichi di rifiuti da parte degli indagati, per lo pi\u00f9 nelle prime ore dell\u2019alba e che, allo scopo di sottrarsi allo sguardo indiscreto di curiosi o ai controlli delle Forze dell\u2019Ordine, avvenivano da un ingresso del capannone ricavato in un\u2019area caratterizzata da folta vegetazione,\u00a0dunque di difficile individuazione.<\/p>\n<p>Nonostante le difficolt\u00e0, l\u2019attivit\u00e0 di osservazione realizzata ha permesso di seguire ogni movimento degli automezzi, dal loro ingresso in Italia sino al sito di smaltimento finale dei rifiuti.<\/p>\n<p>Particolare risalto assume il contestuale sequestro preventivo di beni nella disponibilit\u00e0 degli indagati, per un valore pari a circa un milione di euro, profitto del reato, individuato nel danno ambientale arrecato dagli indagati al Comune di Mossa con l\u2019abbandono dei rifiuti.<\/p>\n<p>Nel corso delle indagini gli investigatori hanno documentato inoltre la ricerca da parte degli indagati, una volta sequestrato il capannone di Mossa, di siti alternativi sul territorio friulano ove continuare la lucrosa attivit\u00e0 illecita.<\/p>\n<p><a href=\"http:\/\/imagazinevideotruck.it\/outlet\/relink.html\" target=\"_top\" rel=\"noopener\"><img loading=\"lazy\" decoding=\"async\" align=\"LEFT\" height=\"250\" src=\"http:\/\/imagazinevideotruck.it\/outlet\/outlet30.gif\" width=\"300\" alt=\"\" title=\"\"><\/a><\/p>\n<p>\u00a0<\/p>\n<p>\u00a0<\/p>\n<p>\u00a0<\/p>\n<p>\u00a0<\/p>\n<p>\u00a0<\/p>\n<p>\u00a0<\/p>\n<p>\u00a0<\/p>\n<p>\u00a0<\/p>\n<p>\u00a0<\/p>\n<p>Sono in corso numerose perquisizioni in Friuli Venezia Giulia, Veneto e Campania, al fine di recuperare la documentazione necessaria a ricostruire l\u2019esatta provenienza dei rifiuti e le tappe intermedie toccate dagli automezzi prima di giungere al sito di destinazione finale.<\/p>\n<p>Il G.I.P., nel motivare le esigenze cautelari, ha, inoltre, ricollegato la vicenda al diffuso fenomeno delle eco-mafie, sottolineando il fumus della presenza della criminalit\u00e0 organizzata e il particolare livello di pericolosit\u00e0, emersi nel corso delle indagini, per le evidenti affinit\u00e0 dell\u2019accaduto con dinamiche criminali tipiche dell\u2019area napoletana.<\/p>\n","protected":false},"excerpt":{"rendered":"<p>Nell&#8217;indagine anche la Direzione Distrettuale Antimafia di Trieste<\/p>\n","protected":false},"author":28,"featured_media":33483,"comment_status":"closed","ping_status":"closed","sticky":false,"template":"","format":"standard","meta":{"dwc-title":[],"dwc-content":[],"footnotes":""},"categories":[5],"tags":[],"class_list":["post-33482","post","type-post","status-publish","format-standard","has-post-thumbnail","hentry","category-attualita"],"rttpg_featured_image_url":{"full":["https:\/\/imagazine.it\/wp-content\/uploads\/2024\/01\/34140-1.webp",750,474,false],"landscape":["https:\/\/imagazine.it\/wp-content\/uploads\/2024\/01\/34140-1.webp",750,474,false],"portraits":["https:\/\/imagazine.it\/wp-content\/uploads\/2024\/01\/34140-1.webp",750,474,false],"thumbnail":["https:\/\/imagazine.it\/wp-content\/uploads\/2024\/01\/34140-1-150x150.webp",150,150,true],"medium":["https:\/\/imagazine.it\/wp-content\/uploads\/2024\/01\/34140-1-300x190.webp",300,190,true],"large":["https:\/\/imagazine.it\/wp-content\/uploads\/2024\/01\/34140-1.webp",640,404,false],"thumblist":["https:\/\/imagazine.it\/wp-content\/uploads\/2024\/01\/34140-1.webp",300,190,false],"thumbrelated":["https:\/\/imagazine.it\/wp-content\/uploads\/2024\/01\/34140-1.webp",500,316,false],"meccarouselthumb":["https:\/\/imagazine.it\/wp-content\/uploads\/2024\/01\/34140-1.webp",474,300,false],"gridsquare":["https:\/\/imagazine.it\/wp-content\/uploads\/2024\/01\/34140-1.webp",391,247,false],"tileview":["https:\/\/imagazine.it\/wp-content\/uploads\/2024\/01\/34140-1.webp",300,190,false],"1536x1536":["https:\/\/imagazine.it\/wp-content\/uploads\/2024\/01\/34140-1.webp",750,474,false],"2048x2048":["https:\/\/imagazine.it\/wp-content\/uploads\/2024\/01\/34140-1.webp",750,474,false],"newsup-slider-full":["https:\/\/imagazine.it\/wp-content\/uploads\/2024\/01\/34140-1.webp",750,474,false],"newsup-featured":["https:\/\/imagazine.it\/wp-content\/uploads\/2024\/01\/34140-1.webp",750,474,false],"newsup-medium":["https:\/\/imagazine.it\/wp-content\/uploads\/2024\/01\/34140-1-720x380.webp",720,380,true],"tptn_thumbnail":["https:\/\/imagazine.it\/wp-content\/uploads\/2024\/01\/34140-1.webp",250,158,false],"sow-carousel-default":["https:\/\/imagazine.it\/wp-content\/uploads\/2024\/01\/34140-1-272x182.webp",272,182,true]},"rttpg_author":{"display_name":"redazione","author_link":"https:\/\/imagazine.it\/home_desk\/author\/redazione\/"},"rttpg_comment":0,"rttpg_category":"<a href=\"https:\/\/imagazine.it\/home_desk\/category\/attualita\/\" rel=\"category tag\">ATTUALIT\u00c0<\/a>","rttpg_excerpt":"Nell'indagine anche la Direzione Distrettuale Antimafia di Trieste","_links":{"self":[{"href":"https:\/\/imagazine.it\/home_desk\/wp-json\/wp\/v2\/posts\/33482","targetHints":{"allow":["GET"]}}],"collection":[{"href":"https:\/\/imagazine.it\/home_desk\/wp-json\/wp\/v2\/posts"}],"about":[{"href":"https:\/\/imagazine.it\/home_desk\/wp-json\/wp\/v2\/types\/post"}],"author":[{"embeddable":true,"href":"https:\/\/imagazine.it\/home_desk\/wp-json\/wp\/v2\/users\/28"}],"replies":[{"embeddable":true,"href":"https:\/\/imagazine.it\/home_desk\/wp-json\/wp\/v2\/comments?post=33482"}],"version-history":[{"count":0,"href":"https:\/\/imagazine.it\/home_desk\/wp-json\/wp\/v2\/posts\/33482\/revisions"}],"wp:featuredmedia":[{"embeddable":true,"href":"https:\/\/imagazine.it\/home_desk\/wp-json\/wp\/v2\/media\/33483"}],"wp:attachment":[{"href":"https:\/\/imagazine.it\/home_desk\/wp-json\/wp\/v2\/media?parent=33482"}],"wp:term":[{"taxonomy":"category","embeddable":true,"href":"https:\/\/imagazine.it\/home_desk\/wp-json\/wp\/v2\/categories?post=33482"},{"taxonomy":"post_tag","embeddable":true,"href":"https:\/\/imagazine.it\/home_desk\/wp-json\/wp\/v2\/tags?post=33482"}],"curies":[{"name":"wp","href":"https:\/\/api.w.org\/{rel}","templated":true}]}}