{"id":33468,"date":"2020-05-18T00:00:00","date_gmt":"2020-05-17T23:00:00","guid":{"rendered":"https:\/\/imagazine.it\/?p=33468"},"modified":"2020-05-18T00:00:00","modified_gmt":"2020-05-17T23:00:00","slug":"san-canzian-fiorisce-con-il-maggio-dei-libri","status":"publish","type":"post","link":"https:\/\/imagazine.it\/home_desk\/san-canzian-fiorisce-con-il-maggio-dei-libri\/","title":{"rendered":"San Canzian fiorisce con il maggio dei libri"},"content":{"rendered":"<p>Riparte a San Canzian d\u2019Isonzo \u201cIl Maggio dei Libri 2020\u201d con un programma ricalibrato e adattato al particolare momento che si sta vivendo, con una serie di iniziative legate ai libri e alla promozione della lettura, \u201cLeggere Emozioni.3\u201d, organizzate dall\u2019assessorato alla Cultura del Comune di San Canzian.<\/p>\n<p>Il progetto si inserisce nella Campagna nazionale \u201cIl Maggio dei Libri\u201d promossa dal Centro del Libro del Ministero dei Beni e delle Attivit\u00e0 Culturali e del Turismo che raccorda e d\u00e0 visibilit\u00e0 alle iniziative che si svolgono sul territorio nazionale, per valorizzare la lettura come elemento di crescita personale e collettiva.<\/p>\n<p>Il motto di quest\u2019anno \u00e8 \u201cSe leggo scopro\u201d e l\u2019obiettivo generale della campagna nazionale, che tiene conto dei limiti imposti dall\u2019emergenza COVID-19, \u00e8 quello di invitare i partecipanti a cimentarsi nell\u2019organizzazione di iniziative che coinvolgano le persone pi\u00f9 diverse, portando i libri nella quotidianit\u00e0 e il pi\u00f9 possibile fuori dai loro contesti tradizionali, con uno svolgimento che si protrarr\u00e0 fino a tutto ottobre. <em>Leggere Emozioni<\/em> \u00e8 un invito a liberare la creativit\u00e0 e l\u2019immaginazione ma anche a condividere un momento molto particolare della nostra vita.<\/p>\n<p>Le iniziative incluse nella fase di maggio sono diverse. A iniziare da \u201cCara Biblioteca ti scrivo\u2026\u201d, cartolina virtuale dei lettori alla biblioteca di San Canzian d\u2019Isonzo per raccontare attraverso un messaggio, un pensiero, un&#39;immagine o un disegno il momento che stiamo vivendo. Le cartoline, da inviare a biblioteca@comune.sancanziandisonzo.go.it in formato pdf o jpg, verranno raccolte in un album illustrato virtuale, a testimonianza dell\u2019emergenza COVID-19.<\/p>\n<p>L\u2019iniziativa BiblioChiama \u00e8 invece il servizio di consegna libri in prestito a domicilio in collaborazione con i volontari del Gruppo comunale di Protezione Civile. Il servizio, completamente gratuito, \u00e8 riservato ai residenti al fine di sostenere la lettura al motto di \u201cSe leggo scopro\u201d e soprattutto allo scopo di mantenere vivi i contatti tra lettori e biblioteca, quando, per diversi motivi, non si pu\u00f2 uscire da casa.<\/p>\n<p>\u201cIl mio primo libro\u201d \u00e8 un servizio di consegna a domicilio di un libricino in dono alle famiglie dei bambini nati nel corso del 2019, accompagnato dai consigli per i genitori \u201cApprendere il piacere per i libri attraverso un gesto d&#39;amore: un adulto che legge una storia\u201d<\/p>\n<p>\u201cLibri in Video\u2026 in pillole\u201d, in collaborazione con Societ\u00e0 Friulana di Archeologia, \u00e8 invece una videopresentazione di \u201cIn Vico Sanctorum Cantianorum. Memoria delle origini\u201d a cura di Desir\u00e9e Dreos e video-guida alla scoperta di Villa Settimini: storia di un edificio, di una famiglia e di una biblioteca per far conoscere i \u201csegreti\u201d che si nascondono nell\u2019edificio rinato nel 2012 dopo un\u2019importante operazione di restauro.\u00a0Le video clip saranno disponibili sui social a fine maggio.<\/p>\n<p>Altro progetto \u00e8 PASSaLIBRO: i libri evadono dagli scaffali nella speranza di imbattersi in un lettore che li adotti e poi, dopo averli letti, li rimetta nuovamente in circolo. Continua in questo contesto la collaborazione con negozi e aziende del territorio, iniziativa che, avviata nel 2018, non si \u00e8 mai interrotta: undici esercizi commerciali ospitano le cassette con i libri, di tutti i generi letterari, mettendoli a disposizione dei loro clienti.<\/p>\n","protected":false},"excerpt":{"rendered":"<p>Torna il tradizionale appuntamento culturale<\/p>\n","protected":false},"author":22,"featured_media":33469,"comment_status":"closed","ping_status":"closed","sticky":false,"template":"","format":"standard","meta":{"dwc-title":[],"dwc-content":[],"footnotes":""},"categories":[37],"tags":[],"class_list":["post-33468","post","type-post","status-publish","format-standard","has-post-thumbnail","hentry","category-cultura-e-spettacolo"],"rttpg_featured_image_url":{"full":["https:\/\/imagazine.it\/wp-content\/uploads\/2024\/01\/34112-1.webp",750,516,false],"landscape":["https:\/\/imagazine.it\/wp-content\/uploads\/2024\/01\/34112-1.webp",750,516,false],"portraits":["https:\/\/imagazine.it\/wp-content\/uploads\/2024\/01\/34112-1.webp",750,516,false],"thumbnail":["https:\/\/imagazine.it\/wp-content\/uploads\/2024\/01\/34112-1-150x150.webp",150,150,true],"medium":["https:\/\/imagazine.it\/wp-content\/uploads\/2024\/01\/34112-1-300x206.webp",300,206,true],"large":["https:\/\/imagazine.it\/wp-content\/uploads\/2024\/01\/34112-1.webp",640,440,false],"thumblist":["https:\/\/imagazine.it\/wp-content\/uploads\/2024\/01\/34112-1.webp",300,206,false],"thumbrelated":["https:\/\/imagazine.it\/wp-content\/uploads\/2024\/01\/34112-1.webp",500,344,false],"meccarouselthumb":["https:\/\/imagazine.it\/wp-content\/uploads\/2024\/01\/34112-1.webp",471,324,false],"gridsquare":["https:\/\/imagazine.it\/wp-content\/uploads\/2024\/01\/34112-1.webp",378,260,false],"tileview":["https:\/\/imagazine.it\/wp-content\/uploads\/2024\/01\/34112-1.webp",300,206,false],"1536x1536":["https:\/\/imagazine.it\/wp-content\/uploads\/2024\/01\/34112-1.webp",750,516,false],"2048x2048":["https:\/\/imagazine.it\/wp-content\/uploads\/2024\/01\/34112-1.webp",750,516,false],"newsup-slider-full":["https:\/\/imagazine.it\/wp-content\/uploads\/2024\/01\/34112-1.webp",750,516,false],"newsup-featured":["https:\/\/imagazine.it\/wp-content\/uploads\/2024\/01\/34112-1.webp",750,516,false],"newsup-medium":["https:\/\/imagazine.it\/wp-content\/uploads\/2024\/01\/34112-1-720x380.webp",720,380,true],"tptn_thumbnail":["https:\/\/imagazine.it\/wp-content\/uploads\/2024\/01\/34112-1.webp",250,172,false],"sow-carousel-default":["https:\/\/imagazine.it\/wp-content\/uploads\/2024\/01\/34112-1-272x182.webp",272,182,true]},"rttpg_author":{"display_name":"Livio Nonis","author_link":"https:\/\/imagazine.it\/home_desk\/author\/nonis\/"},"rttpg_comment":0,"rttpg_category":"<a href=\"https:\/\/imagazine.it\/home_desk\/category\/cultura-e-spettacolo\/\" rel=\"category tag\">CULTURA&amp;SPETTACOLO<\/a>","rttpg_excerpt":"Torna il tradizionale appuntamento culturale","_links":{"self":[{"href":"https:\/\/imagazine.it\/home_desk\/wp-json\/wp\/v2\/posts\/33468","targetHints":{"allow":["GET"]}}],"collection":[{"href":"https:\/\/imagazine.it\/home_desk\/wp-json\/wp\/v2\/posts"}],"about":[{"href":"https:\/\/imagazine.it\/home_desk\/wp-json\/wp\/v2\/types\/post"}],"author":[{"embeddable":true,"href":"https:\/\/imagazine.it\/home_desk\/wp-json\/wp\/v2\/users\/22"}],"replies":[{"embeddable":true,"href":"https:\/\/imagazine.it\/home_desk\/wp-json\/wp\/v2\/comments?post=33468"}],"version-history":[{"count":0,"href":"https:\/\/imagazine.it\/home_desk\/wp-json\/wp\/v2\/posts\/33468\/revisions"}],"wp:featuredmedia":[{"embeddable":true,"href":"https:\/\/imagazine.it\/home_desk\/wp-json\/wp\/v2\/media\/33469"}],"wp:attachment":[{"href":"https:\/\/imagazine.it\/home_desk\/wp-json\/wp\/v2\/media?parent=33468"}],"wp:term":[{"taxonomy":"category","embeddable":true,"href":"https:\/\/imagazine.it\/home_desk\/wp-json\/wp\/v2\/categories?post=33468"},{"taxonomy":"post_tag","embeddable":true,"href":"https:\/\/imagazine.it\/home_desk\/wp-json\/wp\/v2\/tags?post=33468"}],"curies":[{"name":"wp","href":"https:\/\/api.w.org\/{rel}","templated":true}]}}