{"id":33466,"date":"2020-05-18T00:00:00","date_gmt":"2020-05-17T23:00:00","guid":{"rendered":"https:\/\/imagazine.it\/?p=33466"},"modified":"2020-05-18T00:00:00","modified_gmt":"2020-05-17T23:00:00","slug":"da-aiello-a-medea-ecco-come-cambiano-le-messe","status":"publish","type":"post","link":"https:\/\/imagazine.it\/home_desk\/da-aiello-a-medea-ecco-come-cambiano-le-messe\/","title":{"rendered":"Da Aiello a Medea, ecco come cambiano le messe"},"content":{"rendered":"<p>Viste le nuove disposizioni pervenute per combattere il Coronavirus e visto l&#39;accordo tra i Governo Italiano e la CEI (Conferenza Epistolare Italiana), sono entrate in vigore oggi le nuove regole per la celebrazione delle messe con la partecipazione dei fedeli.<\/p>\n<p>Il parroco della Comunit\u00e0 Pastorale Campanili Riuniti, <strong>don Federico Basso<\/strong>, che include le comunit\u00e0 di Aiello del Friuli, Joannis, Nogaredo al Torre, San Vito al Torre, Chiopris, Viscone e Medea, ha lanciato un suo video-messaggio al fine di informare tutte le comunit\u00e0 su come ci si deve comportare prima, durante e dopo la celebrazione eucaristica.<\/p>\n<p>\u201cInnanzitutto durante le funzioni religiose \u2013 spiega don Federico \u2013 si dovr\u00e0 indossare obbligatoriamente la mascherina: naso e bocca devono essere coperti. Nell&#39;entrare e uscire dalla chiesa non si dovr\u00e0 fare assembramento, alla fine della funzione si dovr\u00e0 andare a casa rispettando un metro e mezzo di distanza tra le persone. Entrando in chiesa, dei volontari saranno incaricati di fornire le opportune disposizioni per i posti da occupare nei banchi. La capienza per ogni chiesa \u00e8 stata quantificata: quando si raggiunger\u00e0 il numero massimo non si potr\u00e0 pi\u00f9 entrare nell&#39;edificio. Sono le disposizioni tassative alle quali non si pu\u00f2 transigere\u201d.<\/p>\n<p>Ecco i numeri dei posti a sedere (non si pu\u00f2 stare in piedi) nelle diverse chiese: nella chiesa di Sant&#39;Ulderico ad Aiello 50 posti, nella chiesa di Sant&#39;Agnese a Joannis 38, nella chiesa Parrocchiale di Medea 34, nella chiesa di Sant&#39;Antonio sul colle di Medea 30, nella Cappella dell&#39;Immacolata di Medea 14 (queste due ultime chiese di Medea, per le prime settimane non saranno utilizzate), nella chiesa di San Michele a Chiopris 33 posti, nella chiesa di San Zenone a Viscone 26, nella chiesa della Madonna di Strada a Viscone 20 (anche questa chiesa nelle prime settimane non sar\u00e0 utilizzata), nella chiesa di San Vito al Torre dedicata a San Vito 27, infine nella chiesa di Sant&#39;Andrea a Nogaredo 18 posti.\u00a0<\/p>\n<p>Al termine della funzione religiosa saranno sanificati i banchi e tutto l&#39;emiciclo. Le messe inizieranno sabato 23 e continueranno con gli orari prestabiliti prima della pandemia, la messa settimanale inizier\u00e0 il 25 (con i soliti orari). All&#39;interno degli edifici non saranno presenti i volantini parrocchiali e i libretti dei canti, sono previste durante la settimana celebrazioni delle messe all&#39;aperto.<\/p>\n<p>Non si potr\u00e0 entrare nelle chiese se si hanno sintomi influenzali o con la temperatura corporea superiore a 37,5 gradi, e non potranno entrare coloro che hanno avuto contatti con persone positive al coronavirus.<\/p>\n<p>Per chi non potr\u00e0 accedere alle chiese, c\u2019\u00e8 sempre la possibilit\u00e0 di seguire le messe in streaming, collegandosi tramite facebook al sito della Comunit\u00e0 Parrocchiale Campanili Riuniti.<\/p>\n","protected":false},"excerpt":{"rendered":"<p>Nuove disposizioni in vigore da oggi<\/p>\n","protected":false},"author":22,"featured_media":33467,"comment_status":"closed","ping_status":"closed","sticky":false,"template":"","format":"standard","meta":{"dwc-title":[],"dwc-content":[],"footnotes":""},"categories":[5],"tags":[],"class_list":["post-33466","post","type-post","status-publish","format-standard","has-post-thumbnail","hentry","category-attualita"],"rttpg_featured_image_url":{"full":["https:\/\/imagazine.it\/wp-content\/uploads\/2024\/01\/34109-1.webp",750,458,false],"landscape":["https:\/\/imagazine.it\/wp-content\/uploads\/2024\/01\/34109-1.webp",750,458,false],"portraits":["https:\/\/imagazine.it\/wp-content\/uploads\/2024\/01\/34109-1.webp",750,458,false],"thumbnail":["https:\/\/imagazine.it\/wp-content\/uploads\/2024\/01\/34109-1-150x150.webp",150,150,true],"medium":["https:\/\/imagazine.it\/wp-content\/uploads\/2024\/01\/34109-1-300x183.webp",300,183,true],"large":["https:\/\/imagazine.it\/wp-content\/uploads\/2024\/01\/34109-1.webp",640,391,false],"thumblist":["https:\/\/imagazine.it\/wp-content\/uploads\/2024\/01\/34109-1.webp",300,183,false],"thumbrelated":["https:\/\/imagazine.it\/wp-content\/uploads\/2024\/01\/34109-1.webp",500,305,false],"meccarouselthumb":["https:\/\/imagazine.it\/wp-content\/uploads\/2024\/01\/34109-1.webp",474,289,false],"gridsquare":["https:\/\/imagazine.it\/wp-content\/uploads\/2024\/01\/34109-1.webp",391,239,false],"tileview":["https:\/\/imagazine.it\/wp-content\/uploads\/2024\/01\/34109-1.webp",300,183,false],"1536x1536":["https:\/\/imagazine.it\/wp-content\/uploads\/2024\/01\/34109-1.webp",750,458,false],"2048x2048":["https:\/\/imagazine.it\/wp-content\/uploads\/2024\/01\/34109-1.webp",750,458,false],"newsup-slider-full":["https:\/\/imagazine.it\/wp-content\/uploads\/2024\/01\/34109-1.webp",750,458,false],"newsup-featured":["https:\/\/imagazine.it\/wp-content\/uploads\/2024\/01\/34109-1.webp",750,458,false],"newsup-medium":["https:\/\/imagazine.it\/wp-content\/uploads\/2024\/01\/34109-1-720x380.webp",720,380,true],"tptn_thumbnail":["https:\/\/imagazine.it\/wp-content\/uploads\/2024\/01\/34109-1.webp",250,153,false],"sow-carousel-default":["https:\/\/imagazine.it\/wp-content\/uploads\/2024\/01\/34109-1-272x182.webp",272,182,true]},"rttpg_author":{"display_name":"Livio Nonis","author_link":"https:\/\/imagazine.it\/home_desk\/author\/nonis\/"},"rttpg_comment":0,"rttpg_category":"<a href=\"https:\/\/imagazine.it\/home_desk\/category\/attualita\/\" rel=\"category tag\">ATTUALIT\u00c0<\/a>","rttpg_excerpt":"Nuove disposizioni in vigore da oggi","_links":{"self":[{"href":"https:\/\/imagazine.it\/home_desk\/wp-json\/wp\/v2\/posts\/33466","targetHints":{"allow":["GET"]}}],"collection":[{"href":"https:\/\/imagazine.it\/home_desk\/wp-json\/wp\/v2\/posts"}],"about":[{"href":"https:\/\/imagazine.it\/home_desk\/wp-json\/wp\/v2\/types\/post"}],"author":[{"embeddable":true,"href":"https:\/\/imagazine.it\/home_desk\/wp-json\/wp\/v2\/users\/22"}],"replies":[{"embeddable":true,"href":"https:\/\/imagazine.it\/home_desk\/wp-json\/wp\/v2\/comments?post=33466"}],"version-history":[{"count":0,"href":"https:\/\/imagazine.it\/home_desk\/wp-json\/wp\/v2\/posts\/33466\/revisions"}],"wp:featuredmedia":[{"embeddable":true,"href":"https:\/\/imagazine.it\/home_desk\/wp-json\/wp\/v2\/media\/33467"}],"wp:attachment":[{"href":"https:\/\/imagazine.it\/home_desk\/wp-json\/wp\/v2\/media?parent=33466"}],"wp:term":[{"taxonomy":"category","embeddable":true,"href":"https:\/\/imagazine.it\/home_desk\/wp-json\/wp\/v2\/categories?post=33466"},{"taxonomy":"post_tag","embeddable":true,"href":"https:\/\/imagazine.it\/home_desk\/wp-json\/wp\/v2\/tags?post=33466"}],"curies":[{"name":"wp","href":"https:\/\/api.w.org\/{rel}","templated":true}]}}