{"id":33464,"date":"2020-05-18T00:00:00","date_gmt":"2020-05-17T23:00:00","guid":{"rendered":"https:\/\/imagazine.it\/?p=33464"},"modified":"2020-05-18T00:00:00","modified_gmt":"2020-05-17T23:00:00","slug":"semafori-e-sistemi-a-fotocellule-riapre-il-palmanova-outlet-village","status":"publish","type":"post","link":"https:\/\/imagazine.it\/home_desk\/semafori-e-sistemi-a-fotocellule-riapre-il-palmanova-outlet-village\/","title":{"rendered":"Semafori e sistemi a fotocellule, riapre il Palmanova Outlet Village"},"content":{"rendered":"<p><strong>Palmanova Outlet Village<\/strong> riapre le porte dei negozi di abbigliamento, cura della persona, casa e ristorazione secondo una nuova e differente \u201cnormalit\u00e0\u201d.<\/p>\n<p>\u201cObiettivo prioritario del Palmanova Outlet Village \u2013 rende noto la Land of Fashion attraverso un comunicato \u2013 \u00e8 sempre quello di proteggere la salute e la sicurezza dei clienti e dei dipendenti adottando nuove ed ulteriori <strong>procedure igieniche di sanificazione <\/strong>nei negozi, lungo le vie del Village e degli spazi comuni\u201d.<\/p>\n<p>L\u2019emergenza sanitaria dovuta al Covid-19 ha ridisegnato le regole della socialit\u00e0 e di conseguenza anche i luoghi di acquisto: Palmanova Outlet Village, cos\u00ec come tutti i Village del gruppo Land of Fashion, \u00e8 pronto ad accogliere i clienti con un nuovo protocollo di sicurezza per clienti e lavoratori.<\/p>\n<p>\u00c8 stato predisposto un ulteriore rafforzamento del <strong>presidio di vigilanza<\/strong> <strong>e nuovi dispositivi per il controllo dei flussi di accesso nel rispetto della distanza minima di sicurezza<\/strong>.<\/p>\n<p>In prossimit\u00e0 degli ingressi dei negozi \u00e8 stata esposta un\u2019apposita segnaletica a terra che aiuti visivamente a rispettare la coda, la distanza dagli altri visitatori e che consentir\u00e0 al personale dei punti vendita di gestire correttamente gli afflussi.<\/p>\n<p>I <strong>totem dispenser no-touch<\/strong> <strong>per la distribuzione di liquido igienizzante <\/strong>sono collocati agli ingressi del Village, all\u2019ufficio informazioni, in prossimit\u00e0 del bancomat ATM e all\u2019ingresso dei bagni il cui accesso viene contingentato e regolamentato attraverso <strong>veri e propri semafori<\/strong> e sistemi a fotocellule per impedire il sovraffollamento.<\/p>\n<p><strong>A tutti i dipendenti del Village <\/strong>inoltre verr\u00e0 donato <strong>un kit di protezione personalizzato Land of Fashion <\/strong>e all\u2019interno del villaggio saranno disponibili alcuni presidi di auto-sanificazione come salviette monouso e dispenser igienizzanti con soluzioni idroalcoliche.<\/p>\n<p>Una campagna di comunicazione personalizzer\u00e0 il Village e accompagner\u00e0 il visitatore durante la sua esperienza di shopping: l\u2019intero flusso di presenze e gli ingressi alle boutique saranno quindi accompagnati da una segnaletica dedicata.<\/p>\n<p>Continua anche la volont\u00e0 da parte del gruppo di <strong>essere al fianco di alcune realt\u00e0 territoriali<\/strong> con un\u2019iniziativa specifica di raccolta fondi, in continuit\u00e0 con la donazione da 100.000 euro gi\u00e0 erogata a supporto dell\u2019Ospedale di Mantova e della Fondazione Spedali Civili di Brescia.<\/p>\n<p>\u00c8 stata infatti predisposta la <strong>vendita a fini benefici di mascherine riutilizzabili personalizzate dal design esclusivo per uomo e per donna<\/strong>. Gli articoli verranno distribuiti gratuitamente anche agli staff degli store e, per ciascuna mascherina venduta, una parte del ricavato verr\u00e0 donato in beneficenza alla Protezione Civile gruppo di Palmanova e alla Protezione Civile gruppo di Aiello del Friuli.<\/p>\n<p><em>\u00abRiapriamo i negozi per i nostri visitatori, per tutti i dipendenti e i brand nel rispetto di tutte le norme di sicurezza \u2013 <\/em>dichiara <strong>Volker Stinnes<\/strong><em>, <\/em>Amministratore Delegato del Gruppo Land of Fashion <em>\u2013. Si tratta di una ripartenza a doppio significato. Vogliamo accompagnare il nostro pubblico nel ricostruire una nuova quotidianit\u00e0 da vivere in totale sicurezza e al tempo stesso intendiamo trasmettere un messaggio forte e chiaro verso i territori che ci ospitano. Dobbiamo ripartire per garantire quell\u2019indotto fondamentale per lo sviluppo socio-economico delle nostre aree di riferimento. In piena emergenza con Franciacorta e Mantova ci siamo messi al fianco di tutti gli attori impegnati in prima linea nell&#39;emergenza sanitaria Covid-19, adesso dobbiamo affiancare le economie dei nostri territori\u00bb.<\/em><\/p>\n","protected":false},"excerpt":{"rendered":"<p>Previste nuove procedure igieniche di sanificazione<\/p>\n","protected":false},"author":12,"featured_media":33465,"comment_status":"closed","ping_status":"closed","sticky":false,"template":"","format":"standard","meta":{"dwc-title":[],"dwc-content":[],"footnotes":""},"categories":[5],"tags":[],"class_list":["post-33464","post","type-post","status-publish","format-standard","has-post-thumbnail","hentry","category-attualita"],"rttpg_featured_image_url":{"full":["https:\/\/imagazine.it\/wp-content\/uploads\/2024\/01\/34099-1.webp",750,500,false],"landscape":["https:\/\/imagazine.it\/wp-content\/uploads\/2024\/01\/34099-1.webp",750,500,false],"portraits":["https:\/\/imagazine.it\/wp-content\/uploads\/2024\/01\/34099-1.webp",750,500,false],"thumbnail":["https:\/\/imagazine.it\/wp-content\/uploads\/2024\/01\/34099-1-150x150.webp",150,150,true],"medium":["https:\/\/imagazine.it\/wp-content\/uploads\/2024\/01\/34099-1-300x200.webp",300,200,true],"large":["https:\/\/imagazine.it\/wp-content\/uploads\/2024\/01\/34099-1.webp",640,427,false],"thumblist":["https:\/\/imagazine.it\/wp-content\/uploads\/2024\/01\/34099-1.webp",300,200,false],"thumbrelated":["https:\/\/imagazine.it\/wp-content\/uploads\/2024\/01\/34099-1.webp",500,333,false],"meccarouselthumb":["https:\/\/imagazine.it\/wp-content\/uploads\/2024\/01\/34099-1.webp",474,316,false],"gridsquare":["https:\/\/imagazine.it\/wp-content\/uploads\/2024\/01\/34099-1.webp",391,260,false],"tileview":["https:\/\/imagazine.it\/wp-content\/uploads\/2024\/01\/34099-1.webp",300,200,false],"1536x1536":["https:\/\/imagazine.it\/wp-content\/uploads\/2024\/01\/34099-1.webp",750,500,false],"2048x2048":["https:\/\/imagazine.it\/wp-content\/uploads\/2024\/01\/34099-1.webp",750,500,false],"newsup-slider-full":["https:\/\/imagazine.it\/wp-content\/uploads\/2024\/01\/34099-1.webp",750,500,false],"newsup-featured":["https:\/\/imagazine.it\/wp-content\/uploads\/2024\/01\/34099-1.webp",750,500,false],"newsup-medium":["https:\/\/imagazine.it\/wp-content\/uploads\/2024\/01\/34099-1-720x380.webp",720,380,true],"tptn_thumbnail":["https:\/\/imagazine.it\/wp-content\/uploads\/2024\/01\/34099-1.webp",250,167,false],"sow-carousel-default":["https:\/\/imagazine.it\/wp-content\/uploads\/2024\/01\/34099-1-272x182.webp",272,182,true]},"rttpg_author":{"display_name":"Claudio Pizzin","author_link":"https:\/\/imagazine.it\/home_desk\/author\/pizzin\/"},"rttpg_comment":0,"rttpg_category":"<a href=\"https:\/\/imagazine.it\/home_desk\/category\/attualita\/\" rel=\"category tag\">ATTUALIT\u00c0<\/a>","rttpg_excerpt":"Previste nuove procedure igieniche di sanificazione","_links":{"self":[{"href":"https:\/\/imagazine.it\/home_desk\/wp-json\/wp\/v2\/posts\/33464","targetHints":{"allow":["GET"]}}],"collection":[{"href":"https:\/\/imagazine.it\/home_desk\/wp-json\/wp\/v2\/posts"}],"about":[{"href":"https:\/\/imagazine.it\/home_desk\/wp-json\/wp\/v2\/types\/post"}],"author":[{"embeddable":true,"href":"https:\/\/imagazine.it\/home_desk\/wp-json\/wp\/v2\/users\/12"}],"replies":[{"embeddable":true,"href":"https:\/\/imagazine.it\/home_desk\/wp-json\/wp\/v2\/comments?post=33464"}],"version-history":[{"count":0,"href":"https:\/\/imagazine.it\/home_desk\/wp-json\/wp\/v2\/posts\/33464\/revisions"}],"wp:featuredmedia":[{"embeddable":true,"href":"https:\/\/imagazine.it\/home_desk\/wp-json\/wp\/v2\/media\/33465"}],"wp:attachment":[{"href":"https:\/\/imagazine.it\/home_desk\/wp-json\/wp\/v2\/media?parent=33464"}],"wp:term":[{"taxonomy":"category","embeddable":true,"href":"https:\/\/imagazine.it\/home_desk\/wp-json\/wp\/v2\/categories?post=33464"},{"taxonomy":"post_tag","embeddable":true,"href":"https:\/\/imagazine.it\/home_desk\/wp-json\/wp\/v2\/tags?post=33464"}],"curies":[{"name":"wp","href":"https:\/\/api.w.org\/{rel}","templated":true}]}}