{"id":33454,"date":"2020-05-17T00:00:00","date_gmt":"2020-05-16T23:00:00","guid":{"rendered":"https:\/\/imagazine.it\/?p=33454"},"modified":"2020-05-17T00:00:00","modified_gmt":"2020-05-16T23:00:00","slug":"staranzano-due-nuovi-contagiati-per-covid-19","status":"publish","type":"post","link":"https:\/\/imagazine.it\/home_desk\/staranzano-due-nuovi-contagiati-per-covid-19\/","title":{"rendered":"Staranzano, due nuovi contagiati per Covid-19"},"content":{"rendered":"<p>A distanza di una settimana dall&#39;ultimo aggiornamento, \u00e8 segnalata la presenza di ulteriori due persone positive al COVID-19 nel comune di Staranzano e, nel contempo, la guarigione di una.<\/p>\n<p>Riepilogando, i casi attualmente positivi sono quattro e altrettante le persone guarite, portando cos\u00ec a otto il totale dei casi registrati dall&#39;inizio dell&#39;emergenza sanitaria.<\/p>\n<p>Se inizialmente per circa un mese non ci sono state variazioni, ora negli ultimi quindici giorni vengono registrati cinque nuovi casi.<\/p>\n<p>\u201cTengo a precisare \u2013 spiega il sindaco <strong>Riccardo Marchesan<\/strong> \u2013 che questi, come gli altri, non sono stati originati da un focolaio interno della nostra citt\u00e0. Tutte le persone sono seguite dal Dipartimento di Prevenzione, con l\u2019applicazione dei previsti protocolli. Questo incremento di casi ci fa capire, se ce ne fosse ancora bisogno, che non \u00e8 giunto il tempo di abbassare la guardia, ma quello di mantenere alta la nostra attenzione\u201d.<\/p>\n<p>La Fase 2 \u00e8 particolarmente delicata: contenere il contagio dipender\u00e0 principalmente dal comportamento di tutta la comunit\u00e0, per cui serve rispettare le misure che sono state dettate, ossia quelle di evitare assembramenti, portare la mascherina, i guanti quando necessario e attenersi scrupolosamente alle norme igieniche impartite.<\/p>\n","protected":false},"excerpt":{"rendered":"<p>Lo rende noto il sindaco<\/p>\n","protected":false},"author":22,"featured_media":33455,"comment_status":"closed","ping_status":"closed","sticky":false,"template":"","format":"standard","meta":{"dwc-title":[],"dwc-content":[],"footnotes":""},"categories":[5],"tags":[],"class_list":["post-33454","post","type-post","status-publish","format-standard","has-post-thumbnail","hentry","category-attualita"],"rttpg_featured_image_url":{"full":["https:\/\/imagazine.it\/wp-content\/uploads\/2024\/01\/34090-1.webp",750,479,false],"landscape":["https:\/\/imagazine.it\/wp-content\/uploads\/2024\/01\/34090-1.webp",750,479,false],"portraits":["https:\/\/imagazine.it\/wp-content\/uploads\/2024\/01\/34090-1.webp",750,479,false],"thumbnail":["https:\/\/imagazine.it\/wp-content\/uploads\/2024\/01\/34090-1-150x150.webp",150,150,true],"medium":["https:\/\/imagazine.it\/wp-content\/uploads\/2024\/01\/34090-1-300x192.webp",300,192,true],"large":["https:\/\/imagazine.it\/wp-content\/uploads\/2024\/01\/34090-1.webp",640,409,false],"thumblist":["https:\/\/imagazine.it\/wp-content\/uploads\/2024\/01\/34090-1.webp",300,192,false],"thumbrelated":["https:\/\/imagazine.it\/wp-content\/uploads\/2024\/01\/34090-1.webp",500,319,false],"meccarouselthumb":["https:\/\/imagazine.it\/wp-content\/uploads\/2024\/01\/34090-1.webp",474,303,false],"gridsquare":["https:\/\/imagazine.it\/wp-content\/uploads\/2024\/01\/34090-1.webp",391,250,false],"tileview":["https:\/\/imagazine.it\/wp-content\/uploads\/2024\/01\/34090-1.webp",300,192,false],"1536x1536":["https:\/\/imagazine.it\/wp-content\/uploads\/2024\/01\/34090-1.webp",750,479,false],"2048x2048":["https:\/\/imagazine.it\/wp-content\/uploads\/2024\/01\/34090-1.webp",750,479,false],"newsup-slider-full":["https:\/\/imagazine.it\/wp-content\/uploads\/2024\/01\/34090-1.webp",750,479,false],"newsup-featured":["https:\/\/imagazine.it\/wp-content\/uploads\/2024\/01\/34090-1.webp",750,479,false],"newsup-medium":["https:\/\/imagazine.it\/wp-content\/uploads\/2024\/01\/34090-1-720x380.webp",720,380,true],"tptn_thumbnail":["https:\/\/imagazine.it\/wp-content\/uploads\/2024\/01\/34090-1.webp",250,160,false],"sow-carousel-default":["https:\/\/imagazine.it\/wp-content\/uploads\/2024\/01\/34090-1-272x182.webp",272,182,true]},"rttpg_author":{"display_name":"Livio Nonis","author_link":"https:\/\/imagazine.it\/home_desk\/author\/nonis\/"},"rttpg_comment":0,"rttpg_category":"<a href=\"https:\/\/imagazine.it\/home_desk\/category\/attualita\/\" rel=\"category tag\">ATTUALIT\u00c0<\/a>","rttpg_excerpt":"Lo rende noto il sindaco","_links":{"self":[{"href":"https:\/\/imagazine.it\/home_desk\/wp-json\/wp\/v2\/posts\/33454","targetHints":{"allow":["GET"]}}],"collection":[{"href":"https:\/\/imagazine.it\/home_desk\/wp-json\/wp\/v2\/posts"}],"about":[{"href":"https:\/\/imagazine.it\/home_desk\/wp-json\/wp\/v2\/types\/post"}],"author":[{"embeddable":true,"href":"https:\/\/imagazine.it\/home_desk\/wp-json\/wp\/v2\/users\/22"}],"replies":[{"embeddable":true,"href":"https:\/\/imagazine.it\/home_desk\/wp-json\/wp\/v2\/comments?post=33454"}],"version-history":[{"count":0,"href":"https:\/\/imagazine.it\/home_desk\/wp-json\/wp\/v2\/posts\/33454\/revisions"}],"wp:featuredmedia":[{"embeddable":true,"href":"https:\/\/imagazine.it\/home_desk\/wp-json\/wp\/v2\/media\/33455"}],"wp:attachment":[{"href":"https:\/\/imagazine.it\/home_desk\/wp-json\/wp\/v2\/media?parent=33454"}],"wp:term":[{"taxonomy":"category","embeddable":true,"href":"https:\/\/imagazine.it\/home_desk\/wp-json\/wp\/v2\/categories?post=33454"},{"taxonomy":"post_tag","embeddable":true,"href":"https:\/\/imagazine.it\/home_desk\/wp-json\/wp\/v2\/tags?post=33454"}],"curies":[{"name":"wp","href":"https:\/\/api.w.org\/{rel}","templated":true}]}}