{"id":33452,"date":"2020-05-15T00:00:00","date_gmt":"2020-05-14T23:00:00","guid":{"rendered":"https:\/\/imagazine.it\/?p=33452"},"modified":"2020-05-15T00:00:00","modified_gmt":"2020-05-14T23:00:00","slug":"monfalcone-rilancia-la-cultura-attraverso-il-web","status":"publish","type":"post","link":"https:\/\/imagazine.it\/home_desk\/monfalcone-rilancia-la-cultura-attraverso-il-web\/","title":{"rendered":"Monfalcone rilancia la cultura attraverso il web"},"content":{"rendered":"<p>Con il motto \u201cLa cultura ti fa compagnia\u201d, il <strong>Comune di Monfalcone<\/strong> lancia una serie di iniziative culturali attraverso gli strumenti digitali.<\/p>\n<p>\u201cUn progetto di comunicazione in rete \u2013 afferma l\u2019Assessore alla cultura, <strong>Luca Fasan<\/strong> \u2013 delle nostre sedi culturali (Biblioteca, Galleria Comunale, Museo della Cantieristica, Teatro Comunale) che si sviluppa dalla capacit\u00e0 di dialogo e di ascolto con gli utenti dei nostri contenitori culturali, privilegia le tecnologie digitali e promuove l\u2019uso delle risorse in rete\u201d.<\/p>\n<p>La <strong>Biblioteca di Monfalcone<\/strong> ha avviato il progetto proponendo sui suoi canali social letture ad alta voce con i Lettori in Cantiere, ha celebrato il suo compleanno con un video speciale di auguri di persone che le vogliono bene, ha attivato la rubrica \u201cTi consiglio un libro\u201d per non far sentire sole le persone in questi momenti difficili e sta lavorando per attivare nuove modalit\u00e0 di partecipazione agli eventi anche da casa.\u00a0<\/p>\n<p>Da luned\u00ec 18 maggio, inoltre, la Biblioteca di Monfalcone torna ad aprire le sue porte (con il seguente orario: da luned\u00ec a sabato dalle 9 alle 12 e luned\u00ec e mercoled\u00ec dalle 16 alle 19) offrendo la possibilit\u00e0 di prendere a prestito libri, film, riviste, audiolibri: un patrimonio di quasi 100.000 documenti.<\/p>\n<p>Per rispettare le disposizioni di sicurezza in atto sar\u00e0 attivo solo il servizio prestito e restituzione, l\u2019accesso sar\u00e0 contingentato e regolato all\u2019ingresso da personale addetto. Le persone non potranno utilizzare le sale della biblioteca e dovranno mantenere le distanze di sicurezza nell\u2019attesa di poter accedere, una alla volta, al servizio prestiti e restituzione, predisposto in due aree distinte. Sar\u00e0 necessario effettuare la sanificazione delle mani con la soluzione igienizzante posta all\u2019ingresso e ci sar\u00e0 l\u2019obbligo dell\u2019uso della mascherina che copra naso e bocca durante tutto il tempo di permanenza. Si consiglia di prenotare via telefono o via mail i titoli desiderati cos\u00ec da abbreviare la presenza in Biblioteca.\u00a0<\/p>\n<p>Viene sospeso il servizio di consultazione dei giornali e riviste in sede, sono chiuse tutte le sale (compresa la sezione ragazzi), \u00e8 sospeso il servizio internet; l\u2019accesso all\u2019archivio storico potr\u00e0 avvenire solo su appuntamento concordato via mail (archiviostorico@comune.monfalcone.go.it).<\/p>\n<p>Per i soli cittadini di Monfalcone proseguir\u00e0 anche il prestito a domicilio, che ha riscosso successo grazie alla preziosa collaborazione dell\u2019Associazione \u201cSettembre in Vita\u201d, che ha consegnato 400 documenti circa tra libri, audiolibri, film e riviste a un centinaio di famiglie monfalconesi.<br \/> Da sottolineare, infine, che almeno fino alla fine di maggio nessuna sanzione \u00e8 prevista per la ritardata consegna dei libri.<\/p>\n","protected":false},"excerpt":{"rendered":"<p>Successo per il prestito dei libri a domicilio<\/p>\n","protected":false},"author":28,"featured_media":33453,"comment_status":"closed","ping_status":"closed","sticky":false,"template":"","format":"standard","meta":{"dwc-title":[],"dwc-content":[],"footnotes":""},"categories":[37],"tags":[],"class_list":["post-33452","post","type-post","status-publish","format-standard","has-post-thumbnail","hentry","category-cultura-e-spettacolo"],"rttpg_featured_image_url":{"full":["https:\/\/imagazine.it\/wp-content\/uploads\/2024\/01\/34088-1.webp",750,528,false],"landscape":["https:\/\/imagazine.it\/wp-content\/uploads\/2024\/01\/34088-1.webp",750,528,false],"portraits":["https:\/\/imagazine.it\/wp-content\/uploads\/2024\/01\/34088-1.webp",750,528,false],"thumbnail":["https:\/\/imagazine.it\/wp-content\/uploads\/2024\/01\/34088-1-150x150.webp",150,150,true],"medium":["https:\/\/imagazine.it\/wp-content\/uploads\/2024\/01\/34088-1-300x211.webp",300,211,true],"large":["https:\/\/imagazine.it\/wp-content\/uploads\/2024\/01\/34088-1.webp",640,451,false],"thumblist":["https:\/\/imagazine.it\/wp-content\/uploads\/2024\/01\/34088-1.webp",300,211,false],"thumbrelated":["https:\/\/imagazine.it\/wp-content\/uploads\/2024\/01\/34088-1.webp",500,352,false],"meccarouselthumb":["https:\/\/imagazine.it\/wp-content\/uploads\/2024\/01\/34088-1.webp",460,324,false],"gridsquare":["https:\/\/imagazine.it\/wp-content\/uploads\/2024\/01\/34088-1.webp",369,260,false],"tileview":["https:\/\/imagazine.it\/wp-content\/uploads\/2024\/01\/34088-1.webp",300,211,false],"1536x1536":["https:\/\/imagazine.it\/wp-content\/uploads\/2024\/01\/34088-1.webp",750,528,false],"2048x2048":["https:\/\/imagazine.it\/wp-content\/uploads\/2024\/01\/34088-1.webp",750,528,false],"newsup-slider-full":["https:\/\/imagazine.it\/wp-content\/uploads\/2024\/01\/34088-1.webp",750,528,false],"newsup-featured":["https:\/\/imagazine.it\/wp-content\/uploads\/2024\/01\/34088-1.webp",750,528,false],"newsup-medium":["https:\/\/imagazine.it\/wp-content\/uploads\/2024\/01\/34088-1-720x380.webp",720,380,true],"tptn_thumbnail":["https:\/\/imagazine.it\/wp-content\/uploads\/2024\/01\/34088-1.webp",250,176,false],"sow-carousel-default":["https:\/\/imagazine.it\/wp-content\/uploads\/2024\/01\/34088-1-272x182.webp",272,182,true]},"rttpg_author":{"display_name":"redazione","author_link":"https:\/\/imagazine.it\/home_desk\/author\/redazione\/"},"rttpg_comment":0,"rttpg_category":"<a href=\"https:\/\/imagazine.it\/home_desk\/category\/cultura-e-spettacolo\/\" rel=\"category tag\">CULTURA&amp;SPETTACOLO<\/a>","rttpg_excerpt":"Successo per il prestito dei libri a domicilio","_links":{"self":[{"href":"https:\/\/imagazine.it\/home_desk\/wp-json\/wp\/v2\/posts\/33452","targetHints":{"allow":["GET"]}}],"collection":[{"href":"https:\/\/imagazine.it\/home_desk\/wp-json\/wp\/v2\/posts"}],"about":[{"href":"https:\/\/imagazine.it\/home_desk\/wp-json\/wp\/v2\/types\/post"}],"author":[{"embeddable":true,"href":"https:\/\/imagazine.it\/home_desk\/wp-json\/wp\/v2\/users\/28"}],"replies":[{"embeddable":true,"href":"https:\/\/imagazine.it\/home_desk\/wp-json\/wp\/v2\/comments?post=33452"}],"version-history":[{"count":0,"href":"https:\/\/imagazine.it\/home_desk\/wp-json\/wp\/v2\/posts\/33452\/revisions"}],"wp:featuredmedia":[{"embeddable":true,"href":"https:\/\/imagazine.it\/home_desk\/wp-json\/wp\/v2\/media\/33453"}],"wp:attachment":[{"href":"https:\/\/imagazine.it\/home_desk\/wp-json\/wp\/v2\/media?parent=33452"}],"wp:term":[{"taxonomy":"category","embeddable":true,"href":"https:\/\/imagazine.it\/home_desk\/wp-json\/wp\/v2\/categories?post=33452"},{"taxonomy":"post_tag","embeddable":true,"href":"https:\/\/imagazine.it\/home_desk\/wp-json\/wp\/v2\/tags?post=33452"}],"curies":[{"name":"wp","href":"https:\/\/api.w.org\/{rel}","templated":true}]}}