{"id":33450,"date":"2020-05-15T00:00:00","date_gmt":"2020-05-14T23:00:00","guid":{"rendered":"https:\/\/imagazine.it\/?p=33450"},"modified":"2020-05-15T00:00:00","modified_gmt":"2020-05-14T23:00:00","slug":"incendio-marghera-arpa-fvg-monitora-linquinamento-dellaria","status":"publish","type":"post","link":"https:\/\/imagazine.it\/home_desk\/incendio-marghera-arpa-fvg-monitora-linquinamento-dellaria\/","title":{"rendered":"Incendio Marghera, ARPA FVG monitora l&#8217;inquinamento dell&#8217;aria"},"content":{"rendered":"<p>&#8220;Appena appresa la notizia dell&#39;incendio che ha coinvolto stamani lo stabilimento chimico di Marghera ho subito contattato Arpa Fvg per informarmi di eventuali ricadute sulla nostra regione&#8221;. Cos\u00ec l&#39;assessore regionale alla Difesa dell&#39;ambiente <strong>Fabio Scoccimarro<\/strong>.<\/p>\n<p>Lo spegnimento del rogo che ha investito un&#39;azienda di prodotti chimici nell&#39;area euganea e che ha causato due feriti gravi \u00e8 in corso di svolgimento. Agli abitanti del luogo la Protezione civile del Veneto ho rivolto l&#39;invito a chiudere porte e finestre.<\/p>\n<p>Per quanto riguarda il Friuli Venezia Giulia, &#8220;la nostra Agenzia per la protezione dell&#39;ambiente ha spiegato che al momento i venti provengono da Nord-Est nei bassi strati e da Sud-Est in quota, allontanando quindi gli eventuali inquinanti emessi dal nostro territorio regionale&#8221;, ha riferito Scoccimarro. &#8220;Ovviamente &#8211; ha concluso l&#39;assessore &#8211; il monitoraggio proseguir\u00e0 fintanto che verr\u00e0 ritenuto indispensabile e verr\u00e0 data pronta comunicazione nel caso in cui la situazione diventi pericolosa per i nostri concittadini&#8221;.<\/p>\n","protected":false},"excerpt":{"rendered":"<p>La conferma dell&#8217;assessore Scoccimarro<\/p>\n","protected":false},"author":28,"featured_media":33451,"comment_status":"closed","ping_status":"closed","sticky":false,"template":"","format":"standard","meta":{"dwc-title":[],"dwc-content":[],"footnotes":""},"categories":[5],"tags":[],"class_list":["post-33450","post","type-post","status-publish","format-standard","has-post-thumbnail","hentry","category-attualita"],"rttpg_featured_image_url":{"full":["https:\/\/imagazine.it\/wp-content\/uploads\/2024\/01\/34087-1.webp",750,510,false],"landscape":["https:\/\/imagazine.it\/wp-content\/uploads\/2024\/01\/34087-1.webp",750,510,false],"portraits":["https:\/\/imagazine.it\/wp-content\/uploads\/2024\/01\/34087-1.webp",750,510,false],"thumbnail":["https:\/\/imagazine.it\/wp-content\/uploads\/2024\/01\/34087-1-150x150.webp",150,150,true],"medium":["https:\/\/imagazine.it\/wp-content\/uploads\/2024\/01\/34087-1-300x204.webp",300,204,true],"large":["https:\/\/imagazine.it\/wp-content\/uploads\/2024\/01\/34087-1.webp",640,435,false],"thumblist":["https:\/\/imagazine.it\/wp-content\/uploads\/2024\/01\/34087-1.webp",300,204,false],"thumbrelated":["https:\/\/imagazine.it\/wp-content\/uploads\/2024\/01\/34087-1.webp",500,340,false],"meccarouselthumb":["https:\/\/imagazine.it\/wp-content\/uploads\/2024\/01\/34087-1.webp",474,322,false],"gridsquare":["https:\/\/imagazine.it\/wp-content\/uploads\/2024\/01\/34087-1.webp",382,260,false],"tileview":["https:\/\/imagazine.it\/wp-content\/uploads\/2024\/01\/34087-1.webp",300,204,false],"1536x1536":["https:\/\/imagazine.it\/wp-content\/uploads\/2024\/01\/34087-1.webp",750,510,false],"2048x2048":["https:\/\/imagazine.it\/wp-content\/uploads\/2024\/01\/34087-1.webp",750,510,false],"newsup-slider-full":["https:\/\/imagazine.it\/wp-content\/uploads\/2024\/01\/34087-1.webp",750,510,false],"newsup-featured":["https:\/\/imagazine.it\/wp-content\/uploads\/2024\/01\/34087-1.webp",750,510,false],"newsup-medium":["https:\/\/imagazine.it\/wp-content\/uploads\/2024\/01\/34087-1-720x380.webp",720,380,true],"tptn_thumbnail":["https:\/\/imagazine.it\/wp-content\/uploads\/2024\/01\/34087-1.webp",250,170,false],"sow-carousel-default":["https:\/\/imagazine.it\/wp-content\/uploads\/2024\/01\/34087-1-272x182.webp",272,182,true]},"rttpg_author":{"display_name":"redazione","author_link":"https:\/\/imagazine.it\/home_desk\/author\/redazione\/"},"rttpg_comment":0,"rttpg_category":"<a href=\"https:\/\/imagazine.it\/home_desk\/category\/attualita\/\" rel=\"category tag\">ATTUALIT\u00c0<\/a>","rttpg_excerpt":"La conferma dell'assessore Scoccimarro","_links":{"self":[{"href":"https:\/\/imagazine.it\/home_desk\/wp-json\/wp\/v2\/posts\/33450","targetHints":{"allow":["GET"]}}],"collection":[{"href":"https:\/\/imagazine.it\/home_desk\/wp-json\/wp\/v2\/posts"}],"about":[{"href":"https:\/\/imagazine.it\/home_desk\/wp-json\/wp\/v2\/types\/post"}],"author":[{"embeddable":true,"href":"https:\/\/imagazine.it\/home_desk\/wp-json\/wp\/v2\/users\/28"}],"replies":[{"embeddable":true,"href":"https:\/\/imagazine.it\/home_desk\/wp-json\/wp\/v2\/comments?post=33450"}],"version-history":[{"count":0,"href":"https:\/\/imagazine.it\/home_desk\/wp-json\/wp\/v2\/posts\/33450\/revisions"}],"wp:featuredmedia":[{"embeddable":true,"href":"https:\/\/imagazine.it\/home_desk\/wp-json\/wp\/v2\/media\/33451"}],"wp:attachment":[{"href":"https:\/\/imagazine.it\/home_desk\/wp-json\/wp\/v2\/media?parent=33450"}],"wp:term":[{"taxonomy":"category","embeddable":true,"href":"https:\/\/imagazine.it\/home_desk\/wp-json\/wp\/v2\/categories?post=33450"},{"taxonomy":"post_tag","embeddable":true,"href":"https:\/\/imagazine.it\/home_desk\/wp-json\/wp\/v2\/tags?post=33450"}],"curies":[{"name":"wp","href":"https:\/\/api.w.org\/{rel}","templated":true}]}}