{"id":33446,"date":"2020-05-15T00:00:00","date_gmt":"2020-05-14T23:00:00","guid":{"rendered":"https:\/\/imagazine.it\/?p=33446"},"modified":"2020-05-15T00:00:00","modified_gmt":"2020-05-14T23:00:00","slug":"in-friuli-musicisti-uniti-per-i-malati-di-distrofia","status":"publish","type":"post","link":"https:\/\/imagazine.it\/home_desk\/in-friuli-musicisti-uniti-per-i-malati-di-distrofia\/","title":{"rendered":"In Friuli musicisti uniti per i malati di distrofia"},"content":{"rendered":"<p>Si chiama \u201c<strong>A f\u00e2 ben nol \u00e8 mai m\u00e2l<\/strong>\u201d (in friulano: fare del bene non \u00e8 mai un male) ed \u00e8 la campagna di raccolta fondi lanciata da un collettivo di musicisti friulani a favore dell\u2019<strong>Unione italiana lotta alla distrofia muscolare di Udine<\/strong>. L\u2019obiettivo del gruppo \u00e8 raccogliere i\u00a0<strong>12.000 euro<\/strong>\u00a0necessari all\u2019acquisto di\u00a0<strong>un\u2019automobile attrezzata usata per il trasporto di persone in carrozzina<\/strong>\u00a0da destinare a una famiglia in difficolt\u00e0 economiche individuata dalla <u><a href=\"https:\/\/udine.uildm.org\" target=\"_blank\" rel=\"noopener\">UILDM di Udine<\/a><\/u>.<\/p>\n<p>La campagna \u00e8 stata lanciata sui social dalla\u00a0<u><a href=\"http:\/\/www.facebook.com\/a.fa.ben.nol.e.mai.mal\" target=\"_blank\" rel=\"noopener\"><strong>pagina Facebook<\/strong>\u00a0dedicata<\/a><\/u> e tramite la\u00a0<u><a href=\"http:\/\/www.gofundme.com\/f\/uildm\" target=\"_blank\" rel=\"noopener\"><strong>piattaforma di crowdfunding GoFundMe<\/strong><\/a><\/u>\u00a0assieme a un videoclip che i musicisti hanno realizzato durante le settimane di\u00a0<strong>isolamento forzato dovuto all\u2019emergenza Covid-19:<\/strong>\u00a0ognuno dalla propria abitazione ha registrato il suo contributo musicale, che \u00e8 stato poi montato e mixato da remoto assieme agli altri dando vita al\u00a0<strong>brano \u201cFragile\u201d realizzato appositamente per la campagna.<\/strong><\/p>\n<p>Tutte le donazioni raccolte saranno devolute direttamente all\u2019<strong>Unione italiana lotta alla distrofia muscolare di Udine<\/strong>, che\u00a0le utilizzer\u00e0 per l\u2019acquisto di un veicolo dotato di una pedana su cui sia possibile per la persona disabile salire senza scendere dalla carrozzina. Qualora l\u2019obiettivo dei 12.000 euro venisse superato o non venisse raggiunto, sono previsti\u00a0<strong>altri obiettivi modulabili<\/strong>\u00a0in base alla cifra raccolta, che prevedono l\u2019acquisto di\u00a0<strong>strumenti di domotica<\/strong>\u00a0per una migliore qualit\u00e0 della vita in casa delle persone con gravi disabilit\u00e0 e\u00a0<strong>generatori di corrente e gruppi di continuit\u00e0<\/strong>\u00a0per l\u2019utilizzo di ventilatori o altri ausili a funzionamento elettrico.\u00a0\u00a0\u00a0<\/p>\n<p>\u00a0<\/p>\n<p>Il team:<\/p>\n<p>Michele Zanuttini (voce, cori, scintilla dell&#39;ispirazione)<\/p>\n<p>Albert Cleans (voce, cori)<\/p>\n<p>Mirco Varotto (voce, cori)<\/p>\n<p>Mauro Tubet Tubetti\/ DJ Tubet (rap furlan)<\/p>\n<p>Alberto Chiavone (pianoforte)<\/p>\n<p>Nicolas Morassutto (batteria, editing audio)<\/p>\n<p>Ivo Boscariol (basso)<\/p>\n<p>Massimo Zanuttini (chitarre acustiche)<\/p>\n<p>Matteo Floreani (chitarre elettriche)<\/p>\n<p>Cristian Tavano (chitarra solista, management)<\/p>\n<p>Andrea Guarascio (montaggio video)<\/p>\n<p>Veronica Cirillo (montaggio video)<\/p>\n<p>Francesco Marzona (mix audio)<\/p>\n<p>Maurizio De Ascanis (promozione\/raccolta fondi)<\/p>\n<p>Dario Snidaro (promozione\/raccolta fondi)<\/p>\n","protected":false},"excerpt":{"rendered":"<p>Campagna \u201cA f\u00e2 ben nol \u00e8 mai m\u00e2l\u201d<\/p>\n","protected":false},"author":28,"featured_media":33447,"comment_status":"closed","ping_status":"closed","sticky":false,"template":"","format":"standard","meta":{"dwc-title":[],"dwc-content":[],"footnotes":""},"categories":[5],"tags":[],"class_list":["post-33446","post","type-post","status-publish","format-standard","has-post-thumbnail","hentry","category-attualita"],"rttpg_featured_image_url":{"full":["https:\/\/imagazine.it\/wp-content\/uploads\/2024\/01\/34085-1.webp",750,600,false],"landscape":["https:\/\/imagazine.it\/wp-content\/uploads\/2024\/01\/34085-1.webp",750,600,false],"portraits":["https:\/\/imagazine.it\/wp-content\/uploads\/2024\/01\/34085-1.webp",750,600,false],"thumbnail":["https:\/\/imagazine.it\/wp-content\/uploads\/2024\/01\/34085-1-150x150.webp",150,150,true],"medium":["https:\/\/imagazine.it\/wp-content\/uploads\/2024\/01\/34085-1-300x240.webp",300,240,true],"large":["https:\/\/imagazine.it\/wp-content\/uploads\/2024\/01\/34085-1.webp",640,512,false],"thumblist":["https:\/\/imagazine.it\/wp-content\/uploads\/2024\/01\/34085-1.webp",300,240,false],"thumbrelated":["https:\/\/imagazine.it\/wp-content\/uploads\/2024\/01\/34085-1.webp",500,400,false],"meccarouselthumb":["https:\/\/imagazine.it\/wp-content\/uploads\/2024\/01\/34085-1.webp",405,324,false],"gridsquare":["https:\/\/imagazine.it\/wp-content\/uploads\/2024\/01\/34085-1.webp",325,260,false],"tileview":["https:\/\/imagazine.it\/wp-content\/uploads\/2024\/01\/34085-1.webp",300,240,false],"1536x1536":["https:\/\/imagazine.it\/wp-content\/uploads\/2024\/01\/34085-1.webp",750,600,false],"2048x2048":["https:\/\/imagazine.it\/wp-content\/uploads\/2024\/01\/34085-1.webp",750,600,false],"newsup-slider-full":["https:\/\/imagazine.it\/wp-content\/uploads\/2024\/01\/34085-1.webp",750,600,false],"newsup-featured":["https:\/\/imagazine.it\/wp-content\/uploads\/2024\/01\/34085-1.webp",750,600,false],"newsup-medium":["https:\/\/imagazine.it\/wp-content\/uploads\/2024\/01\/34085-1-720x380.webp",720,380,true],"tptn_thumbnail":["https:\/\/imagazine.it\/wp-content\/uploads\/2024\/01\/34085-1.webp",250,200,false],"sow-carousel-default":["https:\/\/imagazine.it\/wp-content\/uploads\/2024\/01\/34085-1-272x182.webp",272,182,true]},"rttpg_author":{"display_name":"redazione","author_link":"https:\/\/imagazine.it\/home_desk\/author\/redazione\/"},"rttpg_comment":0,"rttpg_category":"<a href=\"https:\/\/imagazine.it\/home_desk\/category\/attualita\/\" rel=\"category tag\">ATTUALIT\u00c0<\/a>","rttpg_excerpt":"Campagna \u201cA f\u00e2 ben nol \u00e8 mai m\u00e2l\u201d","_links":{"self":[{"href":"https:\/\/imagazine.it\/home_desk\/wp-json\/wp\/v2\/posts\/33446","targetHints":{"allow":["GET"]}}],"collection":[{"href":"https:\/\/imagazine.it\/home_desk\/wp-json\/wp\/v2\/posts"}],"about":[{"href":"https:\/\/imagazine.it\/home_desk\/wp-json\/wp\/v2\/types\/post"}],"author":[{"embeddable":true,"href":"https:\/\/imagazine.it\/home_desk\/wp-json\/wp\/v2\/users\/28"}],"replies":[{"embeddable":true,"href":"https:\/\/imagazine.it\/home_desk\/wp-json\/wp\/v2\/comments?post=33446"}],"version-history":[{"count":0,"href":"https:\/\/imagazine.it\/home_desk\/wp-json\/wp\/v2\/posts\/33446\/revisions"}],"wp:featuredmedia":[{"embeddable":true,"href":"https:\/\/imagazine.it\/home_desk\/wp-json\/wp\/v2\/media\/33447"}],"wp:attachment":[{"href":"https:\/\/imagazine.it\/home_desk\/wp-json\/wp\/v2\/media?parent=33446"}],"wp:term":[{"taxonomy":"category","embeddable":true,"href":"https:\/\/imagazine.it\/home_desk\/wp-json\/wp\/v2\/categories?post=33446"},{"taxonomy":"post_tag","embeddable":true,"href":"https:\/\/imagazine.it\/home_desk\/wp-json\/wp\/v2\/tags?post=33446"}],"curies":[{"name":"wp","href":"https:\/\/api.w.org\/{rel}","templated":true}]}}