{"id":33418,"date":"2020-05-13T00:00:00","date_gmt":"2020-05-12T23:00:00","guid":{"rendered":"https:\/\/imagazine.it\/?p=33418"},"modified":"2020-05-13T00:00:00","modified_gmt":"2020-05-12T23:00:00","slug":"aiello-riapre-la-biblioteca-comunale","status":"publish","type":"post","link":"https:\/\/imagazine.it\/home_desk\/aiello-riapre-la-biblioteca-comunale\/","title":{"rendered":"Aiello, riapre la biblioteca comunale"},"content":{"rendered":"<p>Luned\u00ec 18 maggio riaprir\u00e0 la Biblioteca Comunale di Aiello del Friuli, Si potr\u00e0 accedere, per ora, soltanto al prestito dei libri. In particolare l\u2019accesso degli utenti sar\u00e0 possibile solo per le seguenti attivit\u00e0: prenotazione dei documenti desiderati e ritiro concordato con il bibliotecario, nonch\u00e9 la restituzione dei documenti.<\/p>\n<p>Non sar\u00e0 consentito l\u2019accesso agli scaffali della biblioteca da parte dell\u2019utenza, n\u00e9 per la scelta dei documenti, n\u00e9 per l\u2019utilizzo di tutti gli altri servizi.<\/p>\n<p>Per i prestiti sar\u00e0 favorita la prenotazione online, telefonica o via mail dei libri, servizio di reference sul momento da ridurre a chi \u2013 per svariate ragioni \u2013 non ha accesso al portale o non prenota via mail.<\/p>\n<p><a href=\"http:\/\/imagazinevideotruck.it\/outlet\/relink.html\" target=\"_top\" rel=\"noopener\"><img loading=\"lazy\" decoding=\"async\" align=\"LEFT\" height=\"250\" src=\"http:\/\/imagazinevideotruck.it\/outlet\/outlet30.jpg\" width=\"300\" alt=\"\" title=\"\"><\/a><\/p>\n<p>\u00a0<\/p>\n<p>\u00a0<\/p>\n<p>\u00a0<\/p>\n<p>\u00a0<\/p>\n<p>\u00a0<\/p>\n<p>\u00a0<\/p>\n<p>\u00a0<\/p>\n<p>\u00a0<\/p>\n<p>\u00a0<\/p>\n<p>Gli utenti dovranno essere dotati di mascherina che copra naso e bocca, igienizzarsi le mani con la soluzione igienizzante fornita all\u2019entrata della biblioteca, non potranno deambulare all\u2019interno della biblioteca, bens\u00ec dovranno fermarsi dove indicato chiedendo al bibliotecario il materiale desiderato in prestito o prenotato telefonicamente o via mail. Dovranno inoltre mantenere una adeguata distanza interpersonale \u2013 comunque mai inferiore a 1 metro \u2013 rispetto al bibliotecario o ad altro personale in servizio in presenza nella biblioteca, rispettare la distanza di sicurezza interpersonale di almeno 1 metro anche all\u2019esterno della biblioteca e in tutti i suoi spazi accessori.<\/p>\n<p>\u00a0<\/p>\n<h2>Apertura al pubblico:<\/h2>\n<table border=\"0\" cellpadding=\"0\" cellspacing=\"0\">\n<thead>\n<tr>\n<th style=\"width:100px;\">\n<p align=\"left\">Giornata<\/p>\n<\/th>\n<th style=\"width:230px;\">\n<p align=\"left\">Orario invernale (settembre\/maggio)<\/p>\n<\/th>\n<th style=\"width:207px;\">\n<p align=\"left\">Orario estivo (giugno\/agosto)<\/p>\n<\/th>\n<\/tr>\n<\/thead>\n<tbody>\n<tr>\n<td style=\"width:100px;\">\n<div>\n<p>Luned\u00ec<\/p>\n<\/p><\/div>\n<\/td>\n<td style=\"width:230px;\">\n<div>\n<p>15.00 &#8211; 17.00<\/p>\n<\/p><\/div>\n<\/td>\n<td style=\"width:207px;\">\n<div>\n<p>10.00 &#8211; 12.00<\/p>\n<\/p><\/div>\n<\/td>\n<\/tr>\n<tr>\n<td style=\"width:100px;\">\n<div>\n<p>Marted\u00ec<\/p>\n<\/p><\/div>\n<\/td>\n<td style=\"width:230px;\">\n<div>\n<p>16.00 &#8211; 19.00<\/p>\n<\/p><\/div>\n<\/td>\n<td style=\"width:207px;\">\n<div>\n<p>16.00 &#8211; 19.00<\/p>\n<\/p><\/div>\n<\/td>\n<\/tr>\n<tr>\n<td style=\"width:100px;\">\n<div>\n<p>Mercoled\u00ec<\/p>\n<\/p><\/div>\n<\/td>\n<td style=\"width:230px;\">\n<div>\n<p>09.00 &#8211; 12.00<\/p>\n<\/p><\/div>\n<\/td>\n<td style=\"width:207px;\">\n<div>\n<p>09.00 &#8211; 12.00<\/p>\n<\/p><\/div>\n<\/td>\n<\/tr>\n<tr>\n<td style=\"width:100px;\">\n<div>\n<p>Gioved\u00ec<\/p>\n<\/p><\/div>\n<\/td>\n<td style=\"width:230px;\">\n<div>\n<p>chiuso<\/p>\n<\/p><\/div>\n<\/td>\n<td style=\"width:207px;\">\n<div>\n<p>chiuso<\/p>\n<\/p><\/div>\n<\/td>\n<\/tr>\n<tr>\n<td style=\"width:100px;\">\n<div>\n<p>Venerd\u00ec<\/p>\n<\/p><\/div>\n<\/td>\n<td style=\"width:230px;\">\n<div>\n<p>chiuso<\/p>\n<\/p><\/div>\n<\/td>\n<td style=\"width:207px;\">\n<div>\n<p>chiuso<\/p>\n<\/p><\/div>\n<\/td>\n<\/tr>\n<tr>\n<td style=\"width:100px;\">\n<div>\n<p>Sabato<\/p>\n<\/p><\/div>\n<\/td>\n<td style=\"width:230px;\">\n<div>\n<p>15.00 &#8211; 17.00<\/p>\n<\/p><\/div>\n<\/td>\n<td style=\"width:207px;\">\n<div>\n<p>16.00 &#8211; 18.00<\/p>\n<\/p><\/div>\n<\/td>\n<\/tr>\n<\/tbody>\n<\/table>\n","protected":false},"excerpt":{"rendered":"<p>Da luned\u00ec 18 maggio<\/p>\n","protected":false},"author":22,"featured_media":33419,"comment_status":"closed","ping_status":"closed","sticky":false,"template":"","format":"standard","meta":{"dwc-title":[],"dwc-content":[],"footnotes":""},"categories":[5],"tags":[],"class_list":["post-33418","post","type-post","status-publish","format-standard","has-post-thumbnail","hentry","category-attualita"],"rttpg_featured_image_url":{"full":["https:\/\/imagazine.it\/wp-content\/uploads\/2024\/01\/34061-1.webp",1600,1200,false],"landscape":["https:\/\/imagazine.it\/wp-content\/uploads\/2024\/01\/34061-1.webp",1600,1200,false],"portraits":["https:\/\/imagazine.it\/wp-content\/uploads\/2024\/01\/34061-1.webp",1600,1200,false],"thumbnail":["https:\/\/imagazine.it\/wp-content\/uploads\/2024\/01\/34061-1-150x150.webp",150,150,true],"medium":["https:\/\/imagazine.it\/wp-content\/uploads\/2024\/01\/34061-1-300x225.webp",300,225,true],"large":["https:\/\/imagazine.it\/wp-content\/uploads\/2024\/01\/34061-1-1024x768.webp",640,480,true],"thumblist":["https:\/\/imagazine.it\/wp-content\/uploads\/2024\/01\/34061-1.webp",300,225,false],"thumbrelated":["https:\/\/imagazine.it\/wp-content\/uploads\/2024\/01\/34061-1.webp",500,375,false],"meccarouselthumb":["https:\/\/imagazine.it\/wp-content\/uploads\/2024\/01\/34061-1.webp",432,324,false],"gridsquare":["https:\/\/imagazine.it\/wp-content\/uploads\/2024\/01\/34061-1.webp",347,260,false],"tileview":["https:\/\/imagazine.it\/wp-content\/uploads\/2024\/01\/34061-1.webp",300,225,false],"1536x1536":["https:\/\/imagazine.it\/wp-content\/uploads\/2024\/01\/34061-1-1536x1152.webp",1536,1152,true],"2048x2048":["https:\/\/imagazine.it\/wp-content\/uploads\/2024\/01\/34061-1.webp",1600,1200,false],"newsup-slider-full":["https:\/\/imagazine.it\/wp-content\/uploads\/2024\/01\/34061-1-1280x720.webp",1280,720,true],"newsup-featured":["https:\/\/imagazine.it\/wp-content\/uploads\/2024\/01\/34061-1-1024x768.webp",1024,768,true],"newsup-medium":["https:\/\/imagazine.it\/wp-content\/uploads\/2024\/01\/34061-1-720x380.webp",720,380,true],"tptn_thumbnail":["https:\/\/imagazine.it\/wp-content\/uploads\/2024\/01\/34061-1.webp",250,188,false],"sow-carousel-default":["https:\/\/imagazine.it\/wp-content\/uploads\/2024\/01\/34061-1-272x182.webp",272,182,true]},"rttpg_author":{"display_name":"Livio Nonis","author_link":"https:\/\/imagazine.it\/home_desk\/author\/nonis\/"},"rttpg_comment":0,"rttpg_category":"<a href=\"https:\/\/imagazine.it\/home_desk\/category\/attualita\/\" rel=\"category tag\">ATTUALIT\u00c0<\/a>","rttpg_excerpt":"Da luned\u00ec 18 maggio","_links":{"self":[{"href":"https:\/\/imagazine.it\/home_desk\/wp-json\/wp\/v2\/posts\/33418","targetHints":{"allow":["GET"]}}],"collection":[{"href":"https:\/\/imagazine.it\/home_desk\/wp-json\/wp\/v2\/posts"}],"about":[{"href":"https:\/\/imagazine.it\/home_desk\/wp-json\/wp\/v2\/types\/post"}],"author":[{"embeddable":true,"href":"https:\/\/imagazine.it\/home_desk\/wp-json\/wp\/v2\/users\/22"}],"replies":[{"embeddable":true,"href":"https:\/\/imagazine.it\/home_desk\/wp-json\/wp\/v2\/comments?post=33418"}],"version-history":[{"count":0,"href":"https:\/\/imagazine.it\/home_desk\/wp-json\/wp\/v2\/posts\/33418\/revisions"}],"wp:featuredmedia":[{"embeddable":true,"href":"https:\/\/imagazine.it\/home_desk\/wp-json\/wp\/v2\/media\/33419"}],"wp:attachment":[{"href":"https:\/\/imagazine.it\/home_desk\/wp-json\/wp\/v2\/media?parent=33418"}],"wp:term":[{"taxonomy":"category","embeddable":true,"href":"https:\/\/imagazine.it\/home_desk\/wp-json\/wp\/v2\/categories?post=33418"},{"taxonomy":"post_tag","embeddable":true,"href":"https:\/\/imagazine.it\/home_desk\/wp-json\/wp\/v2\/tags?post=33418"}],"curies":[{"name":"wp","href":"https:\/\/api.w.org\/{rel}","templated":true}]}}