{"id":33404,"date":"2020-05-12T00:00:00","date_gmt":"2020-05-11T23:00:00","guid":{"rendered":"https:\/\/imagazine.it\/?p=33404"},"modified":"2020-05-12T00:00:00","modified_gmt":"2020-05-11T23:00:00","slug":"riparte-ledilizia-riattivato-in-friuli-il-60-dei-cantieri","status":"publish","type":"post","link":"https:\/\/imagazine.it\/home_desk\/riparte-ledilizia-riattivato-in-friuli-il-60-dei-cantieri\/","title":{"rendered":"Riparte l&#8217;edilizia, riattivato in Friuli il 60% dei cantieri"},"content":{"rendered":"<p>Riparte l\u2019edilizia e riaprono i cantieri in Friuli. Il Consiglio direttivo dei costruttori edili di Ance Udine (Associazione nazionale costruttori edili), riunitosi in videoconferenza, ha fatto il punto circa la ripresa delle attivit\u00e0 del comparto a seguito dell\u2019ultimo Decreto governativo che ha autorizzato la ripresa delle attivit\u00e0 edilizie nelle svariate tipologie.<\/p>\n<p>Come riferisce l\u2019ingegnere <strong>Angela Martina<\/strong>, presidente di Ance Udine, dal 4 maggio circa il 60% dei cantieri \u00e8 stato riattivato, altri lo saranno a breve. \u201cCi\u00f2 \u00e8 stato possibile \u2013 spiega la presidente \u2013 anche grazie alla stesura dei Protocolli per la sicurezza anti covid-19 gi\u00e0 predisposti per tempo ed alle dotazioni dei dispositivi per la sicurezza individuali e collettivi che ciascuna azienda ha provveduto ad attuare\u201d.<\/p>\n<p>Angela Martina sottolinea che \u201cAnce Udine si \u00e8 opportunamente organizzata tramite convenzioni e gruppi di acquisto per agevolare le aziende a soddisfare le necessit\u00e0 legate alla sicurezza dei lavori\u201d.<\/p>\n<p>Il Gruppo dei costruttori ha anche apprezzato le recenti dichiarazioni di Alex Luci, capogruppo delle aziende facenti parte del Gruppo materiali da costruzione di Confindustria Udine, che ha proposto di attivare una filiera \u201cfriulana\u201d di fornitori e di imprese per sostenere l\u2019economia della nostra regione. In tal senso Angela Martina ricorda le proposte gi\u00e0 formulate dai costruttori edili in sede regionale di favorire le imprese del Friuli Venezia Giulia nell\u2019attuazione dei programmi finanziati con fondi regionali.<\/p>\n<p><a href=\"http:\/\/imagazinevideotruck.it\/outlet\/relink.html\" target=\"_top\" rel=\"noopener\"><img loading=\"lazy\" decoding=\"async\" align=\"LEFT\" height=\"250\" src=\"http:\/\/imagazinevideotruck.it\/outlet\/outlet30.jpg\" width=\"300\" alt=\"\" title=\"\"><\/a><\/p>\n<p>\u00a0<\/p>\n<p>\u00a0<\/p>\n<p>\u00a0<\/p>\n<p>\u00a0<\/p>\n<p>\u00a0<\/p>\n<p>\u00a0<\/p>\n<p>\u00a0<\/p>\n<p>\u00a0<\/p>\n<p>\u00a0<\/p>\n<p>\u201cMai come in questo momento \u00e8 necessaria una solidariet\u00e0 e una unit\u00e0 di intenti \u2013 conferma Martina \u2013 tutti devono remare nella stessa direzione per favorire una ripresa che sia la pi\u00f9 celere e duratura possibile. Gli strumenti ci sono, basta solo attuarli, come ad esempio le linee guida regionali sulle procedure negoziate. Eppure sussistono ancora esempi ove Amministrazioni pubbliche, anche di rilievo, in questi giorni hanno avviato procedure aperte anche per ridotti importi contravvenendo alle direttive regionali\u201d.<\/p>\n<p>\u201cIn tempi di coronavirus \u2013 conclude la presidente di Ance Udine \u2013 le precauzioni da adottare non sono solo i DPI aziendali e l\u2019adozione dei Protocolli sulla sicurezza, ma sono anche le opportune procedure amministrative da attuare nei singoli contratti e nelle singole commesse\u201d.<\/p>\n<p>Il comparto edile nella provincia di Udine, in base ai dati elaborati dalla Cassa Edile di Udine, conta attualmente 726 imprese e 4.000 addetti. Nello stesso periodo del 2019, il numero dei lavoratori iscritti erano di 3.814 su un identico numero di imprese.<\/p>\n<p>Il valore aggiunto del comparto delle costruzioni in FVG, sulla base delle analisi dell\u2019Ufficio studi di Confindustria Udine su dati Prometeia, dopo aver registrato nel 2019 una crescita del +1,3%, potrebbe registrare quest\u2019anno un crollo del -12,9%. Nel 2021 \u00e8 previsto un rimbalzo solo parziale, +3,0%. L\u2019occupazione nel 2020 potrebbe subire un calo del -4,8%.<\/p>\n","protected":false},"excerpt":{"rendered":"<p>Lo rende noto l&#8217;Ance Udine<\/p>\n","protected":false},"author":28,"featured_media":33405,"comment_status":"closed","ping_status":"closed","sticky":false,"template":"","format":"standard","meta":{"dwc-title":[],"dwc-content":[],"footnotes":""},"categories":[5],"tags":[],"class_list":["post-33404","post","type-post","status-publish","format-standard","has-post-thumbnail","hentry","category-attualita"],"rttpg_featured_image_url":{"full":["https:\/\/imagazine.it\/wp-content\/uploads\/2024\/01\/34046-1.webp",750,500,false],"landscape":["https:\/\/imagazine.it\/wp-content\/uploads\/2024\/01\/34046-1.webp",750,500,false],"portraits":["https:\/\/imagazine.it\/wp-content\/uploads\/2024\/01\/34046-1.webp",750,500,false],"thumbnail":["https:\/\/imagazine.it\/wp-content\/uploads\/2024\/01\/34046-1-150x150.webp",150,150,true],"medium":["https:\/\/imagazine.it\/wp-content\/uploads\/2024\/01\/34046-1-300x200.webp",300,200,true],"large":["https:\/\/imagazine.it\/wp-content\/uploads\/2024\/01\/34046-1.webp",640,427,false],"thumblist":["https:\/\/imagazine.it\/wp-content\/uploads\/2024\/01\/34046-1.webp",300,200,false],"thumbrelated":["https:\/\/imagazine.it\/wp-content\/uploads\/2024\/01\/34046-1.webp",500,333,false],"meccarouselthumb":["https:\/\/imagazine.it\/wp-content\/uploads\/2024\/01\/34046-1.webp",474,316,false],"gridsquare":["https:\/\/imagazine.it\/wp-content\/uploads\/2024\/01\/34046-1.webp",391,260,false],"tileview":["https:\/\/imagazine.it\/wp-content\/uploads\/2024\/01\/34046-1.webp",300,200,false],"1536x1536":["https:\/\/imagazine.it\/wp-content\/uploads\/2024\/01\/34046-1.webp",750,500,false],"2048x2048":["https:\/\/imagazine.it\/wp-content\/uploads\/2024\/01\/34046-1.webp",750,500,false],"newsup-slider-full":["https:\/\/imagazine.it\/wp-content\/uploads\/2024\/01\/34046-1.webp",750,500,false],"newsup-featured":["https:\/\/imagazine.it\/wp-content\/uploads\/2024\/01\/34046-1.webp",750,500,false],"newsup-medium":["https:\/\/imagazine.it\/wp-content\/uploads\/2024\/01\/34046-1-720x380.webp",720,380,true],"tptn_thumbnail":["https:\/\/imagazine.it\/wp-content\/uploads\/2024\/01\/34046-1.webp",250,167,false],"sow-carousel-default":["https:\/\/imagazine.it\/wp-content\/uploads\/2024\/01\/34046-1-272x182.webp",272,182,true]},"rttpg_author":{"display_name":"redazione","author_link":"https:\/\/imagazine.it\/home_desk\/author\/redazione\/"},"rttpg_comment":0,"rttpg_category":"<a href=\"https:\/\/imagazine.it\/home_desk\/category\/attualita\/\" rel=\"category tag\">ATTUALIT\u00c0<\/a>","rttpg_excerpt":"Lo rende noto l'Ance Udine","_links":{"self":[{"href":"https:\/\/imagazine.it\/home_desk\/wp-json\/wp\/v2\/posts\/33404","targetHints":{"allow":["GET"]}}],"collection":[{"href":"https:\/\/imagazine.it\/home_desk\/wp-json\/wp\/v2\/posts"}],"about":[{"href":"https:\/\/imagazine.it\/home_desk\/wp-json\/wp\/v2\/types\/post"}],"author":[{"embeddable":true,"href":"https:\/\/imagazine.it\/home_desk\/wp-json\/wp\/v2\/users\/28"}],"replies":[{"embeddable":true,"href":"https:\/\/imagazine.it\/home_desk\/wp-json\/wp\/v2\/comments?post=33404"}],"version-history":[{"count":0,"href":"https:\/\/imagazine.it\/home_desk\/wp-json\/wp\/v2\/posts\/33404\/revisions"}],"wp:featuredmedia":[{"embeddable":true,"href":"https:\/\/imagazine.it\/home_desk\/wp-json\/wp\/v2\/media\/33405"}],"wp:attachment":[{"href":"https:\/\/imagazine.it\/home_desk\/wp-json\/wp\/v2\/media?parent=33404"}],"wp:term":[{"taxonomy":"category","embeddable":true,"href":"https:\/\/imagazine.it\/home_desk\/wp-json\/wp\/v2\/categories?post=33404"},{"taxonomy":"post_tag","embeddable":true,"href":"https:\/\/imagazine.it\/home_desk\/wp-json\/wp\/v2\/tags?post=33404"}],"curies":[{"name":"wp","href":"https:\/\/api.w.org\/{rel}","templated":true}]}}