{"id":33396,"date":"2020-05-12T00:00:00","date_gmt":"2020-05-11T23:00:00","guid":{"rendered":"https:\/\/imagazine.it\/?p=33396"},"modified":"2020-05-12T00:00:00","modified_gmt":"2020-05-11T23:00:00","slug":"trieste-shorts-festival-sara-sul-web","status":"publish","type":"post","link":"https:\/\/imagazine.it\/home_desk\/trieste-shorts-festival-sara-sul-web\/","title":{"rendered":"Trieste, ShorTS Festival sar\u00e0 sul web"},"content":{"rendered":"<p>ShorTS International Film Festival, organizzato dall\u2019<strong>Associazione Maremetraggio, <\/strong>da Trieste arriva sul web <strong>dal 4 al 12 luglio 2020. <\/strong><\/p>\n<p>La 21^ edizione del Festival si svolger\u00e0 online grazie al supporto tecnico di <strong>MYmovies<\/strong>, sito leader in Italia nell&#39;informazione cinematografica, nonch\u00e9 attraverso i canali ufficiali della manifestazione (<u><a href=\"https:\/\/www.maremetraggio.com\/\" target=\"_blank\" rel=\"noopener\">Sito Ufficiale<\/a><\/u> &#8211; <u><a href=\"https:\/\/www.facebook.com\/Maremetraggio\" target=\"_blank\" rel=\"noopener\">Pagina Facebook<\/a><\/u> &#8211; <u><a href=\"https:\/\/www.instagram.com\/shorts_filmfestival\/\" target=\"_blank\" rel=\"noopener\">Instagram<\/a><\/u>).<\/p>\n<p>Accanto alle tradizionali sezioni competitive dedicate a corti e lungometraggi, che in questa edizione saranno per il pubblico <strong>fruibili gratuitamente sul web previa registrazione,<\/strong> il Festival organizzer\u00e0 incontri online con autori e professionisti del cinema e una Masterclass dell\u2019autore cui andr\u00e0 il premio Cinema del Presente che verr\u00e0 presto annunciato.\u00a0<\/p>\n<p>Tra le novit\u00e0 dell\u2019edizione 2020, <strong><em>Science &#038; Society,<\/em><\/strong> nuova sezione competitiva dedicata a corti provenienti da tutto il mondo che si contendono un premio di <strong>3.000 euro<\/strong>\u00a0realizzata in collaborazione con <strong>ESOF2020 Trieste (EuroScience Open Forum),<\/strong> la pi\u00f9 importante manifestazione europea focalizzata sul dibattito tra scienza, tecnologia, societ\u00e0 e politica, in programma a Trieste dal 2 al 6 settembre 2020.<br \/> Accanto a <em>Science &#038; Society,<\/em> ShorTS IFF conferma lo svolgersi delle collaudate sezioni competitive <strong><em>Maremetraggio, Shorter Kids\u2019n\u2019Teens,<\/em><\/strong> <strong><em>Nuove Impronte. <\/em><\/strong><br \/> Storica sezione competitiva di ShorTS, a cura di Francesco Ruzzier, per <strong><em>Maremetraggio<\/em><\/strong> concorrono i corti che abbiano ottenuto un premio a uno o pi\u00f9 Festival a livello internazionale nel corso dell\u2019anno 2019. Confermato anche per il 2020 il premio al miglior corto consistente in <strong>5.000 euro<\/strong>.<\/p>\n<p>In questa sezione in palio anche il premio al miglior corto italiano, il <strong>Premio Prem1ere Film<\/strong> per il miglior cortometraggio non distribuito e il <strong>Premio AMC <\/strong>per il miglior montaggio italiano.<br \/> Appuntamento anche con la proiezione online di <strong>cortometraggi fuori concorso:<\/strong> dopo avere ospitato nelle precedenti edizioni corti da Kazakistan, Giappone, Ungheria, India, Regno Unito, Spagna e Islanda, il Festival propone quest\u2019anno un focus-selezione di cinema breve dell\u2019attiva <strong>Estonia,<\/strong> in collaborazione con<strong> l\u2019Estonian Short Film Centre.\u00a0 <\/strong><\/p>\n<p>Nella sezione<em> <strong>Shorter Kids\u2019n\u2019Teens<\/strong><\/em> partecipano cortometraggi di ogni genere dedicati ai giovanissimi, con due programmi per fasce di et\u00e0, ciascuno con apposita giuria: la parte<strong> <em>Kids<\/em><\/strong> con corti dedicati a bambini dai 6 ai 10 anni, e <strong><em>Teens<\/em><\/strong> con opere per ragazzi dagli 11 ai 15 anni. E saranno ancora gli stessi bambini e ragazzi a comporre le due giurie che decreteranno i vincitori della sezione.<\/p>\n<p>Confermata anche <strong><em>Nuove impronte, <\/em><\/strong>lo spazio dedicato alla ricerca dei migliori lungometraggi del cinema emergente di finzione come del reale, curato dalla giornalista e critica cinematografica Beatrice Fiorentino. \u00c8 la sezione competitiva che, anche in questa 21\u00b0 edizione del Festival, accende i riflettori su registi esordienti o in maturazione ma gi\u00e0 apprezzati per sguardo, coraggio e talento. I film in concorso si contenderanno il premio<strong> miglior Film<\/strong>, il <strong>premio della Critica<\/strong> assegnato dal SNCCI, il <strong>premio migliore Produzione<\/strong> consegnato dall\u2019AGICI e il <strong>premio ANAC<\/strong> alla migliore sceneggiatura. <strong>MYmovies<\/strong> invece assegner\u00e0 il <strong>Premio del Pubblico<\/strong> all\u2019opera pi\u00f9 votata on line.<br \/> Si svolger\u00e0 invece in modo ibrido la <strong><em>24 Hours ShorTS Comics Marathon<\/em><\/strong><em>, <\/em>la maratona di fumetti organizzata dal Festival: un <strong>contest gratuito<\/strong> dedicato a disegnatori di ogni et\u00e0 che vorranno cimentarsi in una maratona artistica durante la quale, in sole 24 ore, dovranno realizzare un <strong>cortometraggio a fumetti<\/strong>. Gli elaborati vincitori si aggiudicheranno la pubblicazione in un volumetto che raccoglier\u00e0 il meglio dei lavori dell\u2019edizione; la giuria sar\u00e0 composta da quattro importanti nomi della scena contemporanea del fumetto (e non solo).\u00a0<\/p>\n<p>Appuntamento anche quest\u2019anno con lo <strong>ShorTS Pitching Training, <\/strong>workshop organizzato dall\u2019Associazione Maremetraggio in collaborazione con <strong>Nisi Masa<\/strong>&#8211;<strong>European Network of Young Cinema<\/strong> che si svolger\u00e0 interamente online: due giorni di formazione durante i quali i partecipanti, su base mondiale di selezione, impareranno come realizzare presentazioni (<em>pitch<\/em>) efficaci e persuasive dei loro progetti di realizzazione di cortometraggi. Le lezioni saranno tenute in lingua inglese, come sar\u00e0 anche per i pitching che a fine workshop i partecipanti esporranno di fronte a una rosa ristretta di produttori selezionati.<\/p>\n<p><em>\u201c\u00c8 un anno particolare per tutti e dopo aver riflettuto molto siamo giunti alla conclusione che trasferirci online fosse l\u2019unica strada percorribile per questa edizione<\/em> <strong>&#8211;<\/strong> afferma<strong> Chiara Valenti Omero,<\/strong> presidente e co-direttore del Festival <strong>&#8211;<\/strong>. <em>Lavoreremo consapevoli\u00a0 che le difficolt\u00e0 sono molte e che questa \u00e8 una sfida di grande responsabilit\u00e0, soprattutto per l\u2019attenzione che bisogna prestare agli standard qualitativi e tecnici e perch\u00e9 ShorTS non dimentica che l\u2019obiettivo primario del nostro Festival deve essere come sempre l\u2019attenzione nei confronti tanto di autori e produzioni\/distribuzioni quanto del nostro pubblico. Ovviamente questo avverr\u00e0 nell\u2019attesa di poterci rivedere e riabbracciare di persona, magari capitalizzando in futuro ci\u00f2 che stiamo vivendo in questo periodo, che comunque ci lascer\u00e0 qualcosa di positivo (inteso non in senso virulento&#8230;)\u201d.<\/em><\/p>\n<p><a href=\"http:\/\/imagazinevideotruck.it\/outlet\/relink_tlt.html\" target=\"_top\" rel=\"noopener\"><img loading=\"lazy\" decoding=\"async\" align=\"LEFT\" height=\"250\" src=\"http:\/\/imagazinevideotruck.it\/outlet\/tltbanner.jpg\" width=\"300\" alt=\"\" title=\"\"><\/a><\/p>\n<p>\u00a0<\/p>\n<p>\u00a0<\/p>\n<p>\u00a0<\/p>\n<p>\u00a0<\/p>\n<p>\u00a0<\/p>\n<p>\u00a0<\/p>\n<p>\u00a0<\/p>\n<p>\u00a0<\/p>\n<p>\u00a0<\/p>\n<p>Aggiunge il co-direttore del Festival<strong> Maurizio di Rienzo<\/strong>: \u201c<em>L<\/em><em>a eterogeneit\u00e0 e la peculiarit\u00e0 delle forme di Cinema espresse nelle diverse sezioni di ShorTS e i dialoghi, non solo tecnici, con registi e interpreti, resteranno il fulcro di un percorso di scoperte, confronti, idee, da considerare tutt\u2019altro che \u2018virtuale\u2019. Un cammino che si originer\u00e0 da Trieste, citt\u00e0 e civilt\u00e0 di storici incroci e confini mutanti, di spettacolare orizzonte creativo in questo inizio di millennio ampliato appunto dal nuovo Cinema che qui si pensa, sostiene, realizza, proietta\u201d.\u00a0\u00a0\u00a0\u00a0<\/em><\/p>\n<p><strong>Immagine 2020 | La Furia Studio<\/strong><br \/> In questo singolare quanto delicato momento, ShorTs scorre nei canali digitali per esserci cambiando il modo ma non il contenuto.\u00a0 Quest&#39;anno la platea \u00e8 la rete: ogni luogo \u00e8 al suo interno per un pubblico sempre connesso. Una semplice mano diventa lo strumento primario che permette di congiungere mondo materico ad universo digitale diventando il tr\u00e0nsfer tra l&#39;essere e il festival. Nasce cos\u00ec il punto d&#39;intersezione tra una vivace socialit\u00e0 del contatto &#8211; dal colore rosso vivo &#8211; e l&#39;azzurro dello spazio infinito rappresentante della condivisione digitale. Elementi grafici e testuali vengono inseriti all&#39;interno del visual minimal di quest&#39;anno dove, proprio i dispositivi elettronici, sono al centro della fruizione dell\u2019evento. Con il gioco di parole \u201cpress shorts to unlock\u201d (il sempre presente \u201cpress home to unlock\u201d su ogni schermo touch) vogliamo augurare un ritorno allo scorrere della vita \u201cnormale\u201d per superare con positivit\u00e0 il lockdown generale.<\/p>\n","protected":false},"excerpt":{"rendered":"<p>Dal 4 al 12 luglio<\/p>\n","protected":false},"author":28,"featured_media":33397,"comment_status":"closed","ping_status":"closed","sticky":false,"template":"","format":"standard","meta":{"dwc-title":[],"dwc-content":[],"footnotes":""},"categories":[37],"tags":[],"class_list":["post-33396","post","type-post","status-publish","format-standard","has-post-thumbnail","hentry","category-cultura-e-spettacolo"],"rttpg_featured_image_url":{"full":["https:\/\/imagazine.it\/wp-content\/uploads\/2024\/01\/34040-1.webp",750,501,false],"landscape":["https:\/\/imagazine.it\/wp-content\/uploads\/2024\/01\/34040-1.webp",750,501,false],"portraits":["https:\/\/imagazine.it\/wp-content\/uploads\/2024\/01\/34040-1.webp",750,501,false],"thumbnail":["https:\/\/imagazine.it\/wp-content\/uploads\/2024\/01\/34040-1-150x150.webp",150,150,true],"medium":["https:\/\/imagazine.it\/wp-content\/uploads\/2024\/01\/34040-1-300x200.webp",300,200,true],"large":["https:\/\/imagazine.it\/wp-content\/uploads\/2024\/01\/34040-1.webp",640,428,false],"thumblist":["https:\/\/imagazine.it\/wp-content\/uploads\/2024\/01\/34040-1.webp",300,200,false],"thumbrelated":["https:\/\/imagazine.it\/wp-content\/uploads\/2024\/01\/34040-1.webp",500,334,false],"meccarouselthumb":["https:\/\/imagazine.it\/wp-content\/uploads\/2024\/01\/34040-1.webp",474,317,false],"gridsquare":["https:\/\/imagazine.it\/wp-content\/uploads\/2024\/01\/34040-1.webp",389,260,false],"tileview":["https:\/\/imagazine.it\/wp-content\/uploads\/2024\/01\/34040-1.webp",300,200,false],"1536x1536":["https:\/\/imagazine.it\/wp-content\/uploads\/2024\/01\/34040-1.webp",750,501,false],"2048x2048":["https:\/\/imagazine.it\/wp-content\/uploads\/2024\/01\/34040-1.webp",750,501,false],"newsup-slider-full":["https:\/\/imagazine.it\/wp-content\/uploads\/2024\/01\/34040-1.webp",750,501,false],"newsup-featured":["https:\/\/imagazine.it\/wp-content\/uploads\/2024\/01\/34040-1.webp",750,501,false],"newsup-medium":["https:\/\/imagazine.it\/wp-content\/uploads\/2024\/01\/34040-1-720x380.webp",720,380,true],"tptn_thumbnail":["https:\/\/imagazine.it\/wp-content\/uploads\/2024\/01\/34040-1.webp",250,167,false],"sow-carousel-default":["https:\/\/imagazine.it\/wp-content\/uploads\/2024\/01\/34040-1-272x182.webp",272,182,true]},"rttpg_author":{"display_name":"redazione","author_link":"https:\/\/imagazine.it\/home_desk\/author\/redazione\/"},"rttpg_comment":0,"rttpg_category":"<a href=\"https:\/\/imagazine.it\/home_desk\/category\/cultura-e-spettacolo\/\" rel=\"category tag\">CULTURA&amp;SPETTACOLO<\/a>","rttpg_excerpt":"Dal 4 al 12 luglio","_links":{"self":[{"href":"https:\/\/imagazine.it\/home_desk\/wp-json\/wp\/v2\/posts\/33396","targetHints":{"allow":["GET"]}}],"collection":[{"href":"https:\/\/imagazine.it\/home_desk\/wp-json\/wp\/v2\/posts"}],"about":[{"href":"https:\/\/imagazine.it\/home_desk\/wp-json\/wp\/v2\/types\/post"}],"author":[{"embeddable":true,"href":"https:\/\/imagazine.it\/home_desk\/wp-json\/wp\/v2\/users\/28"}],"replies":[{"embeddable":true,"href":"https:\/\/imagazine.it\/home_desk\/wp-json\/wp\/v2\/comments?post=33396"}],"version-history":[{"count":0,"href":"https:\/\/imagazine.it\/home_desk\/wp-json\/wp\/v2\/posts\/33396\/revisions"}],"wp:featuredmedia":[{"embeddable":true,"href":"https:\/\/imagazine.it\/home_desk\/wp-json\/wp\/v2\/media\/33397"}],"wp:attachment":[{"href":"https:\/\/imagazine.it\/home_desk\/wp-json\/wp\/v2\/media?parent=33396"}],"wp:term":[{"taxonomy":"category","embeddable":true,"href":"https:\/\/imagazine.it\/home_desk\/wp-json\/wp\/v2\/categories?post=33396"},{"taxonomy":"post_tag","embeddable":true,"href":"https:\/\/imagazine.it\/home_desk\/wp-json\/wp\/v2\/tags?post=33396"}],"curies":[{"name":"wp","href":"https:\/\/api.w.org\/{rel}","templated":true}]}}