{"id":33392,"date":"2020-05-11T00:00:00","date_gmt":"2020-05-10T23:00:00","guid":{"rendered":"https:\/\/imagazine.it\/?p=33392"},"modified":"2020-05-11T00:00:00","modified_gmt":"2020-05-10T23:00:00","slug":"turriaco-i-bambini-cantano-per-chi-soffre","status":"publish","type":"post","link":"https:\/\/imagazine.it\/home_desk\/turriaco-i-bambini-cantano-per-chi-soffre\/","title":{"rendered":"Turriaco, i bambini cantano per chi soffre"},"content":{"rendered":"<p>Il <strong>Coro Diman<\/strong> di Turriaco, composto dai giovani cantori del Gruppo Costumi Tradizionali Bisiachi, ha voluto rivolgere un pensiero a chi soffre, a chi non c\u2019\u00e8 pi\u00f9, ai bambini, agli anziani, a chi lavora, a chi sorride, a chi canta e a chi ci assiste dal cielo, <u><a href=\"https:\/\/www.youtube.com\/watch?v=4a8mRMcY1ic&#038;t=99s\" target=\"_blank\" rel=\"noopener\">eseguendo da casa, con la direzione artistica e corale della maestra <strong>Caterina Biasiol<\/strong> il brano <em>Se un amico<\/em> (D. Cologgi, V. Giannelli), montato in video a cura di C. Biasiol e M. Natali (<strong>clicca per ascoltare ascoltare il brano<\/strong>)<\/a><\/u>.<\/p>\n<p><em>Se un amico<\/em> \u00e8 un brano tratto dallo spettacolo musicale teatrale <em>Il viaggio del Piccolo Principe<\/em> di Daniela Cologgi e Vittorio Giannelli, omaggio all\u2019intramontabile capolavoro di Antoine de Saint-Exup\u00e9ry <em>Il Piccolo Principe<\/em>. Una delle storie pi\u00f9 amate da grandi e piccoli che incoraggia a fare qualcosa che, proprio in questo particolare momento, \u00e8 assolutamente necessario: vedere con il cuore, coltivare la gentilezza e l\u2019amicizia, accettare il distacco, con semplicit\u00e0 e meraviglia anche se con un po\u2019 di nostalgia.<\/p>\n<p>La proposta rivolta ai ragazzi Diman \u00e8 stata di provare a video-registrarsi su queste note. Ciascuno di loro ha accolto con impegno l\u2019attivit\u00e0 e si \u00e8 registrato dal vivo in casa, cimentandosi in un modo assolutamente nuovo e per niente semplice di fare coro.<\/p>\n<p>\u00c8 noto che i bambini e i ragazzi, nonostante la loro grande capacit\u00e0 di adattamento, sono tra i pi\u00f9 esposti all\u2019impatto indiretto della pandemia in termini psicosociali. Per questo \u00e8 nata l\u2019idea di creare un video.<\/p>\n<p>La maestra Biasiol ha voluto sostenere e incoraggiare i ragazzi a mettersi in gioco, uscendo virtualmente dalle loro case. Ha detto loro \u201cfacciamo finta che state venendo a prove\u201d per rendere la situazione pi\u00f9 simile a quella a cui erano abituati. L\u2019importante \u00e8 stato non solo mantenere i contatti, sentirsi sempre parte del coro e continuare a cantare insieme anche se distanti, ma soprattutto impegnarli in un lavoro per diventare protagonisti di un messaggio di speranza e vicinanza. Nel modo che i ragazzi amano fare e bene: cantare. Loro l\u2019hanno capito, si sono attrezzati con auricolari, cuffie e cellulari e \u201cci hanno provato\u201d.<\/p>\n<p>Sono andati oltre a un naturale imbarazzo, non si sono fermati alle apparenze e hanno cantato con il cuore. Tutto ci\u00f2 \u00e8 stato facilitato anche dal messaggio che questo brano lascia a chi lo ascolta. Sembra essere stato scritto proprio per questo momento straordinario: \u201c&#8230; <em>resta un po\u2019 vicino a me&#8230; ci vorr\u00e0 del tempo e con pazienza aspetterai&#8230; tu per me come io per te ci saremo noi&#8230;\u201d <\/em>sono alcune delle frasi del testo che emozionano di pi\u00f9. Per finire con il messaggio di speranza che dice<em> \u201ce non saremo soli mai, se nel cuore ci sei: questa \u00e8 la felicit\u00e0<\/em>\u201d.<\/p>\n","protected":false},"excerpt":{"rendered":"<p>Guarda il video<\/p>\n","protected":false},"author":22,"featured_media":33393,"comment_status":"closed","ping_status":"closed","sticky":false,"template":"","format":"standard","meta":{"dwc-title":[],"dwc-content":[],"footnotes":""},"categories":[37],"tags":[],"class_list":["post-33392","post","type-post","status-publish","format-standard","has-post-thumbnail","hentry","category-cultura-e-spettacolo"],"rttpg_featured_image_url":{"full":["https:\/\/imagazine.it\/wp-content\/uploads\/2024\/01\/34035-1.webp",750,410,false],"landscape":["https:\/\/imagazine.it\/wp-content\/uploads\/2024\/01\/34035-1.webp",750,410,false],"portraits":["https:\/\/imagazine.it\/wp-content\/uploads\/2024\/01\/34035-1.webp",750,410,false],"thumbnail":["https:\/\/imagazine.it\/wp-content\/uploads\/2024\/01\/34035-1-150x150.webp",150,150,true],"medium":["https:\/\/imagazine.it\/wp-content\/uploads\/2024\/01\/34035-1-300x164.webp",300,164,true],"large":["https:\/\/imagazine.it\/wp-content\/uploads\/2024\/01\/34035-1.webp",640,350,false],"thumblist":["https:\/\/imagazine.it\/wp-content\/uploads\/2024\/01\/34035-1.webp",300,164,false],"thumbrelated":["https:\/\/imagazine.it\/wp-content\/uploads\/2024\/01\/34035-1.webp",500,273,false],"meccarouselthumb":["https:\/\/imagazine.it\/wp-content\/uploads\/2024\/01\/34035-1.webp",474,259,false],"gridsquare":["https:\/\/imagazine.it\/wp-content\/uploads\/2024\/01\/34035-1.webp",391,214,false],"tileview":["https:\/\/imagazine.it\/wp-content\/uploads\/2024\/01\/34035-1.webp",300,164,false],"1536x1536":["https:\/\/imagazine.it\/wp-content\/uploads\/2024\/01\/34035-1.webp",750,410,false],"2048x2048":["https:\/\/imagazine.it\/wp-content\/uploads\/2024\/01\/34035-1.webp",750,410,false],"newsup-slider-full":["https:\/\/imagazine.it\/wp-content\/uploads\/2024\/01\/34035-1.webp",750,410,false],"newsup-featured":["https:\/\/imagazine.it\/wp-content\/uploads\/2024\/01\/34035-1.webp",750,410,false],"newsup-medium":["https:\/\/imagazine.it\/wp-content\/uploads\/2024\/01\/34035-1-720x380.webp",720,380,true],"tptn_thumbnail":["https:\/\/imagazine.it\/wp-content\/uploads\/2024\/01\/34035-1.webp",250,137,false],"sow-carousel-default":["https:\/\/imagazine.it\/wp-content\/uploads\/2024\/01\/34035-1-272x182.webp",272,182,true]},"rttpg_author":{"display_name":"Livio Nonis","author_link":"https:\/\/imagazine.it\/home_desk\/author\/nonis\/"},"rttpg_comment":0,"rttpg_category":"<a href=\"https:\/\/imagazine.it\/home_desk\/category\/cultura-e-spettacolo\/\" rel=\"category tag\">CULTURA&amp;SPETTACOLO<\/a>","rttpg_excerpt":"Guarda il video","_links":{"self":[{"href":"https:\/\/imagazine.it\/home_desk\/wp-json\/wp\/v2\/posts\/33392","targetHints":{"allow":["GET"]}}],"collection":[{"href":"https:\/\/imagazine.it\/home_desk\/wp-json\/wp\/v2\/posts"}],"about":[{"href":"https:\/\/imagazine.it\/home_desk\/wp-json\/wp\/v2\/types\/post"}],"author":[{"embeddable":true,"href":"https:\/\/imagazine.it\/home_desk\/wp-json\/wp\/v2\/users\/22"}],"replies":[{"embeddable":true,"href":"https:\/\/imagazine.it\/home_desk\/wp-json\/wp\/v2\/comments?post=33392"}],"version-history":[{"count":0,"href":"https:\/\/imagazine.it\/home_desk\/wp-json\/wp\/v2\/posts\/33392\/revisions"}],"wp:featuredmedia":[{"embeddable":true,"href":"https:\/\/imagazine.it\/home_desk\/wp-json\/wp\/v2\/media\/33393"}],"wp:attachment":[{"href":"https:\/\/imagazine.it\/home_desk\/wp-json\/wp\/v2\/media?parent=33392"}],"wp:term":[{"taxonomy":"category","embeddable":true,"href":"https:\/\/imagazine.it\/home_desk\/wp-json\/wp\/v2\/categories?post=33392"},{"taxonomy":"post_tag","embeddable":true,"href":"https:\/\/imagazine.it\/home_desk\/wp-json\/wp\/v2\/tags?post=33392"}],"curies":[{"name":"wp","href":"https:\/\/api.w.org\/{rel}","templated":true}]}}