{"id":33368,"date":"2020-05-08T00:00:00","date_gmt":"2020-05-07T23:00:00","guid":{"rendered":"https:\/\/imagazine.it\/?p=33368"},"modified":"2020-05-08T00:00:00","modified_gmt":"2020-05-07T23:00:00","slug":"contrasto-alla-solitudine-in-fvg-niente-distinzione-deta","status":"publish","type":"post","link":"https:\/\/imagazine.it\/home_desk\/contrasto-alla-solitudine-in-fvg-niente-distinzione-deta\/","title":{"rendered":"Contrasto alla solitudine, in FVG niente distinzione d&#8217;et\u00e0"},"content":{"rendered":"<p>\u00c8 stato approvato, oggi, in via definitiva dalla Giunta del Friuli Venezia Giulia, dopo l&#39;intesa del Consiglio delle autonomie locali a febbraio, il <strong>disegno di legge sul<\/strong> <strong>contrasto alla solitudine<\/strong> che modifica e integra una norma gi\u00e0 esistente, quella sull&#39;invecchiamento attivo.<\/p>\n<p>Il provvedimento, presentato dal vicegovernatore con delega alla Salute, <strong>Riccardo Riccardi<\/strong>, affronta la tematica estendendola a tutte le fasce d&#39;et\u00e0, adottando molteplici strategie per contrastare la solitudine e proponendo un approccio multidisciplinare e integrato con enti, istituzioni, Terzo settore e portatori di interesse.<\/p>\n<p>&#8220;La decisione di intervenire allargando il ventaglio degli interventi della attuale normativa &#8211; ha precisato Riccardi &#8211; nasce dalla constatazione che la solitudine permea il nostro tempo come mai \u00e8 accaduto nel passato e i rilievi statistici dimostrano che il numero di persone che ne soffre sta aumentando. La legge in vigore, con le modifiche e le integrazioni proposte, permetter\u00e0 di ottenere un testo unico e maggior flessibilit\u00e0 nell&#39;attuazione degli interventi su un fenomeno che non riguarda solo una parte della societ\u00e0, quella pi\u00f9 anziana, ma coinvolge anche l&#39;adolescenza&#8221;.<\/p>\n<p>Il ddl sottolinea l&#39;importanza del lavoro di rete, elemento fondamentale per affrontare il problema nel territorio e amplia gli ambienti (scolastici e di lavoro) nei quali effettuare i monitoraggi e proporre iniziative per arginare il fenomeno. Vengono allargate anche le modalit\u00e0 di azione che ricomprendono le tecnologie informatiche e la socialit\u00e0 virtuale, ambiti in cui sempre pi\u00f9 spesso si rifugiano giovani e adulti.<\/p>\n","protected":false},"excerpt":{"rendered":"<p>Nuovo disegno di legge<\/p>\n","protected":false},"author":28,"featured_media":33369,"comment_status":"closed","ping_status":"closed","sticky":false,"template":"","format":"standard","meta":{"dwc-title":[],"dwc-content":[],"footnotes":""},"categories":[5],"tags":[],"class_list":["post-33368","post","type-post","status-publish","format-standard","has-post-thumbnail","hentry","category-attualita"],"rttpg_featured_image_url":{"full":["https:\/\/imagazine.it\/wp-content\/uploads\/2024\/01\/33991-1.webp",750,500,false],"landscape":["https:\/\/imagazine.it\/wp-content\/uploads\/2024\/01\/33991-1.webp",750,500,false],"portraits":["https:\/\/imagazine.it\/wp-content\/uploads\/2024\/01\/33991-1.webp",750,500,false],"thumbnail":["https:\/\/imagazine.it\/wp-content\/uploads\/2024\/01\/33991-1-150x150.webp",150,150,true],"medium":["https:\/\/imagazine.it\/wp-content\/uploads\/2024\/01\/33991-1-300x200.webp",300,200,true],"large":["https:\/\/imagazine.it\/wp-content\/uploads\/2024\/01\/33991-1.webp",640,427,false],"thumblist":["https:\/\/imagazine.it\/wp-content\/uploads\/2024\/01\/33991-1.webp",300,200,false],"thumbrelated":["https:\/\/imagazine.it\/wp-content\/uploads\/2024\/01\/33991-1.webp",500,333,false],"meccarouselthumb":["https:\/\/imagazine.it\/wp-content\/uploads\/2024\/01\/33991-1.webp",474,316,false],"gridsquare":["https:\/\/imagazine.it\/wp-content\/uploads\/2024\/01\/33991-1.webp",391,260,false],"tileview":["https:\/\/imagazine.it\/wp-content\/uploads\/2024\/01\/33991-1.webp",300,200,false],"1536x1536":["https:\/\/imagazine.it\/wp-content\/uploads\/2024\/01\/33991-1.webp",750,500,false],"2048x2048":["https:\/\/imagazine.it\/wp-content\/uploads\/2024\/01\/33991-1.webp",750,500,false],"newsup-slider-full":["https:\/\/imagazine.it\/wp-content\/uploads\/2024\/01\/33991-1.webp",750,500,false],"newsup-featured":["https:\/\/imagazine.it\/wp-content\/uploads\/2024\/01\/33991-1.webp",750,500,false],"newsup-medium":["https:\/\/imagazine.it\/wp-content\/uploads\/2024\/01\/33991-1-720x380.webp",720,380,true],"tptn_thumbnail":["https:\/\/imagazine.it\/wp-content\/uploads\/2024\/01\/33991-1.webp",250,167,false],"sow-carousel-default":["https:\/\/imagazine.it\/wp-content\/uploads\/2024\/01\/33991-1-272x182.webp",272,182,true]},"rttpg_author":{"display_name":"redazione","author_link":"https:\/\/imagazine.it\/home_desk\/author\/redazione\/"},"rttpg_comment":0,"rttpg_category":"<a href=\"https:\/\/imagazine.it\/home_desk\/category\/attualita\/\" rel=\"category tag\">ATTUALIT\u00c0<\/a>","rttpg_excerpt":"Nuovo disegno di legge","_links":{"self":[{"href":"https:\/\/imagazine.it\/home_desk\/wp-json\/wp\/v2\/posts\/33368","targetHints":{"allow":["GET"]}}],"collection":[{"href":"https:\/\/imagazine.it\/home_desk\/wp-json\/wp\/v2\/posts"}],"about":[{"href":"https:\/\/imagazine.it\/home_desk\/wp-json\/wp\/v2\/types\/post"}],"author":[{"embeddable":true,"href":"https:\/\/imagazine.it\/home_desk\/wp-json\/wp\/v2\/users\/28"}],"replies":[{"embeddable":true,"href":"https:\/\/imagazine.it\/home_desk\/wp-json\/wp\/v2\/comments?post=33368"}],"version-history":[{"count":0,"href":"https:\/\/imagazine.it\/home_desk\/wp-json\/wp\/v2\/posts\/33368\/revisions"}],"wp:featuredmedia":[{"embeddable":true,"href":"https:\/\/imagazine.it\/home_desk\/wp-json\/wp\/v2\/media\/33369"}],"wp:attachment":[{"href":"https:\/\/imagazine.it\/home_desk\/wp-json\/wp\/v2\/media?parent=33368"}],"wp:term":[{"taxonomy":"category","embeddable":true,"href":"https:\/\/imagazine.it\/home_desk\/wp-json\/wp\/v2\/categories?post=33368"},{"taxonomy":"post_tag","embeddable":true,"href":"https:\/\/imagazine.it\/home_desk\/wp-json\/wp\/v2\/tags?post=33368"}],"curies":[{"name":"wp","href":"https:\/\/api.w.org\/{rel}","templated":true}]}}