{"id":33348,"date":"2020-05-07T00:00:00","date_gmt":"2020-05-06T23:00:00","guid":{"rendered":"https:\/\/imagazine.it\/?p=33348"},"modified":"2020-05-07T00:00:00","modified_gmt":"2020-05-06T23:00:00","slug":"un-artista-andrebbe-ascoltato-dal-vivo","status":"publish","type":"post","link":"https:\/\/imagazine.it\/home_desk\/un-artista-andrebbe-ascoltato-dal-vivo\/","title":{"rendered":"&#8220;Un artista andrebbe ascoltato dal vivo&#8221;"},"content":{"rendered":"<p>Anche durante il periodo di quarantena la musica non si \u00e8 mai fermata. Come dimostrano i due artisti friulani <strong>Serena Finatti<\/strong> e <strong>Andrea Varnier<\/strong> che, a modo loro, hanno deciso di lanciare un messaggio: \u201cteniamo VIVA la musica\u201d.<\/p>\n<p>\u201cOra \u2013 spiegano \u2013 e chiss\u00e0 per quanto tempo ancora, non si potranno fare i concerti in presenza del pubblico e questo \u00e8 di certo molto triste. \u00c8 dal vivo che andrebbe ascoltato un artista, perch\u00e9 tutti sono bravi nei dischi: con le tecnologie disponibili nel 2020 anche un criceto stonato pu\u00f2 far bella figura\u201d.<\/p>\n<p>Da qui la decisione di trasmettere anche a distanza l\u2019emozione delle esibizioni live.<\/p>\n<p>\u201cStiamo realizzando \u2013 confidano \u2013 dei video live in studio a casa nostra: cerchiamo ogni gioved\u00ec di farne uscire uno. Proponiamo i nostri ultimi brani, assieme ad alcuni di quelli vecchi rivisitati, cercando di valorizzare le riprese, mettendo a nudo alcuni dettagli come l&#39;uso delle loop station o il collegamento con la danza e le immagini rapite da alcuni nostri live di tanti anni fa, dove gi\u00e0 avevamo dei sodalizi interessanti con varie danzatrici e coreografe\u201d.<\/p>\n<p><u><a href=\"https:\/\/www.youtube.com\/user\/palka\" target=\"_blank\" rel=\"noopener\">Tutti i video realizzati da Finatti e Varnier sono visibili su YouTube (clicca qui).<\/a><\/u>\u00a0<\/p>\n","protected":false},"excerpt":{"rendered":"<p>Progetto &#8220;Teniamo VIVA la musica&#8221;<\/p>\n","protected":false},"author":28,"featured_media":33349,"comment_status":"closed","ping_status":"closed","sticky":false,"template":"","format":"standard","meta":{"dwc-title":[],"dwc-content":[],"footnotes":""},"categories":[37],"tags":[],"class_list":["post-33348","post","type-post","status-publish","format-standard","has-post-thumbnail","hentry","category-cultura-e-spettacolo"],"rttpg_featured_image_url":{"full":["https:\/\/imagazine.it\/wp-content\/uploads\/2024\/01\/33953-1.webp",750,439,false],"landscape":["https:\/\/imagazine.it\/wp-content\/uploads\/2024\/01\/33953-1.webp",750,439,false],"portraits":["https:\/\/imagazine.it\/wp-content\/uploads\/2024\/01\/33953-1.webp",750,439,false],"thumbnail":["https:\/\/imagazine.it\/wp-content\/uploads\/2024\/01\/33953-1-150x150.webp",150,150,true],"medium":["https:\/\/imagazine.it\/wp-content\/uploads\/2024\/01\/33953-1-300x176.webp",300,176,true],"large":["https:\/\/imagazine.it\/wp-content\/uploads\/2024\/01\/33953-1.webp",640,375,false],"thumblist":["https:\/\/imagazine.it\/wp-content\/uploads\/2024\/01\/33953-1.webp",300,176,false],"thumbrelated":["https:\/\/imagazine.it\/wp-content\/uploads\/2024\/01\/33953-1.webp",500,293,false],"meccarouselthumb":["https:\/\/imagazine.it\/wp-content\/uploads\/2024\/01\/33953-1.webp",474,277,false],"gridsquare":["https:\/\/imagazine.it\/wp-content\/uploads\/2024\/01\/33953-1.webp",391,229,false],"tileview":["https:\/\/imagazine.it\/wp-content\/uploads\/2024\/01\/33953-1.webp",300,176,false],"1536x1536":["https:\/\/imagazine.it\/wp-content\/uploads\/2024\/01\/33953-1.webp",750,439,false],"2048x2048":["https:\/\/imagazine.it\/wp-content\/uploads\/2024\/01\/33953-1.webp",750,439,false],"newsup-slider-full":["https:\/\/imagazine.it\/wp-content\/uploads\/2024\/01\/33953-1.webp",750,439,false],"newsup-featured":["https:\/\/imagazine.it\/wp-content\/uploads\/2024\/01\/33953-1.webp",750,439,false],"newsup-medium":["https:\/\/imagazine.it\/wp-content\/uploads\/2024\/01\/33953-1-720x380.webp",720,380,true],"tptn_thumbnail":["https:\/\/imagazine.it\/wp-content\/uploads\/2024\/01\/33953-1.webp",250,146,false],"sow-carousel-default":["https:\/\/imagazine.it\/wp-content\/uploads\/2024\/01\/33953-1-272x182.webp",272,182,true]},"rttpg_author":{"display_name":"redazione","author_link":"https:\/\/imagazine.it\/home_desk\/author\/redazione\/"},"rttpg_comment":0,"rttpg_category":"<a href=\"https:\/\/imagazine.it\/home_desk\/category\/cultura-e-spettacolo\/\" rel=\"category tag\">CULTURA&amp;SPETTACOLO<\/a>","rttpg_excerpt":"Progetto \"Teniamo VIVA la musica\"","_links":{"self":[{"href":"https:\/\/imagazine.it\/home_desk\/wp-json\/wp\/v2\/posts\/33348","targetHints":{"allow":["GET"]}}],"collection":[{"href":"https:\/\/imagazine.it\/home_desk\/wp-json\/wp\/v2\/posts"}],"about":[{"href":"https:\/\/imagazine.it\/home_desk\/wp-json\/wp\/v2\/types\/post"}],"author":[{"embeddable":true,"href":"https:\/\/imagazine.it\/home_desk\/wp-json\/wp\/v2\/users\/28"}],"replies":[{"embeddable":true,"href":"https:\/\/imagazine.it\/home_desk\/wp-json\/wp\/v2\/comments?post=33348"}],"version-history":[{"count":0,"href":"https:\/\/imagazine.it\/home_desk\/wp-json\/wp\/v2\/posts\/33348\/revisions"}],"wp:featuredmedia":[{"embeddable":true,"href":"https:\/\/imagazine.it\/home_desk\/wp-json\/wp\/v2\/media\/33349"}],"wp:attachment":[{"href":"https:\/\/imagazine.it\/home_desk\/wp-json\/wp\/v2\/media?parent=33348"}],"wp:term":[{"taxonomy":"category","embeddable":true,"href":"https:\/\/imagazine.it\/home_desk\/wp-json\/wp\/v2\/categories?post=33348"},{"taxonomy":"post_tag","embeddable":true,"href":"https:\/\/imagazine.it\/home_desk\/wp-json\/wp\/v2\/tags?post=33348"}],"curies":[{"name":"wp","href":"https:\/\/api.w.org\/{rel}","templated":true}]}}