{"id":33332,"date":"2020-05-06T00:00:00","date_gmt":"2020-05-05T23:00:00","guid":{"rendered":"https:\/\/imagazine.it\/?p=33332"},"modified":"2020-05-06T00:00:00","modified_gmt":"2020-05-05T23:00:00","slug":"cividale-nuova-musica-dalla-quarantena","status":"publish","type":"post","link":"https:\/\/imagazine.it\/home_desk\/cividale-nuova-musica-dalla-quarantena\/","title":{"rendered":"Cividale, nuova musica dalla quarantena"},"content":{"rendered":"<p>Un sodalizio che da tempo era in cantiere tra il cantautore carnico <strong>Alvise Nodale<\/strong> e il gruppo cividalese <strong><em>Cinque Uomini sulla Cassa del Morto<\/em><\/strong> ha trovato lo spazio del suo compimento proprio durante la quarantena.<\/p>\n<p><strong><em>\u201c<\/em><\/strong><strong><em>L<\/em><\/strong><strong><em>\u2019<\/em><\/strong><strong><em>unico segno del tempo<\/em><\/strong><strong><em>\u201d<\/em><\/strong> \u00e8 il risultato della collaborazione: scritto da Nodale con un piccolo contributo del violinista dei Cinque, prodotto e arrangiato dalla band cividalese<strong> (Alberto Corredig, Francesco Imbriaco, Davide Raciti, Leonardo Duriavig e Alberto Marinig)<\/strong> e mixato \u201cin casa\u201d dallo stesso Duriavig, bassista della band, che ha avuto l\u2019opportunit\u00e0 di utilizzare in remoto, tramite le tecnologie disponibili, le attrezzature dell\u2019<strong>Eastland Recording Studio <\/strong>di<strong> Francesco Blasig<\/strong>. Il brano \u00e8 stato registrato interamente restando ognuno nelle proprie case.<\/p>\n<p><a href=\"http:\/\/imagazinevideotruck.it\/outlet\/relink.html\" target=\"_top\" rel=\"noopener\"><img loading=\"lazy\" decoding=\"async\" align=\"LEFT\" height=\"250\" src=\"http:\/\/imagazinevideotruck.it\/outlet\/outlet30.jpg\" width=\"300\" alt=\"\" title=\"\"><\/a><\/p>\n<p>\u00a0<\/p>\n<p>\u00a0<\/p>\n<p>\u00a0<\/p>\n<p>\u00a0<\/p>\n<p>\u00a0<\/p>\n<p>\u00a0<\/p>\n<p>\u00a0<\/p>\n<p>\u00a0<\/p>\n<p>\u00a0<\/p>\n<p>\u201cAlvise \u00e8 un musicista raffinato e ormai un caro amico, \u00e8 stato un piacere collaborare con lui perch\u00e9 la sua delicatezza acustica ben si sposa con quella parte di noi legata all\u2019intimit\u00e0 della musica folk. Inoltre ci siamo proprio innamorati del brano e ci siamo davvero immersi nel lavoro\u201d, affermano i membri della band.<\/p>\n<p>Il brano \u00e8 disponibile su YouTube con il supporto del lyric video realizzato dal graphic designer <strong>Pietro Brunetti<\/strong>.<\/p>\n","protected":false},"excerpt":{"rendered":"<p>Esce \u201cL\u2019unico segno del tempo\u201d<\/p>\n","protected":false},"author":28,"featured_media":33333,"comment_status":"closed","ping_status":"closed","sticky":false,"template":"","format":"standard","meta":{"dwc-title":[],"dwc-content":[],"footnotes":""},"categories":[37],"tags":[],"class_list":["post-33332","post","type-post","status-publish","format-standard","has-post-thumbnail","hentry","category-cultura-e-spettacolo"],"rttpg_featured_image_url":{"full":["https:\/\/imagazine.it\/wp-content\/uploads\/2024\/01\/33945-1.webp",750,504,false],"landscape":["https:\/\/imagazine.it\/wp-content\/uploads\/2024\/01\/33945-1.webp",750,504,false],"portraits":["https:\/\/imagazine.it\/wp-content\/uploads\/2024\/01\/33945-1.webp",750,504,false],"thumbnail":["https:\/\/imagazine.it\/wp-content\/uploads\/2024\/01\/33945-1-150x150.webp",150,150,true],"medium":["https:\/\/imagazine.it\/wp-content\/uploads\/2024\/01\/33945-1-300x202.webp",300,202,true],"large":["https:\/\/imagazine.it\/wp-content\/uploads\/2024\/01\/33945-1.webp",640,430,false],"thumblist":["https:\/\/imagazine.it\/wp-content\/uploads\/2024\/01\/33945-1.webp",300,202,false],"thumbrelated":["https:\/\/imagazine.it\/wp-content\/uploads\/2024\/01\/33945-1.webp",500,336,false],"meccarouselthumb":["https:\/\/imagazine.it\/wp-content\/uploads\/2024\/01\/33945-1.webp",474,319,false],"gridsquare":["https:\/\/imagazine.it\/wp-content\/uploads\/2024\/01\/33945-1.webp",387,260,false],"tileview":["https:\/\/imagazine.it\/wp-content\/uploads\/2024\/01\/33945-1.webp",300,202,false],"1536x1536":["https:\/\/imagazine.it\/wp-content\/uploads\/2024\/01\/33945-1.webp",750,504,false],"2048x2048":["https:\/\/imagazine.it\/wp-content\/uploads\/2024\/01\/33945-1.webp",750,504,false],"newsup-slider-full":["https:\/\/imagazine.it\/wp-content\/uploads\/2024\/01\/33945-1.webp",750,504,false],"newsup-featured":["https:\/\/imagazine.it\/wp-content\/uploads\/2024\/01\/33945-1.webp",750,504,false],"newsup-medium":["https:\/\/imagazine.it\/wp-content\/uploads\/2024\/01\/33945-1-720x380.webp",720,380,true],"tptn_thumbnail":["https:\/\/imagazine.it\/wp-content\/uploads\/2024\/01\/33945-1.webp",250,168,false],"sow-carousel-default":["https:\/\/imagazine.it\/wp-content\/uploads\/2024\/01\/33945-1-272x182.webp",272,182,true]},"rttpg_author":{"display_name":"redazione","author_link":"https:\/\/imagazine.it\/home_desk\/author\/redazione\/"},"rttpg_comment":0,"rttpg_category":"<a href=\"https:\/\/imagazine.it\/home_desk\/category\/cultura-e-spettacolo\/\" rel=\"category tag\">CULTURA&amp;SPETTACOLO<\/a>","rttpg_excerpt":"Esce \u201cL\u2019unico segno del tempo\u201d","_links":{"self":[{"href":"https:\/\/imagazine.it\/home_desk\/wp-json\/wp\/v2\/posts\/33332","targetHints":{"allow":["GET"]}}],"collection":[{"href":"https:\/\/imagazine.it\/home_desk\/wp-json\/wp\/v2\/posts"}],"about":[{"href":"https:\/\/imagazine.it\/home_desk\/wp-json\/wp\/v2\/types\/post"}],"author":[{"embeddable":true,"href":"https:\/\/imagazine.it\/home_desk\/wp-json\/wp\/v2\/users\/28"}],"replies":[{"embeddable":true,"href":"https:\/\/imagazine.it\/home_desk\/wp-json\/wp\/v2\/comments?post=33332"}],"version-history":[{"count":0,"href":"https:\/\/imagazine.it\/home_desk\/wp-json\/wp\/v2\/posts\/33332\/revisions"}],"wp:featuredmedia":[{"embeddable":true,"href":"https:\/\/imagazine.it\/home_desk\/wp-json\/wp\/v2\/media\/33333"}],"wp:attachment":[{"href":"https:\/\/imagazine.it\/home_desk\/wp-json\/wp\/v2\/media?parent=33332"}],"wp:term":[{"taxonomy":"category","embeddable":true,"href":"https:\/\/imagazine.it\/home_desk\/wp-json\/wp\/v2\/categories?post=33332"},{"taxonomy":"post_tag","embeddable":true,"href":"https:\/\/imagazine.it\/home_desk\/wp-json\/wp\/v2\/tags?post=33332"}],"curies":[{"name":"wp","href":"https:\/\/api.w.org\/{rel}","templated":true}]}}