{"id":33296,"date":"2020-05-03T00:00:00","date_gmt":"2020-05-02T23:00:00","guid":{"rendered":"https:\/\/imagazine.it\/?p=33296"},"modified":"2020-05-03T00:00:00","modified_gmt":"2020-05-02T23:00:00","slug":"da-domenica-tornano-i-bus-anche-nei-festivi-in-tutto-il-fvg","status":"publish","type":"post","link":"https:\/\/imagazine.it\/home_desk\/da-domenica-tornano-i-bus-anche-nei-festivi-in-tutto-il-fvg\/","title":{"rendered":"Da domenica tornano i bus anche nei festivi in tutto il FVG"},"content":{"rendered":"<p>Il governatore del Friuli Venezia Giulia <strong>Massimiliano Fedriga<\/strong> ha firmato l<u><a href=\"http:\/\/www.regione.fvg.it\/rafvg\/export\/sites\/default\/RAFVG\/hp-new\/in-evidenza\/allegati\/Ordinanza_13_PC_FVG_dd_3_05_2020_TPL.pdf\" target=\"_blank\" rel=\"noopener\">&#39;ordinanza che definisce l&#39;assetto dei servizi di trasporto pubblico locale (Tpl) da domani fino al 17 maggio<\/a><\/u>.<\/p>\n<p>Viene confermato per il periodo 4-9 maggio il mantenimento della situazione attuale per gli autobus urbani e extraurbani, salvo rimodulazioni e intensificazioni per corrispondere all&#39;evoluzione della domanda, mentre per il periodo 10-17 maggio viene previsto il riavvio dei servizi per l&#39;intera regione, anche nelle giornate festive e per le corse serali.<\/p>\n<p>I servizi ferroviari svolti da Trenitalia dal 4 maggio passano dal 20% al 60% della situazione pre-emergenza Covid-19. Confermata la sospensione dei servizi ferroviari transfrontalieri.<\/p>\n<p>Per quanto riguarda le regole e le modalit\u00e0 di accesso, le disposizioni pi\u00f9 significative prevedono la conferma dell&#39;obbligo di indossare la mascherina a bordo di tutti i mezzi del trasporto pubblico locale, nelle autostazioni, stazioni ferroviarie e fermate.<br \/> I posti a sedere non utilizzabili saranno evidenziati sia sui treni che sugli autobus, in modo da consentire il rispetto della distanza fisica di un metro tra i passeggeri.<\/p>\n<p>Per quanto riguarda il numero dei viaggiatori trasportabili sugli autobus, tenuto conto dell&#39;obbligo di utilizzo delle mascherine, qualora non sia possibile garantire continuativamente il distanziamento fisico all&#39;interno dei mezzi, l&#39;ordinanza numero 13 prevede che il servizio debba comunque osservare un carico massimo non superiore al cinquanta per cento della capacit\u00e0 di trasporto del mezzo, desumibile dalla carta di circolazione; in relazione a ci\u00f2, \u00e8 previsto che il conducente che rilevi il raggiungimento della misura massima consentita non effettui la fermata successiva in assenza di prenotazione della &#8220;richiesta di fermata&#8221; da parte del passeggero a bordo.<\/p>\n<p><a href=\"http:\/\/imagazinevideotruck.it\/outlet\/relink.html\" target=\"_top\" rel=\"noopener\"><img loading=\"lazy\" decoding=\"async\" align=\"LEFT\" height=\"250\" src=\"http:\/\/imagazinevideotruck.it\/outlet\/outlet30.jpg\" width=\"300\" alt=\"\" title=\"\"><\/a><\/p>\n<p>\u00a0<\/p>\n<p>\u00a0<\/p>\n<p>\u00a0<\/p>\n<p>\u00a0<\/p>\n<p>\u00a0<\/p>\n<p>\u00a0<\/p>\n<p>\u00a0<\/p>\n<p>\u00a0<\/p>\n<p>\u00a0<\/p>\n<p>Per tutelare l&#39;autista \u00e8 prevista l&#39;adozione di misure di delimitazione della distanza, o barriere, fra la postazione di guida e l&#39;area di utilizzo dei passeggeri. Nei mezzi ancora non attrezzati, l&#39;ordinanza prevede che sia inibito l&#39;uso della porta anteriore. Il passeggero non pu\u00f2 occupare il posto disponibile vicino al conducente.<\/p>\n<p>Per quanto riguarda il trasporto non di linea, sono fornite dall&#39;ordinanza indicazioni sul numero massimo di passeggeri trasportabili, secondo la capacit\u00e0 del mezzo.<\/p>\n<p>\u00c8 confermata la cabina di regia, attivata il 13 marzo scorso, coordinata dall&#39;assessore regionale alle Infrastrutture e Territorio, con le aziende esercenti i servizi di trasporto pubblico locale automobilistico, ferroviario e marittimo e le organizzazioni sindacali.<\/p>\n<p>In tale contesto potranno essere definite dalle aziende eventuali ulteriori rimodulazioni dei servizi di tpl automobilistici e marittimi e avviati in forma sperimentale servizi automobilistici &#8220;point to point&#8221; o a chiamata, e in altre forme flessibili per assicurare la mobilit\u00e0 dei lavoratori da e verso le principali realt\u00e0 produttive e poli servizi regionali, anche con l&#39;utilizzo di vettori Ncc.<\/p>\n","protected":false},"excerpt":{"rendered":"<p>Disposizione del governatore Fedriga<\/p>\n","protected":false},"author":28,"featured_media":33297,"comment_status":"closed","ping_status":"closed","sticky":false,"template":"","format":"standard","meta":{"dwc-title":[],"dwc-content":[],"footnotes":""},"categories":[5],"tags":[],"class_list":["post-33296","post","type-post","status-publish","format-standard","has-post-thumbnail","hentry","category-attualita"],"rttpg_featured_image_url":{"full":["https:\/\/imagazine.it\/wp-content\/uploads\/2024\/01\/33897-1.webp",750,558,false],"landscape":["https:\/\/imagazine.it\/wp-content\/uploads\/2024\/01\/33897-1.webp",750,558,false],"portraits":["https:\/\/imagazine.it\/wp-content\/uploads\/2024\/01\/33897-1.webp",750,558,false],"thumbnail":["https:\/\/imagazine.it\/wp-content\/uploads\/2024\/01\/33897-1-150x150.webp",150,150,true],"medium":["https:\/\/imagazine.it\/wp-content\/uploads\/2024\/01\/33897-1-300x223.webp",300,223,true],"large":["https:\/\/imagazine.it\/wp-content\/uploads\/2024\/01\/33897-1.webp",640,476,false],"thumblist":["https:\/\/imagazine.it\/wp-content\/uploads\/2024\/01\/33897-1.webp",300,223,false],"thumbrelated":["https:\/\/imagazine.it\/wp-content\/uploads\/2024\/01\/33897-1.webp",500,372,false],"meccarouselthumb":["https:\/\/imagazine.it\/wp-content\/uploads\/2024\/01\/33897-1.webp",435,324,false],"gridsquare":["https:\/\/imagazine.it\/wp-content\/uploads\/2024\/01\/33897-1.webp",349,260,false],"tileview":["https:\/\/imagazine.it\/wp-content\/uploads\/2024\/01\/33897-1.webp",300,223,false],"1536x1536":["https:\/\/imagazine.it\/wp-content\/uploads\/2024\/01\/33897-1.webp",750,558,false],"2048x2048":["https:\/\/imagazine.it\/wp-content\/uploads\/2024\/01\/33897-1.webp",750,558,false],"newsup-slider-full":["https:\/\/imagazine.it\/wp-content\/uploads\/2024\/01\/33897-1.webp",750,558,false],"newsup-featured":["https:\/\/imagazine.it\/wp-content\/uploads\/2024\/01\/33897-1.webp",750,558,false],"newsup-medium":["https:\/\/imagazine.it\/wp-content\/uploads\/2024\/01\/33897-1-720x380.webp",720,380,true],"tptn_thumbnail":["https:\/\/imagazine.it\/wp-content\/uploads\/2024\/01\/33897-1.webp",250,186,false],"sow-carousel-default":["https:\/\/imagazine.it\/wp-content\/uploads\/2024\/01\/33897-1-272x182.webp",272,182,true]},"rttpg_author":{"display_name":"redazione","author_link":"https:\/\/imagazine.it\/home_desk\/author\/redazione\/"},"rttpg_comment":0,"rttpg_category":"<a href=\"https:\/\/imagazine.it\/home_desk\/category\/attualita\/\" rel=\"category tag\">ATTUALIT\u00c0<\/a>","rttpg_excerpt":"Disposizione del governatore Fedriga","_links":{"self":[{"href":"https:\/\/imagazine.it\/home_desk\/wp-json\/wp\/v2\/posts\/33296","targetHints":{"allow":["GET"]}}],"collection":[{"href":"https:\/\/imagazine.it\/home_desk\/wp-json\/wp\/v2\/posts"}],"about":[{"href":"https:\/\/imagazine.it\/home_desk\/wp-json\/wp\/v2\/types\/post"}],"author":[{"embeddable":true,"href":"https:\/\/imagazine.it\/home_desk\/wp-json\/wp\/v2\/users\/28"}],"replies":[{"embeddable":true,"href":"https:\/\/imagazine.it\/home_desk\/wp-json\/wp\/v2\/comments?post=33296"}],"version-history":[{"count":0,"href":"https:\/\/imagazine.it\/home_desk\/wp-json\/wp\/v2\/posts\/33296\/revisions"}],"wp:featuredmedia":[{"embeddable":true,"href":"https:\/\/imagazine.it\/home_desk\/wp-json\/wp\/v2\/media\/33297"}],"wp:attachment":[{"href":"https:\/\/imagazine.it\/home_desk\/wp-json\/wp\/v2\/media?parent=33296"}],"wp:term":[{"taxonomy":"category","embeddable":true,"href":"https:\/\/imagazine.it\/home_desk\/wp-json\/wp\/v2\/categories?post=33296"},{"taxonomy":"post_tag","embeddable":true,"href":"https:\/\/imagazine.it\/home_desk\/wp-json\/wp\/v2\/tags?post=33296"}],"curies":[{"name":"wp","href":"https:\/\/api.w.org\/{rel}","templated":true}]}}