{"id":33284,"date":"2020-05-02T00:00:00","date_gmt":"2020-05-01T23:00:00","guid":{"rendered":"https:\/\/imagazine.it\/?p=33284"},"modified":"2020-05-02T00:00:00","modified_gmt":"2020-05-01T23:00:00","slug":"vogliamo-riaprire-linvocazione-dei-commercianti-di-ronchi","status":"publish","type":"post","link":"https:\/\/imagazine.it\/home_desk\/vogliamo-riaprire-linvocazione-dei-commercianti-di-ronchi\/","title":{"rendered":"&#8220;Vogliamo riaprire&#8221;, l&#8217;invocazione dei commercianti di Ronchi"},"content":{"rendered":"<p>Anche a Ronchi dei Legionari i commercianti hanno inscenato una manifestazione a fine di sensibilizzare il governo nazionale sulla grave difficolt\u00e0 in cui si ritrovano i piccoli commercianti e i liberi professionisti.<\/p>\n<p>Questa mattina alle 11 davanti al municipio si son ritrovati in 120 a rappresentare tutte le attivit\u00e0 della comunit\u00e0. Erano presenti fra l&#39;altro il sindaco <strong>Livio Vecchiet<\/strong>, il presidente dell&#39;Ascom mandamentale, <strong>Roberto Antonelli<\/strong>, il rappresentante locale <strong>Vincenzo Borgia<\/strong>.<\/p>\n<p>&#8220;VOGLIAMO RIAPRIRE&#8221; \u00e8 stato il messaggio della manifestazione, organizzata per evidenziare la gravit\u00e0 di questo periodo e la volont\u00e0 dei commercianti di mantenere aperte le serrande dei propri locali. Tutti o quasi indossavano una maglietta bianca (simbolo del malcontento) mentre lasciavano simbolicamente le chiavi delle loro attivit\u00e0 davanti al comune.<\/p>\n<p>\u00c8 stata una manifestazione apolitica e apartitica, con l\u2019attenzione a evitare assembramenti, camminando mantenendo la distanza sociale e indossando la mascherina. Al termine, un lungo applauso, per condividere forza e coraggio.<\/p>\n","protected":false},"excerpt":{"rendered":"<p>Manifestazione in centro, guarda le foto<\/p>\n","protected":false},"author":22,"featured_media":33285,"comment_status":"closed","ping_status":"closed","sticky":false,"template":"","format":"standard","meta":{"dwc-title":[],"dwc-content":[],"footnotes":""},"categories":[5],"tags":[],"class_list":["post-33284","post","type-post","status-publish","format-standard","has-post-thumbnail","hentry","category-attualita"],"rttpg_featured_image_url":{"full":["https:\/\/imagazine.it\/wp-content\/uploads\/2024\/01\/33872-1.webp",750,478,false],"landscape":["https:\/\/imagazine.it\/wp-content\/uploads\/2024\/01\/33872-1.webp",750,478,false],"portraits":["https:\/\/imagazine.it\/wp-content\/uploads\/2024\/01\/33872-1.webp",750,478,false],"thumbnail":["https:\/\/imagazine.it\/wp-content\/uploads\/2024\/01\/33872-1-150x150.webp",150,150,true],"medium":["https:\/\/imagazine.it\/wp-content\/uploads\/2024\/01\/33872-1-300x191.webp",300,191,true],"large":["https:\/\/imagazine.it\/wp-content\/uploads\/2024\/01\/33872-1.webp",640,408,false],"thumblist":["https:\/\/imagazine.it\/wp-content\/uploads\/2024\/01\/33872-1.webp",300,191,false],"thumbrelated":["https:\/\/imagazine.it\/wp-content\/uploads\/2024\/01\/33872-1.webp",500,319,false],"meccarouselthumb":["https:\/\/imagazine.it\/wp-content\/uploads\/2024\/01\/33872-1.webp",474,302,false],"gridsquare":["https:\/\/imagazine.it\/wp-content\/uploads\/2024\/01\/33872-1.webp",391,249,false],"tileview":["https:\/\/imagazine.it\/wp-content\/uploads\/2024\/01\/33872-1.webp",300,191,false],"1536x1536":["https:\/\/imagazine.it\/wp-content\/uploads\/2024\/01\/33872-1.webp",750,478,false],"2048x2048":["https:\/\/imagazine.it\/wp-content\/uploads\/2024\/01\/33872-1.webp",750,478,false],"newsup-slider-full":["https:\/\/imagazine.it\/wp-content\/uploads\/2024\/01\/33872-1.webp",750,478,false],"newsup-featured":["https:\/\/imagazine.it\/wp-content\/uploads\/2024\/01\/33872-1.webp",750,478,false],"newsup-medium":["https:\/\/imagazine.it\/wp-content\/uploads\/2024\/01\/33872-1-720x380.webp",720,380,true],"tptn_thumbnail":["https:\/\/imagazine.it\/wp-content\/uploads\/2024\/01\/33872-1.webp",250,159,false],"sow-carousel-default":["https:\/\/imagazine.it\/wp-content\/uploads\/2024\/01\/33872-1-272x182.webp",272,182,true]},"rttpg_author":{"display_name":"Livio Nonis","author_link":"https:\/\/imagazine.it\/home_desk\/author\/nonis\/"},"rttpg_comment":0,"rttpg_category":"<a href=\"https:\/\/imagazine.it\/home_desk\/category\/attualita\/\" rel=\"category tag\">ATTUALIT\u00c0<\/a>","rttpg_excerpt":"Manifestazione in centro, guarda le foto","_links":{"self":[{"href":"https:\/\/imagazine.it\/home_desk\/wp-json\/wp\/v2\/posts\/33284","targetHints":{"allow":["GET"]}}],"collection":[{"href":"https:\/\/imagazine.it\/home_desk\/wp-json\/wp\/v2\/posts"}],"about":[{"href":"https:\/\/imagazine.it\/home_desk\/wp-json\/wp\/v2\/types\/post"}],"author":[{"embeddable":true,"href":"https:\/\/imagazine.it\/home_desk\/wp-json\/wp\/v2\/users\/22"}],"replies":[{"embeddable":true,"href":"https:\/\/imagazine.it\/home_desk\/wp-json\/wp\/v2\/comments?post=33284"}],"version-history":[{"count":0,"href":"https:\/\/imagazine.it\/home_desk\/wp-json\/wp\/v2\/posts\/33284\/revisions"}],"wp:featuredmedia":[{"embeddable":true,"href":"https:\/\/imagazine.it\/home_desk\/wp-json\/wp\/v2\/media\/33285"}],"wp:attachment":[{"href":"https:\/\/imagazine.it\/home_desk\/wp-json\/wp\/v2\/media?parent=33284"}],"wp:term":[{"taxonomy":"category","embeddable":true,"href":"https:\/\/imagazine.it\/home_desk\/wp-json\/wp\/v2\/categories?post=33284"},{"taxonomy":"post_tag","embeddable":true,"href":"https:\/\/imagazine.it\/home_desk\/wp-json\/wp\/v2\/tags?post=33284"}],"curies":[{"name":"wp","href":"https:\/\/api.w.org\/{rel}","templated":true}]}}