{"id":33266,"date":"2020-04-30T00:00:00","date_gmt":"2020-04-29T23:00:00","guid":{"rendered":"https:\/\/imagazine.it\/?p=33266"},"modified":"2020-04-30T00:00:00","modified_gmt":"2020-04-29T23:00:00","slug":"la-noia-questa-bava-schifosa","status":"publish","type":"post","link":"https:\/\/imagazine.it\/home_desk\/la-noia-questa-bava-schifosa\/","title":{"rendered":"La noia, questa bava schifosa"},"content":{"rendered":"<p>Ancora una volta nel segno di\u00a0<strong>Caterina Percoto<\/strong>,\u00a0<strong>riparte il Premio letterario promosso dal Comune di Manzano \u2013 assessorato alla cultura<\/strong>. Un contest che approda al\u00a0<strong>traguardo dell\u20198^edizione<\/strong>, quest\u2019anno ispirata da un estratto dalle \u201cNovelle scelte\u201d, pubblicate esattamente 140 anni fa, nel 1880: \u201c<strong>La noia, questa bava schifosa. Questo frigido serpente che paralizza tutti i moti del cuore<\/strong>\u201d. Parole che ci riportano a uno stato d\u2019animo spesso echeggiato nelle settimane del distanziamento, e proprio questo sar\u00e0 il motore pulsante\u00a0<strong>per i racconti in gara all\u2019edizione 2020 del\u00a0Premio letterario Caterina Percoto,<\/strong>\u00a0rivolto come sempre a un duplice target di partecipanti: gli\u00a0<strong>adulti<\/strong>, che potranno cimentarsi con i racconti brevi in lingua italiana o friulana per un massimo di 20.000 battute, spazi inclusi. E gli\u00a0<strong>studenti<\/strong>, delle scuole primarie di primo e secondo grado e delle scuole secondarie, che avranno 5 mila caratteri, spazi inclusi, come limite alla loro creativit\u00e0 per racconti in lingua italiana o friulana.\u00a0<strong>Scadenza per il recapito degli elaborati sar\u00e0 marted\u00ec 30 giugno, ore 12.<\/strong>\u00a0Il bando, il format di partecipazione e tutte le indicazioni sono disponibili sul sito\u00a0<u><strong><a href=\"http:\/\/www.comune.manzano.ud\/\" target=\"_blank\" rel=\"noopener\">www.comune.manzano.ud<\/a><\/strong><\/u><\/p>\n<p><strong>I nuovi racconti 2020 saranno al vaglio di una Giuria presieduta dalla giornalista Elisabetta Pozzetto<\/strong>\u00a0e composta da\u00a0<strong>Silvia Parmiani<\/strong>, assessore alla cultura del Comune di Manzano, dal direttore ARLeF\u00a0<strong>William Cisilino<\/strong>\u00a0e da\u00a0<strong>Elisabetta Feruglio, Valter Peruzzi, Walter Tomada<\/strong>\u00a0e\u00a0<strong>Cristina Qualizza<\/strong>. L\u2019autunno porter\u00e0 l\u2019annuncio dei vincitori, in vista della\u00a0<strong>cerimonia di premiazione<\/strong>\u00a0che era stata programmata per\u00a0<strong>domenica 29 novembre, e che si spera di poter celebrare ottemperando alle misure di sicurezza<\/strong>.<\/p>\n<p>\u00abIl\u00a0tema scelto per il l\u2019edizione 2020 del Premio letterario Caterina Percoto\u00a0\u2013 rileva\u00a0l\u2019assessore regionale alla cultura, <strong>Tiziana Gibelli<\/strong>\u00a0\u2013 \u00e8\u00a0perfettamente in linea con il particolare periodo che stiamo vivendo. La noia \u00e8 quella che ci pu\u00f2 assalire quando siamo costretti a stare a casa senza poter vedere gli affetti pi\u00f9 cari, senza poter godere dell\u2019ambiente che ci circonda. Ma, allo stesso tempo, pu\u00f2 essere anche\u00a0l\u2019occasione per fare una seria riflessione su s\u00e9 stessi e per ripartire pi\u00f9 forti e pi\u00f9 motivati di prima.\u00a0Proprio come sono ripartite le nostre attivit\u00e0 culturali che, come il Premio letterario Caterina Percoto, hanno cercato forme innovative e creative per esprimere la loro arte\u00bb.<\/p>\n<p><em>Il\u00a0<strong>Premio Letterario Caterina Percoto<\/strong>\u00a0\u00e8 stato ideato dal\u00a0<strong>Comune di Manzano<\/strong>\u00a0per onorare la scrittrice friulana che nasceva il\u00a019 febbraio 1812 a S. Lorenzo di Soleschiano sul Natisone, nei pressi di Manzano.\u00a0<strong>Se la forma racconto fu una delle cifre stilistiche care a Caterina Percoto,\u00a0<\/strong>la<strong>\u00a0tematica intorno alla donna\u00a0<\/strong>fu terreno privilegiato d\u2019indagine per la \u201cContessa contadina\u201d, come l\u2019autrice friulana venne anche ribattezzata.\u00a0I suoi personaggi sono spesso donne forti<strong>,<\/strong>\u00a0capaci di manifestare sicurezza e determinazione, al di l\u00e0 del romanticismo che esprimono. Certamente Caterina Percoto fu autrice capace di cogliere, in anticipo sui tempi, la centralit\u00e0 delle tematiche educative legate alla formazione della donna, sviluppandole nella sua narrativa. I suoi\u00a0racconti custodiscono una documentazione culturali e antropologica dell\u2019Italia fra Risorgimento e unit\u00e0 nazionale.<\/em><\/p>\n","protected":false},"excerpt":{"rendered":"<p>Ottava edizione del contest<\/p>\n","protected":false},"author":28,"featured_media":33267,"comment_status":"closed","ping_status":"closed","sticky":false,"template":"","format":"standard","meta":{"dwc-title":[],"dwc-content":[],"footnotes":""},"categories":[37],"tags":[],"class_list":["post-33266","post","type-post","status-publish","format-standard","has-post-thumbnail","hentry","category-cultura-e-spettacolo"],"rttpg_featured_image_url":{"full":["https:\/\/imagazine.it\/wp-content\/uploads\/2024\/01\/33814-1.webp",740,493,false],"landscape":["https:\/\/imagazine.it\/wp-content\/uploads\/2024\/01\/33814-1.webp",740,493,false],"portraits":["https:\/\/imagazine.it\/wp-content\/uploads\/2024\/01\/33814-1.webp",740,493,false],"thumbnail":["https:\/\/imagazine.it\/wp-content\/uploads\/2024\/01\/33814-1-150x150.webp",150,150,true],"medium":["https:\/\/imagazine.it\/wp-content\/uploads\/2024\/01\/33814-1-300x200.webp",300,200,true],"large":["https:\/\/imagazine.it\/wp-content\/uploads\/2024\/01\/33814-1.webp",640,426,false],"thumblist":["https:\/\/imagazine.it\/wp-content\/uploads\/2024\/01\/33814-1.webp",300,200,false],"thumbrelated":["https:\/\/imagazine.it\/wp-content\/uploads\/2024\/01\/33814-1.webp",500,333,false],"meccarouselthumb":["https:\/\/imagazine.it\/wp-content\/uploads\/2024\/01\/33814-1.webp",474,316,false],"gridsquare":["https:\/\/imagazine.it\/wp-content\/uploads\/2024\/01\/33814-1.webp",391,260,false],"tileview":["https:\/\/imagazine.it\/wp-content\/uploads\/2024\/01\/33814-1.webp",300,200,false],"1536x1536":["https:\/\/imagazine.it\/wp-content\/uploads\/2024\/01\/33814-1.webp",740,493,false],"2048x2048":["https:\/\/imagazine.it\/wp-content\/uploads\/2024\/01\/33814-1.webp",740,493,false],"newsup-slider-full":["https:\/\/imagazine.it\/wp-content\/uploads\/2024\/01\/33814-1.webp",740,493,false],"newsup-featured":["https:\/\/imagazine.it\/wp-content\/uploads\/2024\/01\/33814-1.webp",740,493,false],"newsup-medium":["https:\/\/imagazine.it\/wp-content\/uploads\/2024\/01\/33814-1-720x380.webp",720,380,true],"tptn_thumbnail":["https:\/\/imagazine.it\/wp-content\/uploads\/2024\/01\/33814-1.webp",250,167,false],"sow-carousel-default":["https:\/\/imagazine.it\/wp-content\/uploads\/2024\/01\/33814-1-272x182.webp",272,182,true]},"rttpg_author":{"display_name":"redazione","author_link":"https:\/\/imagazine.it\/home_desk\/author\/redazione\/"},"rttpg_comment":0,"rttpg_category":"<a href=\"https:\/\/imagazine.it\/home_desk\/category\/cultura-e-spettacolo\/\" rel=\"category tag\">CULTURA&amp;SPETTACOLO<\/a>","rttpg_excerpt":"Ottava edizione del contest","_links":{"self":[{"href":"https:\/\/imagazine.it\/home_desk\/wp-json\/wp\/v2\/posts\/33266","targetHints":{"allow":["GET"]}}],"collection":[{"href":"https:\/\/imagazine.it\/home_desk\/wp-json\/wp\/v2\/posts"}],"about":[{"href":"https:\/\/imagazine.it\/home_desk\/wp-json\/wp\/v2\/types\/post"}],"author":[{"embeddable":true,"href":"https:\/\/imagazine.it\/home_desk\/wp-json\/wp\/v2\/users\/28"}],"replies":[{"embeddable":true,"href":"https:\/\/imagazine.it\/home_desk\/wp-json\/wp\/v2\/comments?post=33266"}],"version-history":[{"count":0,"href":"https:\/\/imagazine.it\/home_desk\/wp-json\/wp\/v2\/posts\/33266\/revisions"}],"wp:featuredmedia":[{"embeddable":true,"href":"https:\/\/imagazine.it\/home_desk\/wp-json\/wp\/v2\/media\/33267"}],"wp:attachment":[{"href":"https:\/\/imagazine.it\/home_desk\/wp-json\/wp\/v2\/media?parent=33266"}],"wp:term":[{"taxonomy":"category","embeddable":true,"href":"https:\/\/imagazine.it\/home_desk\/wp-json\/wp\/v2\/categories?post=33266"},{"taxonomy":"post_tag","embeddable":true,"href":"https:\/\/imagazine.it\/home_desk\/wp-json\/wp\/v2\/tags?post=33266"}],"curies":[{"name":"wp","href":"https:\/\/api.w.org\/{rel}","templated":true}]}}