{"id":33260,"date":"2020-04-29T00:00:00","date_gmt":"2020-04-28T23:00:00","guid":{"rendered":"https:\/\/imagazine.it\/?p=33260"},"modified":"2020-04-29T00:00:00","modified_gmt":"2020-04-28T23:00:00","slug":"il-mosaico-friulano-diventa-esempio-nazionale","status":"publish","type":"post","link":"https:\/\/imagazine.it\/home_desk\/il-mosaico-friulano-diventa-esempio-nazionale\/","title":{"rendered":"Il mosaico friulano diventa esempio nazionale"},"content":{"rendered":"<p>Icons of Art\/ Mosaic Young Talent progetto dell\u2019associazione Naonis per promuovere il mosaico e i giovani talenti formati dalla <strong>Scuola Mosaicisti del Friuli<\/strong> \u00e8 nuovamente alla ribalta nazionale.<\/p>\n<p>La Siae, promotrice del bando\u00a0\u201cPer Chi Crea\u201d assieme al Ministero dei Beni Culturali, ha infatti scelto proprio il progetto pordenonese, utilizzando video e immagini realizzati durante l\u2019inaugurazione della mostra al Museo di Storia Naturale di Pordenone, per la pubblicazione di post dedicati all\u2019iniziativa sui propri canali social nazionali.<\/p>\n<p>\u201c\u00c8 una notizia che ci riempie di orgoglio e soddisfazione\u00a0\u2013 commenta l\u2019assessore alla cultura di Pordenone, <strong>Pietro Tropeano<\/strong> \u2013 perch\u00e9 da sempre abbiamo creduto in questo progetto che abbiamo ospitato ogni anno nei nostri spazi espositivi. La mostra in questo momento \u00e8 rimasta imprigionata dalle misure di contenimento anti Covid 19, ma come una bella addormentata al momento opportuno si sveglier\u00e0, rivelandosi in tutto il suo splendore al pubblico. Giusto ora dare priorit\u00e0 alla salute, ma non possiamo neanche vivere senza cultura. Quando il Governo dar\u00e0 il via libera alle riaperture dei musei, sar\u00e0 per me un giorno bellissimo, e sono pronto a lavorare alla progettazione\u201d.<\/p>\n<p>Sulla stessa linea di pensiero anche l\u2019architetto <strong>Guglielmo Zanette<\/strong>, promotore e direttore artistico di Mosaic Young Talent, che\u00a0alza\u00a0la posta a favore di una rinascita culturale: \u201cQuello che giunge dal Ministero \u00e8 per noi un riconoscimento per la qualit\u00e0 del lavoro fatto e uno stimolo a proseguire su questa strada con ancora pi\u00f9 determinazione e fiducia.\u00a0Il Covid 19 non ci ferma e siamo al lavoro\u00a0per preparare\u00a0la nuova collezione di ritratti dedicata a famosi attori\u00a0italoamericani che sono entrati nel cuore del pubblico come Al Pacino e cantanti leggendari come Frank Sinatra, Madonna, Lady Gaga. In questo momento la giovane Ilaria Caputi,\u00a0allieva\u00a0della Scuola Mosaicisti del Friuli, nostro partner imprescindibile in questa meravigliosa avventura, \u00e8 all\u2019opera su un ritratto di John Travolta, tratto dal film Grease. Altri giovani mosaicisti sono al lavoro sui nuovi ritratti per completare al pi\u00f9 presto la collezione Italian American Icons,\u00a0che \u00e8 gi\u00e0 stata prenotata da diversi musei americani per il prossimo biennio. Considerato che i tempi di realizzazione di un ritratto superano i tre mesi e preso atto delle scarse risorse a disposizione in questo momento per la cultura, siamo in realt\u00e0 un po\u2019 in apprensione. Per questo motivo <u><a href=\"http:\/\/www.naonis.org\" target=\"_blank\" rel=\"noopener\">sul sito dell\u2019associazione www.<\/a><a data-saferedirecturl=\"https:\/\/www.google.com\/url?q=http:\/\/naonis.org\/&#038;source=gmail&#038;ust=1588236483015000&#038;usg=AFQjCNGxfSjJyVgOJ7pPoCQls7P7aY0cGQ\" href=\"http:\/\/naonis.org\/\" target=\"_blank\" rel=\"noopener\">naonis.org<\/a><\/u>\u00a0abbiamo promosso una raccolta fondi, che permette\u00a0di donare anche piccole cifre,\u00a0in totale trasparenza\u00a0con una procedura semplice e immediata. Il ricavato servir\u00e0 appunto per finanziare le prossime opere, dando il giusto riconoscimento ai giovani artisti, che il prossimo anno prenderanno il volo per la California, dove ci aspetta nuovamente il Marin Moca.\u00a0Proprio adesso che siamo distanti, dobbiamo lavorare a costruire ponti e proprio adesso che abbiamo paura del presente, dobbiamo sostenere i giovani e il futuro\u201d.<\/p>\n<p>Sul sito della Naonis\u00a0si pu\u00f2 intanto fare un tour virtuale alla mostra, ammirare le opere gi\u00e0 realizzate e immaginare quelle che verranno realizzate grazie a chi doner\u00e0, che sar\u00e0 dunque mecenate di un evento internazionale, ambasciatore dell\u2019arte italiana, con esplicita citazione di Pordenone e del Friuli Venezia Giulia,\u00a0nel mondo.<\/p>\n","protected":false},"excerpt":{"rendered":"<p>Con il bando &#8220;Per Chi Crea&#8221;<\/p>\n","protected":false},"author":28,"featured_media":33261,"comment_status":"closed","ping_status":"closed","sticky":false,"template":"","format":"standard","meta":{"dwc-title":[],"dwc-content":[],"footnotes":""},"categories":[5],"tags":[],"class_list":["post-33260","post","type-post","status-publish","format-standard","has-post-thumbnail","hentry","category-attualita"],"rttpg_featured_image_url":{"full":["https:\/\/imagazine.it\/wp-content\/uploads\/2024\/01\/33800-1.webp",750,557,false],"landscape":["https:\/\/imagazine.it\/wp-content\/uploads\/2024\/01\/33800-1.webp",750,557,false],"portraits":["https:\/\/imagazine.it\/wp-content\/uploads\/2024\/01\/33800-1.webp",750,557,false],"thumbnail":["https:\/\/imagazine.it\/wp-content\/uploads\/2024\/01\/33800-1-150x150.webp",150,150,true],"medium":["https:\/\/imagazine.it\/wp-content\/uploads\/2024\/01\/33800-1-300x223.webp",300,223,true],"large":["https:\/\/imagazine.it\/wp-content\/uploads\/2024\/01\/33800-1.webp",640,475,false],"thumblist":["https:\/\/imagazine.it\/wp-content\/uploads\/2024\/01\/33800-1.webp",300,223,false],"thumbrelated":["https:\/\/imagazine.it\/wp-content\/uploads\/2024\/01\/33800-1.webp",500,371,false],"meccarouselthumb":["https:\/\/imagazine.it\/wp-content\/uploads\/2024\/01\/33800-1.webp",436,324,false],"gridsquare":["https:\/\/imagazine.it\/wp-content\/uploads\/2024\/01\/33800-1.webp",350,260,false],"tileview":["https:\/\/imagazine.it\/wp-content\/uploads\/2024\/01\/33800-1.webp",300,223,false],"1536x1536":["https:\/\/imagazine.it\/wp-content\/uploads\/2024\/01\/33800-1.webp",750,557,false],"2048x2048":["https:\/\/imagazine.it\/wp-content\/uploads\/2024\/01\/33800-1.webp",750,557,false],"newsup-slider-full":["https:\/\/imagazine.it\/wp-content\/uploads\/2024\/01\/33800-1.webp",750,557,false],"newsup-featured":["https:\/\/imagazine.it\/wp-content\/uploads\/2024\/01\/33800-1.webp",750,557,false],"newsup-medium":["https:\/\/imagazine.it\/wp-content\/uploads\/2024\/01\/33800-1-720x380.webp",720,380,true],"tptn_thumbnail":["https:\/\/imagazine.it\/wp-content\/uploads\/2024\/01\/33800-1.webp",250,186,false],"sow-carousel-default":["https:\/\/imagazine.it\/wp-content\/uploads\/2024\/01\/33800-1-272x182.webp",272,182,true]},"rttpg_author":{"display_name":"redazione","author_link":"https:\/\/imagazine.it\/home_desk\/author\/redazione\/"},"rttpg_comment":0,"rttpg_category":"<a href=\"https:\/\/imagazine.it\/home_desk\/category\/attualita\/\" rel=\"category tag\">ATTUALIT\u00c0<\/a>","rttpg_excerpt":"Con il bando \"Per Chi Crea\"","_links":{"self":[{"href":"https:\/\/imagazine.it\/home_desk\/wp-json\/wp\/v2\/posts\/33260","targetHints":{"allow":["GET"]}}],"collection":[{"href":"https:\/\/imagazine.it\/home_desk\/wp-json\/wp\/v2\/posts"}],"about":[{"href":"https:\/\/imagazine.it\/home_desk\/wp-json\/wp\/v2\/types\/post"}],"author":[{"embeddable":true,"href":"https:\/\/imagazine.it\/home_desk\/wp-json\/wp\/v2\/users\/28"}],"replies":[{"embeddable":true,"href":"https:\/\/imagazine.it\/home_desk\/wp-json\/wp\/v2\/comments?post=33260"}],"version-history":[{"count":0,"href":"https:\/\/imagazine.it\/home_desk\/wp-json\/wp\/v2\/posts\/33260\/revisions"}],"wp:featuredmedia":[{"embeddable":true,"href":"https:\/\/imagazine.it\/home_desk\/wp-json\/wp\/v2\/media\/33261"}],"wp:attachment":[{"href":"https:\/\/imagazine.it\/home_desk\/wp-json\/wp\/v2\/media?parent=33260"}],"wp:term":[{"taxonomy":"category","embeddable":true,"href":"https:\/\/imagazine.it\/home_desk\/wp-json\/wp\/v2\/categories?post=33260"},{"taxonomy":"post_tag","embeddable":true,"href":"https:\/\/imagazine.it\/home_desk\/wp-json\/wp\/v2\/tags?post=33260"}],"curies":[{"name":"wp","href":"https:\/\/api.w.org\/{rel}","templated":true}]}}