{"id":33258,"date":"2020-04-29T00:00:00","date_gmt":"2020-04-28T23:00:00","guid":{"rendered":"https:\/\/imagazine.it\/?p=33258"},"modified":"2020-04-29T00:00:00","modified_gmt":"2020-04-28T23:00:00","slug":"la-protezione-civile-del-fvg-consegna-computer-agli-studenti","status":"publish","type":"post","link":"https:\/\/imagazine.it\/home_desk\/la-protezione-civile-del-fvg-consegna-computer-agli-studenti\/","title":{"rendered":"La Protezione Civile del FVG consegna computer agli studenti"},"content":{"rendered":"<p>&#8220;Grazie alla collaborazione tra l&#39;Ufficio scolastico regionale e la Protezione Civile del Friuli Venezia Giulia ha preso il via la distribuzione di computer portatili e tablet in comodato gratuito agli studenti che non possono accedere alla didattica a distanza a causa della mancanza di adeguati strumenti informatici&#8221;.<\/p>\n<p>Lo ha annunciato il vicegovernatore del Friuli Venezia Giulia con delega alla Protezione civile, <strong>Riccardo Riccardi<\/strong>, spiegando che &#8220;la distribuzione di 543 dispositivi forniti da <strong>26 istituti scolastici<\/strong> (5 nella provincia di Gorizia, 13 a Udine, 5 a Pordenone e 3 a Trieste) agli studenti che ne hanno fatto richiesta da parte dei volontari della Protezione civile \u00e8 iniziata da alcuni giorni e ha permesso di recapitare gi\u00e0 <strong>pi\u00f9 di 300 tra tablet e pc<\/strong>&#8220;.<\/p>\n<p>Riccardi ha spiegato che &#8220;sono stati <strong>coinvolti 67 gruppi comunali<\/strong> che hanno messo in campo <strong>130 volontari<\/strong> per il ritiro e trasporto dei dispositivi e <strong>oltre 250 per la consegna agli studenti in 114 Comuni della regione<\/strong>. L&#39;attivit\u00e0 \u00e8 stata strutturata per limitare il movimento dei ragazzi e dei loro familiari attraverso la consegna a domicilio da parte dei volontari, i quali prelevano i computer direttamente nelle scuole assieme all&#39;elenco dei destinatari e, una volta effettuata la consegna, fanno firmare ai ragazzi o ai loro genitori la ricevuta che viene poi inviata dalla Protezione civile alla scuola a conferma dell&#39;avvenuto recapito. Inoltre, molte scuole hanno approfittato dell&#39;attivit\u00e0 di distribuzione per restituire agli allievi materiale scolastico lasciato negli istituti, come libri di testo e quaderni&#8221;.<\/p>\n<p><a href=\"http:\/\/imagazinevideotruck.it\/outlet\/relink.html\" target=\"_top\" rel=\"noopener\"><img loading=\"lazy\" decoding=\"async\" align=\"LEFT\" height=\"250\" src=\"http:\/\/imagazinevideotruck.it\/outlet\/outlet30.jpg\" width=\"300\" alt=\"\" title=\"\"><\/a><\/p>\n<p>\u00a0<\/p>\n<p>\u00a0<\/p>\n<p>\u00a0<\/p>\n<p>\u00a0<\/p>\n<p>\u00a0<\/p>\n<p>\u00a0<\/p>\n<p>\u00a0<\/p>\n<p>\u00a0<\/p>\n<p>\u00a0<\/p>\n<p>&#8220;L&#39;emergenza sanitaria \u2013 ha sottolineato l&#39;assessore regionale all&#39;Istruzione, <strong>Alessia Rosolen<\/strong> \u2013 ha impresso una fortissima accelerazione al concetto di didattica a distanza, che si \u00e8 velocemente trasferito dalla teoria alla pratica, esattamente come gli spazi virtuali hanno preso il posto delle aule tradizionali. Inevitabilmente, sono state registrate alcune difficolt\u00e0 che Regione e Ufficio Scolastico Regionale hanno individuato e per le quali stiamo cercando una soluzione. Tramite un utilizzo complementare e attento di fondi ministeriali e regionali, l&#39;obiettivo \u00e8 mettere tutte le famiglie nelle condizioni di accompagnare e sostenere i ragazzi in questo percorso. Stiamo perfezionando un monitoraggio molto attento per garantire interventi mirati e rispondenti alle vere esigenze delle scuole e delle famiglie&#8221;.<\/p>\n","protected":false},"excerpt":{"rendered":"<p>Gi\u00e0 fatti pervenire pi\u00f9 di 300 dispositivi<\/p>\n","protected":false},"author":28,"featured_media":33259,"comment_status":"closed","ping_status":"closed","sticky":false,"template":"","format":"standard","meta":{"dwc-title":[],"dwc-content":[],"footnotes":""},"categories":[5],"tags":[],"class_list":["post-33258","post","type-post","status-publish","format-standard","has-post-thumbnail","hentry","category-attualita"],"rttpg_featured_image_url":{"full":["https:\/\/imagazine.it\/wp-content\/uploads\/2024\/01\/33798-1.webp",750,468,false],"landscape":["https:\/\/imagazine.it\/wp-content\/uploads\/2024\/01\/33798-1.webp",750,468,false],"portraits":["https:\/\/imagazine.it\/wp-content\/uploads\/2024\/01\/33798-1.webp",750,468,false],"thumbnail":["https:\/\/imagazine.it\/wp-content\/uploads\/2024\/01\/33798-1-150x150.webp",150,150,true],"medium":["https:\/\/imagazine.it\/wp-content\/uploads\/2024\/01\/33798-1-300x187.webp",300,187,true],"large":["https:\/\/imagazine.it\/wp-content\/uploads\/2024\/01\/33798-1.webp",640,399,false],"thumblist":["https:\/\/imagazine.it\/wp-content\/uploads\/2024\/01\/33798-1.webp",300,187,false],"thumbrelated":["https:\/\/imagazine.it\/wp-content\/uploads\/2024\/01\/33798-1.webp",500,312,false],"meccarouselthumb":["https:\/\/imagazine.it\/wp-content\/uploads\/2024\/01\/33798-1.webp",474,296,false],"gridsquare":["https:\/\/imagazine.it\/wp-content\/uploads\/2024\/01\/33798-1.webp",391,244,false],"tileview":["https:\/\/imagazine.it\/wp-content\/uploads\/2024\/01\/33798-1.webp",300,187,false],"1536x1536":["https:\/\/imagazine.it\/wp-content\/uploads\/2024\/01\/33798-1.webp",750,468,false],"2048x2048":["https:\/\/imagazine.it\/wp-content\/uploads\/2024\/01\/33798-1.webp",750,468,false],"newsup-slider-full":["https:\/\/imagazine.it\/wp-content\/uploads\/2024\/01\/33798-1.webp",750,468,false],"newsup-featured":["https:\/\/imagazine.it\/wp-content\/uploads\/2024\/01\/33798-1.webp",750,468,false],"newsup-medium":["https:\/\/imagazine.it\/wp-content\/uploads\/2024\/01\/33798-1-720x380.webp",720,380,true],"tptn_thumbnail":["https:\/\/imagazine.it\/wp-content\/uploads\/2024\/01\/33798-1.webp",250,156,false],"sow-carousel-default":["https:\/\/imagazine.it\/wp-content\/uploads\/2024\/01\/33798-1-272x182.webp",272,182,true]},"rttpg_author":{"display_name":"redazione","author_link":"https:\/\/imagazine.it\/home_desk\/author\/redazione\/"},"rttpg_comment":0,"rttpg_category":"<a href=\"https:\/\/imagazine.it\/home_desk\/category\/attualita\/\" rel=\"category tag\">ATTUALIT\u00c0<\/a>","rttpg_excerpt":"Gi\u00e0 fatti pervenire pi\u00f9 di 300 dispositivi","_links":{"self":[{"href":"https:\/\/imagazine.it\/home_desk\/wp-json\/wp\/v2\/posts\/33258","targetHints":{"allow":["GET"]}}],"collection":[{"href":"https:\/\/imagazine.it\/home_desk\/wp-json\/wp\/v2\/posts"}],"about":[{"href":"https:\/\/imagazine.it\/home_desk\/wp-json\/wp\/v2\/types\/post"}],"author":[{"embeddable":true,"href":"https:\/\/imagazine.it\/home_desk\/wp-json\/wp\/v2\/users\/28"}],"replies":[{"embeddable":true,"href":"https:\/\/imagazine.it\/home_desk\/wp-json\/wp\/v2\/comments?post=33258"}],"version-history":[{"count":0,"href":"https:\/\/imagazine.it\/home_desk\/wp-json\/wp\/v2\/posts\/33258\/revisions"}],"wp:featuredmedia":[{"embeddable":true,"href":"https:\/\/imagazine.it\/home_desk\/wp-json\/wp\/v2\/media\/33259"}],"wp:attachment":[{"href":"https:\/\/imagazine.it\/home_desk\/wp-json\/wp\/v2\/media?parent=33258"}],"wp:term":[{"taxonomy":"category","embeddable":true,"href":"https:\/\/imagazine.it\/home_desk\/wp-json\/wp\/v2\/categories?post=33258"},{"taxonomy":"post_tag","embeddable":true,"href":"https:\/\/imagazine.it\/home_desk\/wp-json\/wp\/v2\/tags?post=33258"}],"curies":[{"name":"wp","href":"https:\/\/api.w.org\/{rel}","templated":true}]}}