{"id":33254,"date":"2020-04-29T00:00:00","date_gmt":"2020-04-28T23:00:00","guid":{"rendered":"https:\/\/imagazine.it\/?p=33254"},"modified":"2020-04-29T00:00:00","modified_gmt":"2020-04-28T23:00:00","slug":"appello-da-pordenone-far-lavorare-gli-artisti-sul-palcoscenico-a-sala-vuota","status":"publish","type":"post","link":"https:\/\/imagazine.it\/home_desk\/appello-da-pordenone-far-lavorare-gli-artisti-sul-palcoscenico-a-sala-vuota\/","title":{"rendered":"Appello da Pordenone: far lavorare gli artisti sul palcoscenico a sala vuota"},"content":{"rendered":"<p>La programmazione del <strong>Teatro Verdi di Pordenone<\/strong> non si \u00e8 mai fermata: dall\u2019inizio del lockdown ad oggi sul suo sito e i canali Social \u00e8 presente una <strong>programmazione<\/strong> <strong>\u201con demand\u201d, ideata e realizzata direttamente dal teatro <\/strong>con i suoi consulenti artistici.<\/p>\n<p>Se il Verdi \u00e8 chiuso fisicamente, quindi, le sue porte sono sempre state spalancate per gli spettatori virtuali che quotidianamente attingono ai contenuti ideati appositamente in queste settimane. Proposte per tutti i gusti e tutte le et\u00e0, dai consigli di ascolto <strong>musicale<\/strong>, alle <strong>letture teatrali<\/strong>, fino alle favole e <strong>l\u2019opera lirica per i pi\u00f9 piccoli<\/strong>, anche con innovativi eventi multimediali interattivi.<\/p>\n<p>Un progetto artistico e di formazione che ha preso il via in queste settimane ma che il Teatro continuer\u00e0 a perfezionare anche in futuro come modalit\u00e0 complementare alle tradizionali rappresentazioni dal vivo.<\/p>\n<p>Il Verdi, per\u00f2, adesso rilancia per spostare, sempre di pi\u00f9, <strong>l\u2019attenzione sugli artisti<\/strong>. \u00abIl mondo dello spettacolo vive grazie alla presenza degli <strong>artisti<\/strong> \u2013 spiega il presidente <strong>Giovanni Lessio<\/strong> \u2013 senza di loro non ci sarebbe spettacolo e non ci sarebbero i teatri. In questo momento ritengo che<strong> la priorit\u00e0 sia quella di rispondere in primis alle loro esigenze <\/strong>per poter garantire \u2013 soprattutto agli artisti pi\u00f9 giovani, che non possono contare sulla notoriet\u00e0 o su una situazione economica gi\u00e0 consolidata \u2013<strong> nuove possibilit\u00e0 di lavoro e sostentamento\u00bb<\/strong>.<\/p>\n<p>Il Verdi di Pordenone <strong>lancia quindi un appello pubblico <\/strong>al mondo delle istituzioni e della cultura, <strong>perch\u00e9 agli artisti sia permesso di lavorare<\/strong> eseguendo le loro prestazioni <strong>direttamente sul palcoscenico del teatro, anche in assenza di pubblico. <\/strong>A partire dal <strong>comparto musicale<\/strong>.<\/p>\n<p>Il teatro pordenonese si farebbe carico non solo di <strong>retribuire le performance<\/strong>, ma anche di registrarle in forma professionale per poi rilanciarla sui suoi canali web, se non addirittura in diretta streaming, ove vi fossero le condizioni.<\/p>\n<p>Al primo posto resterebbe il massimo rispetto delle disposizioni vigenti per la tutela della salute degli artisti e di tutto il personale coinvolto: l\u2019osservanza delle distanze di sicurezza e un numero limitato di persone presenti.<\/p>\n<p>\u00abPur conscio che le attuali direttive nazionali e regionali non prevedono \u201caperture\u201d per le attivit\u00e0 di spettacolo \u2013 spiega ancora Lessio \u2013 <strong>credo che questo appello e queste proposte rappresentino un utile spunto di indirizzo <\/strong>verso quanto \u00e8 <strong>ora indispensabile progettare<\/strong> per le prossime fasi della pandemia. Per noi vorrebbe dire proseguire quanto abbiamo gi\u00e0 progettato in queste settimane per fornire un primo segnale al mondo artistico, per rimarcare tutto il nostro appoggio al comparto, cos\u00ec come ribadire la vitalit\u00e0 della citt\u00e0 di Pordenone che, non dimentichiamolo, si \u00e8 candidata a Capitale Italiana della Cultura\u00bb.<\/p>\n<p>L\u2019auspicio sarebbe anche quello di poter regalare alla citt\u00e0 un evento di grande forza simbolica, tanto per il teatro che per il suo pubblico: festeggiare il prossimo <strong>28 maggio<\/strong> <strong>il 15\u00b0 anniversario dell\u2019inaugurazione del Verdi<\/strong> con un concerto \u201copen air\u201d sulla <strong>scalinata d\u2019ingresso<\/strong> del teatro. Ancora una volta con la registrazione per i canali web e l\u2019eventuale possibilit\u00e0 di essere fruita in sicurezza da un pubblico contingentato e distanziato. \u00c8 una data di particolare valore per il Verdi anche per la coincidenza con il giorno in cui si sarebbe dovuto attribuire il Premio Pordenone Musica, nato proprio per la diffusione della cultura musicale.<\/p>\n<p>\u00abSe attendiamo un anno, un anno e mezzo, prima che l\u2019artista possa tornare a svolgere il proprio mestiere, rischiamo davvero che il mestiere stesso sia messo in serio pericolo\u00bb, spiega il pianista di fama mondiale e consulente artistico del Verdi<strong> Maurizio Baglini.<\/strong><\/p>\n<p>\u00abPer far s\u00ec che domani, quando saremo tutti liberi dall\u2019incubo del virus, ci sia un pubblico ancora pi\u00f9 dinamico, eterogeneo, voglioso di ascoltare musica dal vivo, bisogna preservare la professione della figura dell\u2019artista. L\u2019artista per sopravvivere non pu\u00f2 aspettare un aiuto economico, grande o piccolo che sia, da parte dello Stato. Per esistere, per non spegnersi, deve potersi misurare con la performance dal vivo, che ci sia pubblico in presenza, o meno. Solo attraverso l\u2019appuntamento ufficiale l\u2019artista pu\u00f2 migliorare, sentirsi motivato a continuare a studiare, a progredire. Trovo quindi davvero opportuno che qualche illuminata Istituzione culturale possa <strong>pionieristicamente farsi carico<\/strong>, in questo momento, di <strong>questa missione sociologica fondamentale<\/strong>: permettere all\u2019artista di continuare a suonare e ad essere retribuito per ci\u00f2 che sa fare. Solo cos\u00ec, domani &#8211; il pi\u00f9 presto possibile, speriamo tutti! -, il pubblico sar\u00e0 coccolato da una categoria professionale, quella degli artisti, pronta a restituire alla collettivit\u00e0 tutta l\u2019energia comunicativa che, da sempre, \u00e8 pronto a dare. <strong>Il Verdi di Pordenone \u00e8 una volta di pi\u00f9 un passo avanti nell\u2019ideare formule di educazione culturale innovative<\/strong>\u00bb.<\/p>\n","protected":false},"excerpt":{"rendered":"<p>Iniziativa del Teatro Verdi<\/p>\n","protected":false},"author":28,"featured_media":33255,"comment_status":"closed","ping_status":"closed","sticky":false,"template":"","format":"standard","meta":{"dwc-title":[],"dwc-content":[],"footnotes":""},"categories":[37],"tags":[],"class_list":["post-33254","post","type-post","status-publish","format-standard","has-post-thumbnail","hentry","category-cultura-e-spettacolo"],"rttpg_featured_image_url":{"full":["https:\/\/imagazine.it\/wp-content\/uploads\/2024\/01\/33796-1.webp",750,501,false],"landscape":["https:\/\/imagazine.it\/wp-content\/uploads\/2024\/01\/33796-1.webp",750,501,false],"portraits":["https:\/\/imagazine.it\/wp-content\/uploads\/2024\/01\/33796-1.webp",750,501,false],"thumbnail":["https:\/\/imagazine.it\/wp-content\/uploads\/2024\/01\/33796-1-150x150.webp",150,150,true],"medium":["https:\/\/imagazine.it\/wp-content\/uploads\/2024\/01\/33796-1-300x200.webp",300,200,true],"large":["https:\/\/imagazine.it\/wp-content\/uploads\/2024\/01\/33796-1.webp",640,428,false],"thumblist":["https:\/\/imagazine.it\/wp-content\/uploads\/2024\/01\/33796-1.webp",300,200,false],"thumbrelated":["https:\/\/imagazine.it\/wp-content\/uploads\/2024\/01\/33796-1.webp",500,334,false],"meccarouselthumb":["https:\/\/imagazine.it\/wp-content\/uploads\/2024\/01\/33796-1.webp",474,317,false],"gridsquare":["https:\/\/imagazine.it\/wp-content\/uploads\/2024\/01\/33796-1.webp",389,260,false],"tileview":["https:\/\/imagazine.it\/wp-content\/uploads\/2024\/01\/33796-1.webp",300,200,false],"1536x1536":["https:\/\/imagazine.it\/wp-content\/uploads\/2024\/01\/33796-1.webp",750,501,false],"2048x2048":["https:\/\/imagazine.it\/wp-content\/uploads\/2024\/01\/33796-1.webp",750,501,false],"newsup-slider-full":["https:\/\/imagazine.it\/wp-content\/uploads\/2024\/01\/33796-1.webp",750,501,false],"newsup-featured":["https:\/\/imagazine.it\/wp-content\/uploads\/2024\/01\/33796-1.webp",750,501,false],"newsup-medium":["https:\/\/imagazine.it\/wp-content\/uploads\/2024\/01\/33796-1-720x380.webp",720,380,true],"tptn_thumbnail":["https:\/\/imagazine.it\/wp-content\/uploads\/2024\/01\/33796-1.webp",250,167,false],"sow-carousel-default":["https:\/\/imagazine.it\/wp-content\/uploads\/2024\/01\/33796-1-272x182.webp",272,182,true]},"rttpg_author":{"display_name":"redazione","author_link":"https:\/\/imagazine.it\/home_desk\/author\/redazione\/"},"rttpg_comment":0,"rttpg_category":"<a href=\"https:\/\/imagazine.it\/home_desk\/category\/cultura-e-spettacolo\/\" rel=\"category tag\">CULTURA&amp;SPETTACOLO<\/a>","rttpg_excerpt":"Iniziativa del Teatro Verdi","_links":{"self":[{"href":"https:\/\/imagazine.it\/home_desk\/wp-json\/wp\/v2\/posts\/33254","targetHints":{"allow":["GET"]}}],"collection":[{"href":"https:\/\/imagazine.it\/home_desk\/wp-json\/wp\/v2\/posts"}],"about":[{"href":"https:\/\/imagazine.it\/home_desk\/wp-json\/wp\/v2\/types\/post"}],"author":[{"embeddable":true,"href":"https:\/\/imagazine.it\/home_desk\/wp-json\/wp\/v2\/users\/28"}],"replies":[{"embeddable":true,"href":"https:\/\/imagazine.it\/home_desk\/wp-json\/wp\/v2\/comments?post=33254"}],"version-history":[{"count":0,"href":"https:\/\/imagazine.it\/home_desk\/wp-json\/wp\/v2\/posts\/33254\/revisions"}],"wp:featuredmedia":[{"embeddable":true,"href":"https:\/\/imagazine.it\/home_desk\/wp-json\/wp\/v2\/media\/33255"}],"wp:attachment":[{"href":"https:\/\/imagazine.it\/home_desk\/wp-json\/wp\/v2\/media?parent=33254"}],"wp:term":[{"taxonomy":"category","embeddable":true,"href":"https:\/\/imagazine.it\/home_desk\/wp-json\/wp\/v2\/categories?post=33254"},{"taxonomy":"post_tag","embeddable":true,"href":"https:\/\/imagazine.it\/home_desk\/wp-json\/wp\/v2\/tags?post=33254"}],"curies":[{"name":"wp","href":"https:\/\/api.w.org\/{rel}","templated":true}]}}