{"id":33224,"date":"2020-04-27T00:00:00","date_gmt":"2020-04-26T23:00:00","guid":{"rendered":"https:\/\/imagazine.it\/?p=33224"},"modified":"2020-04-27T00:00:00","modified_gmt":"2020-04-26T23:00:00","slug":"aiello-riapre-i-cimiteri-comunali","status":"publish","type":"post","link":"https:\/\/imagazine.it\/home_desk\/aiello-riapre-i-cimiteri-comunali\/","title":{"rendered":"Aiello riapre i cimiteri comunali"},"content":{"rendered":"<p>Preso atto del DPCM e dell&#39;Ordinanza del Presidente della Regione del 26 aprile 2020 e constatato che nelle FAQ (risposte a domande frequenti) ufficiali del sito della Regione FVG viene affidato alle amministrazioni comunali il compito di stabilire se tenere aperti o meno i cimiteri, il <strong>Comune di Aiello del Friuli <\/strong>comunica che da marted\u00ec 28 aprile i <strong>cimiteri di Aiello e di Joannis<\/strong> saranno aperti, secondo gli orari consueti.<\/p>\n<p>Sar\u00e0 indispensabile osservare le norme prescritte, in caso contrario si sar\u00e0 costretti a procedere a una nuova chiusura. Si potr\u00e0 entrare in cimitero da soli o, se necessario, con un accompagnatore, sar\u00e0 indispensabile mantenere la distanza di almeno un metro tra i presenti e in ogni caso non costituire mai un assembramento, sar\u00e0 necessario indossare mascherine o altro indumento protettivi di naso e bocca. Si potranno verificare dei controlli da parte degli incaricati della Polizia Locale, affinch\u00e9 tali norme siano rigorosamente rispettate.<\/p>\n<p><a href=\"http:\/\/imagazinevideotruck.it\/outlet\/relink_imprinta.html\" target=\"_top\" rel=\"noopener\"><img loading=\"lazy\" decoding=\"async\" align=\"LEFT\" height=\"250\" src=\"http:\/\/imagazinevideotruck.it\/outlet\/imprinta.jpg\" width=\"300\" alt=\"\" title=\"\"><\/a><\/p>\n<p>\u00a0<\/p>\n<p>\u00a0<\/p>\n<p>\u00a0<\/p>\n<p>\u00a0<\/p>\n<p>\u00a0<\/p>\n<p>\u00a0<\/p>\n<p>\u00a0<\/p>\n<p>\u00a0<\/p>\n<p>\u00a0<\/p>\n<p>Entro la fine di questa settimana sar\u00e0 distribuita in tutti i nuclei familiari l&#39;ultima tranche di mascherine lavabili fornite dalla Regione. Nel caso in cui non fossero state recapitate, i cittadini potranno segnalarlo a partire da marted\u00ec 5 maggio, chiamando il numero 339 638 2180. Si provveder\u00e0 subito a richiederle e fornirle agli interessati.<\/p>\n<p>Domani sera la Giunta approver\u00e0 i nuovi criteri per l&#39;assegnazione dei buoni spesa alle persone in difficolt\u00e0 a causa del coronavirus o comunque in situazione di necessit\u00e0. I criteri saranno meno restrittivi dei precedenti, non implicheranno necessariamente la residenza e il superamento delle soglie di sussidi pubblici non costituir\u00e0 pi\u00f9 motivo di esclusione ma soltanto di precedenza. Da mercoled\u00ec 29 i nuovi moduli per la richiesta saranno reperibili sul sito internet del Comune di Aiello del Friuli o nell&#39;apposita cassetta all&#39;esterno del Municipio. In ogni caso \u00e8 indispensabile prendere appuntamento con l&#39;assistente sociale Raffaella Peressin, chiamando il numero telefonico 0431-388729.<\/p>\n","protected":false},"excerpt":{"rendered":"<p>Da marted\u00ec 28 aprile<\/p>\n","protected":false},"author":22,"featured_media":33225,"comment_status":"closed","ping_status":"closed","sticky":false,"template":"","format":"standard","meta":{"dwc-title":[],"dwc-content":[],"footnotes":""},"categories":[5],"tags":[],"class_list":["post-33224","post","type-post","status-publish","format-standard","has-post-thumbnail","hentry","category-attualita"],"rttpg_featured_image_url":{"full":["https:\/\/imagazine.it\/wp-content\/uploads\/2024\/01\/33755-1.webp",750,550,false],"landscape":["https:\/\/imagazine.it\/wp-content\/uploads\/2024\/01\/33755-1.webp",750,550,false],"portraits":["https:\/\/imagazine.it\/wp-content\/uploads\/2024\/01\/33755-1.webp",750,550,false],"thumbnail":["https:\/\/imagazine.it\/wp-content\/uploads\/2024\/01\/33755-1-150x150.webp",150,150,true],"medium":["https:\/\/imagazine.it\/wp-content\/uploads\/2024\/01\/33755-1-300x220.webp",300,220,true],"large":["https:\/\/imagazine.it\/wp-content\/uploads\/2024\/01\/33755-1.webp",640,469,false],"thumblist":["https:\/\/imagazine.it\/wp-content\/uploads\/2024\/01\/33755-1.webp",300,220,false],"thumbrelated":["https:\/\/imagazine.it\/wp-content\/uploads\/2024\/01\/33755-1.webp",500,367,false],"meccarouselthumb":["https:\/\/imagazine.it\/wp-content\/uploads\/2024\/01\/33755-1.webp",442,324,false],"gridsquare":["https:\/\/imagazine.it\/wp-content\/uploads\/2024\/01\/33755-1.webp",355,260,false],"tileview":["https:\/\/imagazine.it\/wp-content\/uploads\/2024\/01\/33755-1.webp",300,220,false],"1536x1536":["https:\/\/imagazine.it\/wp-content\/uploads\/2024\/01\/33755-1.webp",750,550,false],"2048x2048":["https:\/\/imagazine.it\/wp-content\/uploads\/2024\/01\/33755-1.webp",750,550,false],"newsup-slider-full":["https:\/\/imagazine.it\/wp-content\/uploads\/2024\/01\/33755-1.webp",750,550,false],"newsup-featured":["https:\/\/imagazine.it\/wp-content\/uploads\/2024\/01\/33755-1.webp",750,550,false],"newsup-medium":["https:\/\/imagazine.it\/wp-content\/uploads\/2024\/01\/33755-1-720x380.webp",720,380,true],"tptn_thumbnail":["https:\/\/imagazine.it\/wp-content\/uploads\/2024\/01\/33755-1.webp",250,183,false],"sow-carousel-default":["https:\/\/imagazine.it\/wp-content\/uploads\/2024\/01\/33755-1-272x182.webp",272,182,true]},"rttpg_author":{"display_name":"Livio Nonis","author_link":"https:\/\/imagazine.it\/home_desk\/author\/nonis\/"},"rttpg_comment":0,"rttpg_category":"<a href=\"https:\/\/imagazine.it\/home_desk\/category\/attualita\/\" rel=\"category tag\">ATTUALIT\u00c0<\/a>","rttpg_excerpt":"Da marted\u00ec 28 aprile","_links":{"self":[{"href":"https:\/\/imagazine.it\/home_desk\/wp-json\/wp\/v2\/posts\/33224","targetHints":{"allow":["GET"]}}],"collection":[{"href":"https:\/\/imagazine.it\/home_desk\/wp-json\/wp\/v2\/posts"}],"about":[{"href":"https:\/\/imagazine.it\/home_desk\/wp-json\/wp\/v2\/types\/post"}],"author":[{"embeddable":true,"href":"https:\/\/imagazine.it\/home_desk\/wp-json\/wp\/v2\/users\/22"}],"replies":[{"embeddable":true,"href":"https:\/\/imagazine.it\/home_desk\/wp-json\/wp\/v2\/comments?post=33224"}],"version-history":[{"count":0,"href":"https:\/\/imagazine.it\/home_desk\/wp-json\/wp\/v2\/posts\/33224\/revisions"}],"wp:featuredmedia":[{"embeddable":true,"href":"https:\/\/imagazine.it\/home_desk\/wp-json\/wp\/v2\/media\/33225"}],"wp:attachment":[{"href":"https:\/\/imagazine.it\/home_desk\/wp-json\/wp\/v2\/media?parent=33224"}],"wp:term":[{"taxonomy":"category","embeddable":true,"href":"https:\/\/imagazine.it\/home_desk\/wp-json\/wp\/v2\/categories?post=33224"},{"taxonomy":"post_tag","embeddable":true,"href":"https:\/\/imagazine.it\/home_desk\/wp-json\/wp\/v2\/tags?post=33224"}],"curies":[{"name":"wp","href":"https:\/\/api.w.org\/{rel}","templated":true}]}}