{"id":33222,"date":"2020-04-27T00:00:00","date_gmt":"2020-04-26T23:00:00","guid":{"rendered":"https:\/\/imagazine.it\/?p=33222"},"modified":"2020-04-27T00:00:00","modified_gmt":"2020-04-26T23:00:00","slug":"ronchi-gli-alpini-donano-acqua-minerale-alla-casa-di-riposo","status":"publish","type":"post","link":"https:\/\/imagazine.it\/home_desk\/ronchi-gli-alpini-donano-acqua-minerale-alla-casa-di-riposo\/","title":{"rendered":"Ronchi, gli alpini donano acqua minerale alla Casa di riposo"},"content":{"rendered":"<p>Dopo aver ricevuto <u><a href=\"http:\/\/www.imagazine.it\/notizie-trieste-gorizia-udine-friuli\/7931\" target=\"_blank\" rel=\"noopener\">i trentatr\u00e9 bancali con circa 50.000 bottigliette da mezzo litro di acqua minerale naturale Dolomia<\/a><\/u>, la <strong>Sezione Alpini di Gorizia<\/strong> ha deciso di donarle alle RSA e alle case di riposo comunali del territorio della provincia di Gorizia.<\/p>\n<p>Sono state contattate le amministrazioni comunali coinvolte che a loro volta hanno concordato con le strutture ospedaliere interessate data e ora della consegna. In questi giorni grazie all\u2019impegno di numerosi volontari di Protezione Civile Alpina \u00e8 iniziata la consegna: il 23 aprile scorso la prima struttura a riceverle \u00e8 stata la RSA e la Casa di riposo di <strong>Corm\u00f2ns<\/strong>, mentre venerd\u00ec scorso \u00e8 toccato alla RSA di <strong>Monfalcone<\/strong>.<\/p>\n<p>Stamattina, invece, il sindaco di <strong>Ronchi dei Legionari<\/strong>, <strong>Livio Vecchiet<\/strong>, assieme all\u2019assessore <strong>Giampaolo Martinelli<\/strong>, hanno accolto i volontari alpini, coordinati dal presidente provinciale <strong>Paolo Verdoliva<\/strong>, e dal presidente della sezione di Ronchi, <strong>Giorgio Grizonich<\/strong>. Alla Casa di riposo \u201cCorradini\u201d, infatti, sono state scaricate 6.000 bottiglie di acqua minerale, che saranno consegnate anche agli ospiti delle due strutture collegate di <strong>Fogliano Redipuglia<\/strong> e di <strong>San Canzian d\u2019Isonzo<\/strong>.<\/p>\n<p>Mercoled\u00ec 29 toccher\u00e0 alla casa di riposo di <strong>Gradisca d\u2019Isonzo<\/strong> presso la Casa di riposo e luned\u00ec 4 maggio a Casa Serena di <strong>Grado<\/strong>. Nei giorni successivi la consegna verr\u00e0 completata a <strong>Gorizia<\/strong> alle tre strutture che ospitano persone anziane: la RSA presso l\u2019ospedale civile, Villa Verde e la Casa di riposo Angelo Culot di <strong>Lucinico<\/strong>. Oltre a questo impegno a favore delle persone pi\u00f9 deboli, i volontari alpini sono impegnati quotidianamente a Gorizia nella consegna delle mascherine e alla raccolta dei generi alimentari.<\/p>\n<p>Grazie all\u2019iniziativa di raccolta fondi che la Sezione Alpini ha promosso, ed acquistato generi alimentari di prima necessit\u00e0 che in parte sono stati messi a disposizione della protezione civile comunale e in parte sono stati consegnati ad alcuni parroci del territorio da consegnare alle famiglie pi\u00f9 bisognose.<\/p>\n<p><a href=\"http:\/\/imagazinevideotruck.it\/outlet\/relink.html\" target=\"_top\" rel=\"noopener\"><img loading=\"lazy\" decoding=\"async\" align=\"LEFT\" height=\"250\" src=\"http:\/\/imagazinevideotruck.it\/outlet\/outlet30.jpg\" width=\"300\" alt=\"\" title=\"\"><\/a><\/p>\n<p>\u00a0<\/p>\n<p>\u00a0<\/p>\n<p>\u00a0<\/p>\n<p>\u00a0<\/p>\n<p>\u00a0<\/p>\n<p>\u00a0<\/p>\n<p>\u00a0<\/p>\n<p>\u00a0<\/p>\n<p>\u00a0<\/p>\n<p>Per chi volesse effettuare un versamento:<\/p>\n<p><strong>IBAN: IT05S0862212403008000000683<\/strong><\/p>\n<p><strong>BENEFICIARIO: ASSOCIAZIONE NAZIONALE ALPINI \u2013 SEZIONE DI GORIZIA<\/strong><\/p>\n<p><strong>CAUSALE: DONAZIONE ACQUISTO GENERI ALIMENTARI <\/strong><\/p>\n","protected":false},"excerpt":{"rendered":"<p>Consegne in tutta la Provincia di Gorizia<\/p>\n","protected":false},"author":22,"featured_media":33223,"comment_status":"closed","ping_status":"closed","sticky":false,"template":"","format":"standard","meta":{"dwc-title":[],"dwc-content":[],"footnotes":""},"categories":[5],"tags":[],"class_list":["post-33222","post","type-post","status-publish","format-standard","has-post-thumbnail","hentry","category-attualita"],"rttpg_featured_image_url":{"full":["https:\/\/imagazine.it\/wp-content\/uploads\/2024\/01\/33752-1.webp",750,476,false],"landscape":["https:\/\/imagazine.it\/wp-content\/uploads\/2024\/01\/33752-1.webp",750,476,false],"portraits":["https:\/\/imagazine.it\/wp-content\/uploads\/2024\/01\/33752-1.webp",750,476,false],"thumbnail":["https:\/\/imagazine.it\/wp-content\/uploads\/2024\/01\/33752-1-150x150.webp",150,150,true],"medium":["https:\/\/imagazine.it\/wp-content\/uploads\/2024\/01\/33752-1-300x190.webp",300,190,true],"large":["https:\/\/imagazine.it\/wp-content\/uploads\/2024\/01\/33752-1.webp",640,406,false],"thumblist":["https:\/\/imagazine.it\/wp-content\/uploads\/2024\/01\/33752-1.webp",300,190,false],"thumbrelated":["https:\/\/imagazine.it\/wp-content\/uploads\/2024\/01\/33752-1.webp",500,317,false],"meccarouselthumb":["https:\/\/imagazine.it\/wp-content\/uploads\/2024\/01\/33752-1.webp",474,301,false],"gridsquare":["https:\/\/imagazine.it\/wp-content\/uploads\/2024\/01\/33752-1.webp",391,248,false],"tileview":["https:\/\/imagazine.it\/wp-content\/uploads\/2024\/01\/33752-1.webp",300,190,false],"1536x1536":["https:\/\/imagazine.it\/wp-content\/uploads\/2024\/01\/33752-1.webp",750,476,false],"2048x2048":["https:\/\/imagazine.it\/wp-content\/uploads\/2024\/01\/33752-1.webp",750,476,false],"newsup-slider-full":["https:\/\/imagazine.it\/wp-content\/uploads\/2024\/01\/33752-1.webp",750,476,false],"newsup-featured":["https:\/\/imagazine.it\/wp-content\/uploads\/2024\/01\/33752-1.webp",750,476,false],"newsup-medium":["https:\/\/imagazine.it\/wp-content\/uploads\/2024\/01\/33752-1-720x380.webp",720,380,true],"tptn_thumbnail":["https:\/\/imagazine.it\/wp-content\/uploads\/2024\/01\/33752-1.webp",250,159,false],"sow-carousel-default":["https:\/\/imagazine.it\/wp-content\/uploads\/2024\/01\/33752-1-272x182.webp",272,182,true]},"rttpg_author":{"display_name":"Livio Nonis","author_link":"https:\/\/imagazine.it\/home_desk\/author\/nonis\/"},"rttpg_comment":0,"rttpg_category":"<a href=\"https:\/\/imagazine.it\/home_desk\/category\/attualita\/\" rel=\"category tag\">ATTUALIT\u00c0<\/a>","rttpg_excerpt":"Consegne in tutta la Provincia di Gorizia","_links":{"self":[{"href":"https:\/\/imagazine.it\/home_desk\/wp-json\/wp\/v2\/posts\/33222","targetHints":{"allow":["GET"]}}],"collection":[{"href":"https:\/\/imagazine.it\/home_desk\/wp-json\/wp\/v2\/posts"}],"about":[{"href":"https:\/\/imagazine.it\/home_desk\/wp-json\/wp\/v2\/types\/post"}],"author":[{"embeddable":true,"href":"https:\/\/imagazine.it\/home_desk\/wp-json\/wp\/v2\/users\/22"}],"replies":[{"embeddable":true,"href":"https:\/\/imagazine.it\/home_desk\/wp-json\/wp\/v2\/comments?post=33222"}],"version-history":[{"count":0,"href":"https:\/\/imagazine.it\/home_desk\/wp-json\/wp\/v2\/posts\/33222\/revisions"}],"wp:featuredmedia":[{"embeddable":true,"href":"https:\/\/imagazine.it\/home_desk\/wp-json\/wp\/v2\/media\/33223"}],"wp:attachment":[{"href":"https:\/\/imagazine.it\/home_desk\/wp-json\/wp\/v2\/media?parent=33222"}],"wp:term":[{"taxonomy":"category","embeddable":true,"href":"https:\/\/imagazine.it\/home_desk\/wp-json\/wp\/v2\/categories?post=33222"},{"taxonomy":"post_tag","embeddable":true,"href":"https:\/\/imagazine.it\/home_desk\/wp-json\/wp\/v2\/tags?post=33222"}],"curies":[{"name":"wp","href":"https:\/\/api.w.org\/{rel}","templated":true}]}}