{"id":33216,"date":"2020-04-25T00:00:00","date_gmt":"2020-04-24T23:00:00","guid":{"rendered":"https:\/\/imagazine.it\/?p=33216"},"modified":"2020-04-25T00:00:00","modified_gmt":"2020-04-24T23:00:00","slug":"il-25-aprile-di-ronchi-e-staranzano","status":"publish","type":"post","link":"https:\/\/imagazine.it\/home_desk\/il-25-aprile-di-ronchi-e-staranzano\/","title":{"rendered":"Il 25 aprile di Ronchi e Staranzano"},"content":{"rendered":"<p>Due cerimonie con poche persone come da disposizioni normative vigenti ma che hanno voluto ricordare con tutti gli onori del caso il 75simo anniversario della Liberazione dell&#39;Italia dal nazifascismo.<\/p>\n<p>Sia a Ronchi dei Legionari che a Staranzano i due sindaci <strong>Livio Vecchiet\u00a0<\/strong>e <strong>Riccardo Marchesan<\/strong> hanno commemorato le vittime della lotta contro il regime e la soppressione.<\/p>\n<p>\u201cForse \u00e8 giunto il momento di un&#39;altra resistenza che ci deve vedere tutti uniti, solidali per sconfiggere assieme questa pandemia che sta minando le basi della nostra societ\u00e0, oggi siamo tutti responsabili del nostro futuro. Forse \u00e8 il momento di ripensare e riflettere sulle nostre modalit\u00e0 di vivere fino ad oggi, \u00e8 ora di voltare pagina di riacquisire e fare nuovamente nostri i valori veri, che con la liberazione sono stati donati al nostro Paese, e ricordare sempre chi ci tolse la libert\u00e0 e chi ci permise di riaverla\u201d, ha affermato Vecchiet nel suo intervento.\u00a0<\/p>\n<p>\u201cAnche se oggi non possiamo essere fisicamente presenti in Piazza Dante, ricordiamo con rispetto e riconoscenza tutte le persone che hanno dato e danno il loro contributo per una societ\u00e0 migliore.\u00a0Ricordo ancora, accanto al sacrificio di molti giovanissimi partigiani, quello di un giovane dei nostri tempi, di queste nostre terre, pieno di ideali e speranze, orribilmente e barbaramente ucciso in Egitto: Giulio Regeni. Ci stringiamo attorno alla sua famiglia e ribadiamo con forza che vogliamo la verit\u00e0 per Giulio. Il 25 aprile sia quindi anche una giornata di lotta per il rispetto dei diritti universali dell\u2019uomo\u201d, ha sottolineato Marchesan nel proprio discorso, dopo aver deposto una corona d\u2019alloro presso il Tempietto Ossario del Cimitero, una sulla lapide in via Martiri della Libert\u00e0 \u2013 i due luoghi dedicati alla memoria dei partigiani caduti \u2013 e in Piazza Dante Alighieri davanti al Monumento ai Caduti di tutte le guerre e della Liberazione.<\/p>\n<p>\u00a0<\/p>\n","protected":false},"excerpt":{"rendered":"<p>Guarda le foto online<\/p>\n","protected":false},"author":22,"featured_media":33217,"comment_status":"closed","ping_status":"closed","sticky":false,"template":"","format":"standard","meta":{"dwc-title":[],"dwc-content":[],"footnotes":""},"categories":[5],"tags":[],"class_list":["post-33216","post","type-post","status-publish","format-standard","has-post-thumbnail","hentry","category-attualita"],"rttpg_featured_image_url":{"full":["https:\/\/imagazine.it\/wp-content\/uploads\/2024\/01\/33736-1.webp",610,400,false],"landscape":["https:\/\/imagazine.it\/wp-content\/uploads\/2024\/01\/33736-1.webp",610,400,false],"portraits":["https:\/\/imagazine.it\/wp-content\/uploads\/2024\/01\/33736-1.webp",610,400,false],"thumbnail":["https:\/\/imagazine.it\/wp-content\/uploads\/2024\/01\/33736-1-150x150.webp",150,150,true],"medium":["https:\/\/imagazine.it\/wp-content\/uploads\/2024\/01\/33736-1-300x197.webp",300,197,true],"large":["https:\/\/imagazine.it\/wp-content\/uploads\/2024\/01\/33736-1.webp",610,400,false],"thumblist":["https:\/\/imagazine.it\/wp-content\/uploads\/2024\/01\/33736-1.webp",300,197,false],"thumbrelated":["https:\/\/imagazine.it\/wp-content\/uploads\/2024\/01\/33736-1.webp",500,328,false],"meccarouselthumb":["https:\/\/imagazine.it\/wp-content\/uploads\/2024\/01\/33736-1.webp",474,311,false],"gridsquare":["https:\/\/imagazine.it\/wp-content\/uploads\/2024\/01\/33736-1.webp",391,256,false],"tileview":["https:\/\/imagazine.it\/wp-content\/uploads\/2024\/01\/33736-1.webp",300,197,false],"1536x1536":["https:\/\/imagazine.it\/wp-content\/uploads\/2024\/01\/33736-1.webp",610,400,false],"2048x2048":["https:\/\/imagazine.it\/wp-content\/uploads\/2024\/01\/33736-1.webp",610,400,false],"newsup-slider-full":["https:\/\/imagazine.it\/wp-content\/uploads\/2024\/01\/33736-1.webp",610,400,false],"newsup-featured":["https:\/\/imagazine.it\/wp-content\/uploads\/2024\/01\/33736-1.webp",610,400,false],"newsup-medium":["https:\/\/imagazine.it\/wp-content\/uploads\/2024\/01\/33736-1-610x380.webp",610,380,true],"tptn_thumbnail":["https:\/\/imagazine.it\/wp-content\/uploads\/2024\/01\/33736-1.webp",250,164,false],"sow-carousel-default":["https:\/\/imagazine.it\/wp-content\/uploads\/2024\/01\/33736-1-272x182.webp",272,182,true]},"rttpg_author":{"display_name":"Livio Nonis","author_link":"https:\/\/imagazine.it\/home_desk\/author\/nonis\/"},"rttpg_comment":0,"rttpg_category":"<a href=\"https:\/\/imagazine.it\/home_desk\/category\/attualita\/\" rel=\"category tag\">ATTUALIT\u00c0<\/a>","rttpg_excerpt":"Guarda le foto online","_links":{"self":[{"href":"https:\/\/imagazine.it\/home_desk\/wp-json\/wp\/v2\/posts\/33216","targetHints":{"allow":["GET"]}}],"collection":[{"href":"https:\/\/imagazine.it\/home_desk\/wp-json\/wp\/v2\/posts"}],"about":[{"href":"https:\/\/imagazine.it\/home_desk\/wp-json\/wp\/v2\/types\/post"}],"author":[{"embeddable":true,"href":"https:\/\/imagazine.it\/home_desk\/wp-json\/wp\/v2\/users\/22"}],"replies":[{"embeddable":true,"href":"https:\/\/imagazine.it\/home_desk\/wp-json\/wp\/v2\/comments?post=33216"}],"version-history":[{"count":0,"href":"https:\/\/imagazine.it\/home_desk\/wp-json\/wp\/v2\/posts\/33216\/revisions"}],"wp:featuredmedia":[{"embeddable":true,"href":"https:\/\/imagazine.it\/home_desk\/wp-json\/wp\/v2\/media\/33217"}],"wp:attachment":[{"href":"https:\/\/imagazine.it\/home_desk\/wp-json\/wp\/v2\/media?parent=33216"}],"wp:term":[{"taxonomy":"category","embeddable":true,"href":"https:\/\/imagazine.it\/home_desk\/wp-json\/wp\/v2\/categories?post=33216"},{"taxonomy":"post_tag","embeddable":true,"href":"https:\/\/imagazine.it\/home_desk\/wp-json\/wp\/v2\/tags?post=33216"}],"curies":[{"name":"wp","href":"https:\/\/api.w.org\/{rel}","templated":true}]}}