{"id":33210,"date":"2020-04-24T00:00:00","date_gmt":"2020-04-23T23:00:00","guid":{"rendered":"https:\/\/imagazine.it\/?p=33210"},"modified":"2020-04-24T00:00:00","modified_gmt":"2020-04-23T23:00:00","slug":"udine-distillatore-dona-igienizzante-per-mani-alla-protezione-civile","status":"publish","type":"post","link":"https:\/\/imagazine.it\/home_desk\/udine-distillatore-dona-igienizzante-per-mani-alla-protezione-civile\/","title":{"rendered":"Udine, distillatore dona igienizzante per mani alla Protezione Civile"},"content":{"rendered":"<p>Consegnate oggi alla Protezione Civile di Udine, presso la sede di Piazza Unit\u00e0, 500 confezioni di igienizzante per mani, firmato dal distillatore di Povoletto <strong>Bepi Tosolini<\/strong>, alla presenza, fra gli altri, del primo cittadino di Udine,\u00a0<strong>Pietro Fontanini.<\/strong>\u00a0<\/p>\n<p><strong>Lisa e Giuseppe Tosolini<\/strong>, titolari dell&#39;azienda omonima, (insieme al fratello Bruno, che non era oggi presente) hanno consegnato i presidi igienizzanti al coordinatore della Protezione Civile di Udine,\u00a0<strong>Graziano Mestroni<\/strong>.\u00a0<\/p>\n<p>La storica distilleria friulana si \u00e8 prodigata nella produzione dell&#39;igienizzante\u00a0donato alla Protezione Civile per fare fronte, in modo concreto, all&#39;emergenza Covid-19.<\/p>\n<p>La prossima settimana verranno consegnate altre 1.000 confezioni di prodotto.\u00a0<\/p>\n<p>Elle grafiche si \u00e8 occupata in modo gratuito della realizzazione grafica e della stampa delle etichette.<\/p>\n<p>\u201c\u00c8 un piccolo gesto che per\u00f2 ha per noi un grande significato &#8211; hanno affermato Lisa e Giuseppe Tosolini -: noi ci siamo, per la comunit\u00e0, per la Protezione Civile, per tutti coloro che stanno operando per la nostra sicurezza. Ricambiamo ci\u00f2 che la nostra terra ci ha dato, con questo contributo. Auspicando un rapido ritorno alla normalit\u00e0, momento in cui faremo un brindisi con le nostre consuete produzioni&#39;.\u00a0<\/p>\n<p><a href=\"http:\/\/imagazinevideotruck.it\/outlet\/relink.html\" target=\"_top\" rel=\"noopener\"><img loading=\"lazy\" decoding=\"async\" align=\"LEFT\" height=\"250\" src=\"http:\/\/imagazinevideotruck.it\/outlet\/outlet30.jpg\" width=\"300\" alt=\"\" title=\"\"><\/a><\/p>\n<p>\u00a0<\/p>\n<p>\u00a0<\/p>\n<p>\u00a0<\/p>\n<p>\u00a0<\/p>\n<p>\u00a0<\/p>\n<p>\u00a0<\/p>\n<p>\u00a0<\/p>\n<p>\u00a0<\/p>\n<p>\u00a0<\/p>\n<p>\u201cRingrazio Tosolini per questo gesto generoso per tutta la nostra comunit\u00e0\u201d, ha affermato il sindaco Fontanini.\u00a0<\/p>\n","protected":false},"excerpt":{"rendered":"<p>Prima consegna di 500 confezioni<\/p>\n","protected":false},"author":28,"featured_media":33211,"comment_status":"closed","ping_status":"closed","sticky":false,"template":"","format":"standard","meta":{"dwc-title":[],"dwc-content":[],"footnotes":""},"categories":[5],"tags":[],"class_list":["post-33210","post","type-post","status-publish","format-standard","has-post-thumbnail","hentry","category-attualita"],"rttpg_featured_image_url":{"full":["https:\/\/imagazine.it\/wp-content\/uploads\/2024\/01\/33726-1.webp",750,537,false],"landscape":["https:\/\/imagazine.it\/wp-content\/uploads\/2024\/01\/33726-1.webp",750,537,false],"portraits":["https:\/\/imagazine.it\/wp-content\/uploads\/2024\/01\/33726-1.webp",750,537,false],"thumbnail":["https:\/\/imagazine.it\/wp-content\/uploads\/2024\/01\/33726-1-150x150.webp",150,150,true],"medium":["https:\/\/imagazine.it\/wp-content\/uploads\/2024\/01\/33726-1-300x215.webp",300,215,true],"large":["https:\/\/imagazine.it\/wp-content\/uploads\/2024\/01\/33726-1.webp",640,458,false],"thumblist":["https:\/\/imagazine.it\/wp-content\/uploads\/2024\/01\/33726-1.webp",300,215,false],"thumbrelated":["https:\/\/imagazine.it\/wp-content\/uploads\/2024\/01\/33726-1.webp",500,358,false],"meccarouselthumb":["https:\/\/imagazine.it\/wp-content\/uploads\/2024\/01\/33726-1.webp",453,324,false],"gridsquare":["https:\/\/imagazine.it\/wp-content\/uploads\/2024\/01\/33726-1.webp",363,260,false],"tileview":["https:\/\/imagazine.it\/wp-content\/uploads\/2024\/01\/33726-1.webp",300,215,false],"1536x1536":["https:\/\/imagazine.it\/wp-content\/uploads\/2024\/01\/33726-1.webp",750,537,false],"2048x2048":["https:\/\/imagazine.it\/wp-content\/uploads\/2024\/01\/33726-1.webp",750,537,false],"newsup-slider-full":["https:\/\/imagazine.it\/wp-content\/uploads\/2024\/01\/33726-1.webp",750,537,false],"newsup-featured":["https:\/\/imagazine.it\/wp-content\/uploads\/2024\/01\/33726-1.webp",750,537,false],"newsup-medium":["https:\/\/imagazine.it\/wp-content\/uploads\/2024\/01\/33726-1-720x380.webp",720,380,true],"tptn_thumbnail":["https:\/\/imagazine.it\/wp-content\/uploads\/2024\/01\/33726-1.webp",250,179,false],"sow-carousel-default":["https:\/\/imagazine.it\/wp-content\/uploads\/2024\/01\/33726-1-272x182.webp",272,182,true]},"rttpg_author":{"display_name":"redazione","author_link":"https:\/\/imagazine.it\/home_desk\/author\/redazione\/"},"rttpg_comment":0,"rttpg_category":"<a href=\"https:\/\/imagazine.it\/home_desk\/category\/attualita\/\" rel=\"category tag\">ATTUALIT\u00c0<\/a>","rttpg_excerpt":"Prima consegna di 500 confezioni","_links":{"self":[{"href":"https:\/\/imagazine.it\/home_desk\/wp-json\/wp\/v2\/posts\/33210","targetHints":{"allow":["GET"]}}],"collection":[{"href":"https:\/\/imagazine.it\/home_desk\/wp-json\/wp\/v2\/posts"}],"about":[{"href":"https:\/\/imagazine.it\/home_desk\/wp-json\/wp\/v2\/types\/post"}],"author":[{"embeddable":true,"href":"https:\/\/imagazine.it\/home_desk\/wp-json\/wp\/v2\/users\/28"}],"replies":[{"embeddable":true,"href":"https:\/\/imagazine.it\/home_desk\/wp-json\/wp\/v2\/comments?post=33210"}],"version-history":[{"count":0,"href":"https:\/\/imagazine.it\/home_desk\/wp-json\/wp\/v2\/posts\/33210\/revisions"}],"wp:featuredmedia":[{"embeddable":true,"href":"https:\/\/imagazine.it\/home_desk\/wp-json\/wp\/v2\/media\/33211"}],"wp:attachment":[{"href":"https:\/\/imagazine.it\/home_desk\/wp-json\/wp\/v2\/media?parent=33210"}],"wp:term":[{"taxonomy":"category","embeddable":true,"href":"https:\/\/imagazine.it\/home_desk\/wp-json\/wp\/v2\/categories?post=33210"},{"taxonomy":"post_tag","embeddable":true,"href":"https:\/\/imagazine.it\/home_desk\/wp-json\/wp\/v2\/tags?post=33210"}],"curies":[{"name":"wp","href":"https:\/\/api.w.org\/{rel}","templated":true}]}}