{"id":33204,"date":"2020-04-24T00:00:00","date_gmt":"2020-04-23T23:00:00","guid":{"rendered":"https:\/\/imagazine.it\/?p=33204"},"modified":"2020-04-24T00:00:00","modified_gmt":"2020-04-23T23:00:00","slug":"abbattimento-rette-scuole-paritarie-e-asili-nido-nuove-proposte-in-fvg","status":"publish","type":"post","link":"https:\/\/imagazine.it\/home_desk\/abbattimento-rette-scuole-paritarie-e-asili-nido-nuove-proposte-in-fvg\/","title":{"rendered":"Abbattimento rette scuole paritarie e asili nido, nuove proposte in FVG"},"content":{"rendered":"<p>&#8220;Il primo impegno \u00e8 sostenere, anche economicamente, le famiglie alle prese con il passaggio delle lezioni dagli spazi tradizionali alle aule virtuali, confermando tutti gli impegni assunti. Il secondo passaggio \u00e8 garantire i fondi ai soggetti gestori di scuole e servizi educativi per la prima infanzia mentre il terzo punto \u00e8 salvaguardare le strutture, assicurando le risorse necessarie affinch\u00e9, esaurita l&#39;emergenza, possano accogliere i bambini e i ragazzi nelle condizioni migliori&#8221;.<\/p>\n<p>Sono questi i principali obiettivi su cui si \u00e8 soffermata l&#39;assessore regionale all&#39;Istruzione <strong>Alessia Rosolen<\/strong> illustrando quest&#39;oggi in giunta una delle delibere da lei proposte e approvate dall&#39;esecutivo.<\/p>\n<p>&#8220;Stiamo lavorando per ricalibrare le rette delle scuole e abbiamo raggiunto un&#39;intesa di massima che prevede un abbattimento del 60% per le scuole materne e almeno del 70% per gli asili nido. Stiamo lavorando sulle quote per le scuole primarie e secondarie, anche alla luce del fatto che le lezioni vengono svolte con il ricorso alla didattica a distanza&#8221;.<\/p>\n<p><a href=\"http:\/\/imagazinevideotruck.it\/outlet\/relink_imprinta.html\" target=\"_top\" rel=\"noopener\"><img loading=\"lazy\" decoding=\"async\" align=\"LEFT\" height=\"250\" src=\"http:\/\/imagazinevideotruck.it\/outlet\/imprinta.jpg\" width=\"300\" alt=\"\" title=\"\"><\/a><\/p>\n<p>\u00a0<\/p>\n<p>\u00a0<\/p>\n<p>\u00a0<\/p>\n<p>\u00a0<\/p>\n<p>\u00a0<\/p>\n<p>\u00a0<\/p>\n<p>\u00a0<\/p>\n<p>\u00a0<\/p>\n<p>\u00a0<\/p>\n<p>&#8220;Abbiamo garantito &#8211; prosegue l&#39;assessore regionale &#8211; gli impegni per contenere le rette nelle scuole, in misura ancora maggiore di quanto fatto finora. Tuttavia, provvedimenti successivi non potranno prescindere dagli strumenti messi in campo dal Governo centrale, con cui siamo in contatto costante e nei confronti del quale stiamo esercitando pressioni per ottenere risposte esaurienti e certe, sia rispetto ai tempi per un ritorno in aula che per le risorse da destinare all&#39;istruzione e alle scuole per i pi\u00f9 piccoli (il Sistema 0-6). Abbiamo raggiunto un&#39;intesa con Fism (Associazione delle Scuole Autonome dell&#39;Infanzia) e Fidae (Federazione delle Scuole Cattoliche primarie e secondarie) per gestire la fase emergenziale. Rimoduleremo i contributi per l&#39;abbattimento delle rette al fine di dare un segnale di vicinanza alle famiglie, alle prese con una full immersion di politiche di conciliazione tra vita, scuola e famiglia&#8221;.<\/p>\n<p>Il potenziamento delle misure \u00e8 stato calcolato per alleviare le famiglie da spese alle quali, in questo periodo, non corrisponde un&#39;erogazione del servizio, pur tutelando gli istituti che devono onorare pagamenti indifferibili. Inoltre la Regione sta lavorando per garantire il diritto allo studio a tutta la popolazione, prevedendo misure specifiche per le fasce pi\u00f9 esposte e pi\u00f9 bisognose di attenzione.<\/p>\n<p>L&#39;assessore Rosolen precisa inoltre che &#8220;la piena condivisione rispetto alla gestione delle scuole paritarie di Fism e Fidae ci conforta: restiamo a disposizione per affrontare anche questo periodo e consegnare alla scuola non solo rimedi estemporanei ma soluzioni che possano divenire, in prospettiva, prassi consolidate e di qualit\u00e0. Ringraziamo le Associazioni che hanno collaborato alla proposta di un protocollo per il massimo contenimento delle rette a carico delle famiglie, garantendo loro in questo modo di continuare a godere del contributo regionale: \u00e8 chiaro che rimodulare i servizi per bambini piccoli possa risultare particolarmente complicato e, alla luce di questa considerazione, la disponibilit\u00e0 risulta preziosa e molto significativa&#8221;.<\/p>\n<p><a href=\"http:\/\/imagazinevideotruck.it\/outlet\/relink.html\" target=\"_top\" rel=\"noopener\"><img loading=\"lazy\" decoding=\"async\" align=\"LEFT\" height=\"250\" src=\"http:\/\/imagazinevideotruck.it\/outlet\/outlet30.jpg\" width=\"300\" alt=\"\" title=\"\"><\/a><\/p>\n<p>\u00a0<\/p>\n<p>\u00a0<\/p>\n<p>\u00a0<\/p>\n<p>\u00a0<\/p>\n<p>\u00a0<\/p>\n<p>\u00a0<\/p>\n<p>\u00a0<\/p>\n<p>\u00a0<\/p>\n<p>\u00a0<\/p>\n<p>Il Protocollo d&#39;Intesa per il coordinamento di azioni a favore delle famiglie e dei servizi educativi per la prima infanzia a seguito dell&#39;emergenza epidemiologica da Covid-19 verr\u00e0 sottoscritto da Legacoop, Confcooperative, Assoinfanzia FVG, Gruppo nidi e infanzia FVG e FISM regionale, che hanno gi\u00e0 segnalato la piena adesione e volont\u00e0 di collaborare con l&#39;Amministrazione regionale per superare l&#39;attuale situazione di emergenza epidemiologica e poter continuare garantire servizi educativi di qualit\u00e0 alle famiglie del territorio. Il protocollo verr\u00e0 comunque diffuso e proposto per la sottoscrizione a tutti i gestori di servizi educativi per l&#39;infanzia pubblici e privati.<\/p>\n","protected":false},"excerpt":{"rendered":"<p>Al vaglio della giunta regionale<\/p>\n","protected":false},"author":28,"featured_media":33205,"comment_status":"closed","ping_status":"closed","sticky":false,"template":"","format":"standard","meta":{"dwc-title":[],"dwc-content":[],"footnotes":""},"categories":[5],"tags":[],"class_list":["post-33204","post","type-post","status-publish","format-standard","has-post-thumbnail","hentry","category-attualita"],"rttpg_featured_image_url":{"full":["https:\/\/imagazine.it\/wp-content\/uploads\/2024\/01\/33707-1.webp",750,501,false],"landscape":["https:\/\/imagazine.it\/wp-content\/uploads\/2024\/01\/33707-1.webp",750,501,false],"portraits":["https:\/\/imagazine.it\/wp-content\/uploads\/2024\/01\/33707-1.webp",750,501,false],"thumbnail":["https:\/\/imagazine.it\/wp-content\/uploads\/2024\/01\/33707-1-150x150.webp",150,150,true],"medium":["https:\/\/imagazine.it\/wp-content\/uploads\/2024\/01\/33707-1-300x200.webp",300,200,true],"large":["https:\/\/imagazine.it\/wp-content\/uploads\/2024\/01\/33707-1.webp",640,428,false],"thumblist":["https:\/\/imagazine.it\/wp-content\/uploads\/2024\/01\/33707-1.webp",300,200,false],"thumbrelated":["https:\/\/imagazine.it\/wp-content\/uploads\/2024\/01\/33707-1.webp",500,334,false],"meccarouselthumb":["https:\/\/imagazine.it\/wp-content\/uploads\/2024\/01\/33707-1.webp",474,317,false],"gridsquare":["https:\/\/imagazine.it\/wp-content\/uploads\/2024\/01\/33707-1.webp",389,260,false],"tileview":["https:\/\/imagazine.it\/wp-content\/uploads\/2024\/01\/33707-1.webp",300,200,false],"1536x1536":["https:\/\/imagazine.it\/wp-content\/uploads\/2024\/01\/33707-1.webp",750,501,false],"2048x2048":["https:\/\/imagazine.it\/wp-content\/uploads\/2024\/01\/33707-1.webp",750,501,false],"newsup-slider-full":["https:\/\/imagazine.it\/wp-content\/uploads\/2024\/01\/33707-1.webp",750,501,false],"newsup-featured":["https:\/\/imagazine.it\/wp-content\/uploads\/2024\/01\/33707-1.webp",750,501,false],"newsup-medium":["https:\/\/imagazine.it\/wp-content\/uploads\/2024\/01\/33707-1-720x380.webp",720,380,true],"tptn_thumbnail":["https:\/\/imagazine.it\/wp-content\/uploads\/2024\/01\/33707-1.webp",250,167,false],"sow-carousel-default":["https:\/\/imagazine.it\/wp-content\/uploads\/2024\/01\/33707-1-272x182.webp",272,182,true]},"rttpg_author":{"display_name":"redazione","author_link":"https:\/\/imagazine.it\/home_desk\/author\/redazione\/"},"rttpg_comment":0,"rttpg_category":"<a href=\"https:\/\/imagazine.it\/home_desk\/category\/attualita\/\" rel=\"category tag\">ATTUALIT\u00c0<\/a>","rttpg_excerpt":"Al vaglio della giunta regionale","_links":{"self":[{"href":"https:\/\/imagazine.it\/home_desk\/wp-json\/wp\/v2\/posts\/33204","targetHints":{"allow":["GET"]}}],"collection":[{"href":"https:\/\/imagazine.it\/home_desk\/wp-json\/wp\/v2\/posts"}],"about":[{"href":"https:\/\/imagazine.it\/home_desk\/wp-json\/wp\/v2\/types\/post"}],"author":[{"embeddable":true,"href":"https:\/\/imagazine.it\/home_desk\/wp-json\/wp\/v2\/users\/28"}],"replies":[{"embeddable":true,"href":"https:\/\/imagazine.it\/home_desk\/wp-json\/wp\/v2\/comments?post=33204"}],"version-history":[{"count":0,"href":"https:\/\/imagazine.it\/home_desk\/wp-json\/wp\/v2\/posts\/33204\/revisions"}],"wp:featuredmedia":[{"embeddable":true,"href":"https:\/\/imagazine.it\/home_desk\/wp-json\/wp\/v2\/media\/33205"}],"wp:attachment":[{"href":"https:\/\/imagazine.it\/home_desk\/wp-json\/wp\/v2\/media?parent=33204"}],"wp:term":[{"taxonomy":"category","embeddable":true,"href":"https:\/\/imagazine.it\/home_desk\/wp-json\/wp\/v2\/categories?post=33204"},{"taxonomy":"post_tag","embeddable":true,"href":"https:\/\/imagazine.it\/home_desk\/wp-json\/wp\/v2\/tags?post=33204"}],"curies":[{"name":"wp","href":"https:\/\/api.w.org\/{rel}","templated":true}]}}