{"id":33200,"date":"2020-04-24T00:00:00","date_gmt":"2020-04-23T23:00:00","guid":{"rendered":"https:\/\/imagazine.it\/?p=33200"},"modified":"2020-04-24T00:00:00","modified_gmt":"2020-04-23T23:00:00","slug":"tornano-in-fvg-le-favole-al-telefono","status":"publish","type":"post","link":"https:\/\/imagazine.it\/home_desk\/tornano-in-fvg-le-favole-al-telefono\/","title":{"rendered":"Tornano in FVG le Favole al telefono"},"content":{"rendered":"<p><strong>LeggiAMO 0-18<\/strong>,\u00a0programma\u00a0regionale di promozione della lettura, continua a muoversi\u00a0nel tempo del Coronavirus, sondando\u00a0<strong>tutti i possibili modi per arrivare alle famiglie dei pi\u00f9 piccoli<\/strong>, con la volont\u00e0 di accompagnarle in un percorso di crescita condivisa che ha per tramite la lettura.<\/p>\n<p>Con questa missione\u00a0<strong>Nati per Leggere del Friuli Venezia Giulia e i suoi volontari hanno raccolto il testimone da Damatr\u00e0<\/strong>\u00a0(associazione ideatrice del progetto) per proseguire con le\u00a0<strong>Favole al telefono<\/strong>. Nell\u2019anno rodariano per eccellenza questo servizio, che mobilita decine di volontari, <strong>continua ogni fine settimana fino alla fine dell\u2019emergenza Covid-19.<\/strong><\/p>\n<p><strong>\u201cLa voce \u2013 <\/strong>spiegano i responsabili di Nati per Leggere\u00a0<strong>\u2013 \u00e8 uno strumento diretto e spontaneo, condensa l\u2019emozione senza appiattirla ed \u00e8 il primo elemento della narrazione<\/strong>, che lascia molto spazio alla fantasia, liberando gli altri sensi. Spesso i bambini confessano di ascoltare le favole\u00a0<strong>a occhi chiusi<\/strong>\u201d.\u00a0<\/p>\n<p><a href=\"http:\/\/imagazinevideotruck.it\/outlet\/relink_imprinta.html\" target=\"_top\" rel=\"noopener\"><img loading=\"lazy\" decoding=\"async\" align=\"LEFT\" height=\"250\" src=\"http:\/\/imagazinevideotruck.it\/outlet\/imprinta.jpg\" width=\"300\" alt=\"\" title=\"\"><\/a><\/p>\n<p>\u00a0<\/p>\n<p>\u00a0<\/p>\n<p>\u00a0<\/p>\n<p>\u00a0<\/p>\n<p>\u00a0<\/p>\n<p>\u00a0<\/p>\n<p>\u00a0<\/p>\n<p>\u00a0<\/p>\n<p>\u00a0<\/p>\n<p><strong>Il telefono<\/strong>, inoltre, \u00e8 uno strumento che arriva anche a chi non ha il computer o la linea per navigare in rete e per questo\u00a0<strong>\u00e8 pi\u00f9 utile per sorreggere le fasce che devono fronteggiare la povert\u00e0 educativa<\/strong>.<\/p>\n<p>Per ricevere a casa una\u00a0Favola al telefono \u00e8 sufficiente mandare un messaggio ai numeri<strong> 349 3256747 <\/strong>per i territori di<strong> Trieste e Gorizia <\/strong>e\u00a0<strong>338 6874921 <\/strong>per i territori di<strong> Udine e Pordenone (da fuori regione a uno dei due numeri)<\/strong>; \u00e8 possibile indicare nome ed et\u00e0 del\/la bambino\/a per cui si richiede la lettura, il nome del genitore o di un adulto di riferimento, la citt\u00e0 di provenienza della richiesta e la preferenza di data e orario.\u00a0<strong>Ciascuna famiglia ricever\u00e0 il proprio racconto nelle giornate di venerd\u00ec e sabato tra le 10 e le 12 del mattino e tra le 18 e le 20 della sera.<\/strong><\/p>\n<p>Al centro delle attivit\u00e0\u00a0<strong>del progetto anche una proposta sui social network, improntata alla maggior interattivit\u00e0 possibile<\/strong>, per mantenere sempre al centro l<strong>a relazione tra gli operatori e i pi\u00f9 piccoli con le loro famiglie<\/strong>.<\/p>\n<p><a href=\"http:\/\/imagazinevideotruck.it\/outlet\/relink.html\" target=\"_top\" rel=\"noopener\"><img loading=\"lazy\" decoding=\"async\" align=\"LEFT\" height=\"250\" src=\"http:\/\/imagazinevideotruck.it\/outlet\/outlet30.jpg\" width=\"300\" alt=\"\" title=\"\"><\/a><\/p>\n<p>\u00a0<\/p>\n<p>\u00a0<\/p>\n<p>\u00a0<\/p>\n<p>\u00a0<\/p>\n<p>\u00a0<\/p>\n<p>\u00a0<\/p>\n<p>\u00a0<\/p>\n<p>\u00a0<\/p>\n<p>\u00a0<\/p>\n<p>Un grande riscontro ha avuto la condivisione sulla pagina Facebook di Nati per Leggere FVG dei\u00a0<strong>\u201cDieci Buoni Motivi\u201d, una sorta di decalogo che distilla la mission del progetto dedicato alla lettura nella fascia 0-6 anni, con dieci indicazioni di buone pratiche.<\/strong>\u00a0<\/p>\n<p>Per il progetto LeggiAMO 0-18, <strong>proposto dalla Regione Friuli Venezia Giulia<\/strong>, lavorano insieme il\u00a0CCM &#8211; Consorzio Culturale del Monfalconese, Damatr\u00e0 Onlus, l\u2019Ufficio Scolastico Regionale del Friuli Venezia Giulia, AIB Associazione Italiana Biblioteche &#8211; FVG, l\u2019ACP &#8211; Associazione Culturale Pediatri e il CSB Onlus &#8211; Centro per la Salute del Bambino.<\/p>\n","protected":false},"excerpt":{"rendered":"<p>A cura di &#8220;Nati per Leggere&#8221;<\/p>\n","protected":false},"author":28,"featured_media":33201,"comment_status":"closed","ping_status":"closed","sticky":false,"template":"","format":"standard","meta":{"dwc-title":[],"dwc-content":[],"footnotes":""},"categories":[37],"tags":[],"class_list":["post-33200","post","type-post","status-publish","format-standard","has-post-thumbnail","hentry","category-cultura-e-spettacolo"],"rttpg_featured_image_url":{"full":["https:\/\/imagazine.it\/wp-content\/uploads\/2024\/01\/33705-1.webp",750,498,false],"landscape":["https:\/\/imagazine.it\/wp-content\/uploads\/2024\/01\/33705-1.webp",750,498,false],"portraits":["https:\/\/imagazine.it\/wp-content\/uploads\/2024\/01\/33705-1.webp",750,498,false],"thumbnail":["https:\/\/imagazine.it\/wp-content\/uploads\/2024\/01\/33705-1-150x150.webp",150,150,true],"medium":["https:\/\/imagazine.it\/wp-content\/uploads\/2024\/01\/33705-1-300x199.webp",300,199,true],"large":["https:\/\/imagazine.it\/wp-content\/uploads\/2024\/01\/33705-1.webp",640,425,false],"thumblist":["https:\/\/imagazine.it\/wp-content\/uploads\/2024\/01\/33705-1.webp",300,199,false],"thumbrelated":["https:\/\/imagazine.it\/wp-content\/uploads\/2024\/01\/33705-1.webp",500,332,false],"meccarouselthumb":["https:\/\/imagazine.it\/wp-content\/uploads\/2024\/01\/33705-1.webp",474,315,false],"gridsquare":["https:\/\/imagazine.it\/wp-content\/uploads\/2024\/01\/33705-1.webp",391,260,false],"tileview":["https:\/\/imagazine.it\/wp-content\/uploads\/2024\/01\/33705-1.webp",300,199,false],"1536x1536":["https:\/\/imagazine.it\/wp-content\/uploads\/2024\/01\/33705-1.webp",750,498,false],"2048x2048":["https:\/\/imagazine.it\/wp-content\/uploads\/2024\/01\/33705-1.webp",750,498,false],"newsup-slider-full":["https:\/\/imagazine.it\/wp-content\/uploads\/2024\/01\/33705-1.webp",750,498,false],"newsup-featured":["https:\/\/imagazine.it\/wp-content\/uploads\/2024\/01\/33705-1.webp",750,498,false],"newsup-medium":["https:\/\/imagazine.it\/wp-content\/uploads\/2024\/01\/33705-1-720x380.webp",720,380,true],"tptn_thumbnail":["https:\/\/imagazine.it\/wp-content\/uploads\/2024\/01\/33705-1.webp",250,166,false],"sow-carousel-default":["https:\/\/imagazine.it\/wp-content\/uploads\/2024\/01\/33705-1-272x182.webp",272,182,true]},"rttpg_author":{"display_name":"redazione","author_link":"https:\/\/imagazine.it\/home_desk\/author\/redazione\/"},"rttpg_comment":0,"rttpg_category":"<a href=\"https:\/\/imagazine.it\/home_desk\/category\/cultura-e-spettacolo\/\" rel=\"category tag\">CULTURA&amp;SPETTACOLO<\/a>","rttpg_excerpt":"A cura di \"Nati per Leggere\"","_links":{"self":[{"href":"https:\/\/imagazine.it\/home_desk\/wp-json\/wp\/v2\/posts\/33200","targetHints":{"allow":["GET"]}}],"collection":[{"href":"https:\/\/imagazine.it\/home_desk\/wp-json\/wp\/v2\/posts"}],"about":[{"href":"https:\/\/imagazine.it\/home_desk\/wp-json\/wp\/v2\/types\/post"}],"author":[{"embeddable":true,"href":"https:\/\/imagazine.it\/home_desk\/wp-json\/wp\/v2\/users\/28"}],"replies":[{"embeddable":true,"href":"https:\/\/imagazine.it\/home_desk\/wp-json\/wp\/v2\/comments?post=33200"}],"version-history":[{"count":0,"href":"https:\/\/imagazine.it\/home_desk\/wp-json\/wp\/v2\/posts\/33200\/revisions"}],"wp:featuredmedia":[{"embeddable":true,"href":"https:\/\/imagazine.it\/home_desk\/wp-json\/wp\/v2\/media\/33201"}],"wp:attachment":[{"href":"https:\/\/imagazine.it\/home_desk\/wp-json\/wp\/v2\/media?parent=33200"}],"wp:term":[{"taxonomy":"category","embeddable":true,"href":"https:\/\/imagazine.it\/home_desk\/wp-json\/wp\/v2\/categories?post=33200"},{"taxonomy":"post_tag","embeddable":true,"href":"https:\/\/imagazine.it\/home_desk\/wp-json\/wp\/v2\/tags?post=33200"}],"curies":[{"name":"wp","href":"https:\/\/api.w.org\/{rel}","templated":true}]}}