{"id":33192,"date":"2020-04-23T00:00:00","date_gmt":"2020-04-22T23:00:00","guid":{"rendered":"https:\/\/imagazine.it\/?p=33192"},"modified":"2020-04-23T00:00:00","modified_gmt":"2020-04-22T23:00:00","slug":"staranzano-nuovo-positivo-al-covid-19","status":"publish","type":"post","link":"https:\/\/imagazine.it\/home_desk\/staranzano-nuovo-positivo-al-covid-19\/","title":{"rendered":"Staranzano, nuovo positivo al Covid-19"},"content":{"rendered":"<p>Nel territorio di Staranzano c&#39;\u00e8 un ulteriore caso positivo rispetto ai tre noti da tempo, ora guariti.<\/p>\n<p>\u201cQuesto nuovo caso \u2013 afferma il sindaco <strong>Riccardo Marchesan<\/strong> \u2013deve far capire a tutti che non si pu\u00f2 allentare minimamente la guardia e che tutti dobbiamo continuare a rispettare le misure che ci sono state imposte\u201d.<\/p>\n<p><a href=\"http:\/\/imagazinevideotruck.it\/outlet\/relink.html\" target=\"_top\" rel=\"noopener\"><img loading=\"lazy\" decoding=\"async\" align=\"LEFT\" height=\"250\" src=\"http:\/\/imagazinevideotruck.it\/outlet\/outlet30.jpg\" width=\"300\" alt=\"\" title=\"\"><\/a><\/p>\n<p>\u00a0<\/p>\n<p>\u00a0<\/p>\n<p>\u00a0<\/p>\n<p>\u00a0<\/p>\n<p>\u00a0<\/p>\n<p>\u00a0<\/p>\n<p>\u00a0<\/p>\n<p>\u00a0<\/p>\n<p>\u00a0<\/p>\n<p>Ieri intanto \u00e8 stata completata la consegna delle mascherine a tutte le famiglie staranzanesi. Oggi sono arrivate altre mascherine di stoffa, utilizzabili pi\u00f9 volte, in quantit\u00e0 sufficiente solo per coprire 700 famiglie: \u00e8 stato deciso di consegnarle alle famiglie con 2 o 3 componenti senza over 60, che nei giorni passati hanno gi\u00e0 ricevuto le mascherine.<\/p>\n<p>Dopo le prime 61 consegne dei buoni spesa della cosiddetta emergenza alimentare, nei prossimi giorni i volontari della Protezione Civile riprenderanno a consegnare una cinquantina di buoni spesa ad altre famiglie che ne avevano fatto domanda: si ricorda che questi buoni sono rivolti prioritariamente alle famiglie che hanno patito conseguenze economiche dall&#39;emergenza del Coronavirus.<\/p>\n","protected":false},"excerpt":{"rendered":"<p>L&#8217;appello del sindaco a rispettare le restrizioni<\/p>\n","protected":false},"author":22,"featured_media":33193,"comment_status":"closed","ping_status":"closed","sticky":false,"template":"","format":"standard","meta":{"dwc-title":[],"dwc-content":[],"footnotes":""},"categories":[5],"tags":[],"class_list":["post-33192","post","type-post","status-publish","format-standard","has-post-thumbnail","hentry","category-attualita"],"rttpg_featured_image_url":{"full":["https:\/\/imagazine.it\/wp-content\/uploads\/2024\/01\/33698-1.webp",750,471,false],"landscape":["https:\/\/imagazine.it\/wp-content\/uploads\/2024\/01\/33698-1.webp",750,471,false],"portraits":["https:\/\/imagazine.it\/wp-content\/uploads\/2024\/01\/33698-1.webp",750,471,false],"thumbnail":["https:\/\/imagazine.it\/wp-content\/uploads\/2024\/01\/33698-1-150x150.webp",150,150,true],"medium":["https:\/\/imagazine.it\/wp-content\/uploads\/2024\/01\/33698-1-300x188.webp",300,188,true],"large":["https:\/\/imagazine.it\/wp-content\/uploads\/2024\/01\/33698-1.webp",640,402,false],"thumblist":["https:\/\/imagazine.it\/wp-content\/uploads\/2024\/01\/33698-1.webp",300,188,false],"thumbrelated":["https:\/\/imagazine.it\/wp-content\/uploads\/2024\/01\/33698-1.webp",500,314,false],"meccarouselthumb":["https:\/\/imagazine.it\/wp-content\/uploads\/2024\/01\/33698-1.webp",474,298,false],"gridsquare":["https:\/\/imagazine.it\/wp-content\/uploads\/2024\/01\/33698-1.webp",391,246,false],"tileview":["https:\/\/imagazine.it\/wp-content\/uploads\/2024\/01\/33698-1.webp",300,188,false],"1536x1536":["https:\/\/imagazine.it\/wp-content\/uploads\/2024\/01\/33698-1.webp",750,471,false],"2048x2048":["https:\/\/imagazine.it\/wp-content\/uploads\/2024\/01\/33698-1.webp",750,471,false],"newsup-slider-full":["https:\/\/imagazine.it\/wp-content\/uploads\/2024\/01\/33698-1.webp",750,471,false],"newsup-featured":["https:\/\/imagazine.it\/wp-content\/uploads\/2024\/01\/33698-1.webp",750,471,false],"newsup-medium":["https:\/\/imagazine.it\/wp-content\/uploads\/2024\/01\/33698-1-720x380.webp",720,380,true],"tptn_thumbnail":["https:\/\/imagazine.it\/wp-content\/uploads\/2024\/01\/33698-1.webp",250,157,false],"sow-carousel-default":["https:\/\/imagazine.it\/wp-content\/uploads\/2024\/01\/33698-1-272x182.webp",272,182,true]},"rttpg_author":{"display_name":"Livio Nonis","author_link":"https:\/\/imagazine.it\/home_desk\/author\/nonis\/"},"rttpg_comment":0,"rttpg_category":"<a href=\"https:\/\/imagazine.it\/home_desk\/category\/attualita\/\" rel=\"category tag\">ATTUALIT\u00c0<\/a>","rttpg_excerpt":"L'appello del sindaco a rispettare le restrizioni","_links":{"self":[{"href":"https:\/\/imagazine.it\/home_desk\/wp-json\/wp\/v2\/posts\/33192","targetHints":{"allow":["GET"]}}],"collection":[{"href":"https:\/\/imagazine.it\/home_desk\/wp-json\/wp\/v2\/posts"}],"about":[{"href":"https:\/\/imagazine.it\/home_desk\/wp-json\/wp\/v2\/types\/post"}],"author":[{"embeddable":true,"href":"https:\/\/imagazine.it\/home_desk\/wp-json\/wp\/v2\/users\/22"}],"replies":[{"embeddable":true,"href":"https:\/\/imagazine.it\/home_desk\/wp-json\/wp\/v2\/comments?post=33192"}],"version-history":[{"count":0,"href":"https:\/\/imagazine.it\/home_desk\/wp-json\/wp\/v2\/posts\/33192\/revisions"}],"wp:featuredmedia":[{"embeddable":true,"href":"https:\/\/imagazine.it\/home_desk\/wp-json\/wp\/v2\/media\/33193"}],"wp:attachment":[{"href":"https:\/\/imagazine.it\/home_desk\/wp-json\/wp\/v2\/media?parent=33192"}],"wp:term":[{"taxonomy":"category","embeddable":true,"href":"https:\/\/imagazine.it\/home_desk\/wp-json\/wp\/v2\/categories?post=33192"},{"taxonomy":"post_tag","embeddable":true,"href":"https:\/\/imagazine.it\/home_desk\/wp-json\/wp\/v2\/tags?post=33192"}],"curies":[{"name":"wp","href":"https:\/\/api.w.org\/{rel}","templated":true}]}}