{"id":33190,"date":"2020-04-23T00:00:00","date_gmt":"2020-04-22T23:00:00","guid":{"rendered":"https:\/\/imagazine.it\/?p=33190"},"modified":"2020-04-23T00:00:00","modified_gmt":"2020-04-22T23:00:00","slug":"giovani-per-lunesco-trino-rappresentante-regionale","status":"publish","type":"post","link":"https:\/\/imagazine.it\/home_desk\/giovani-per-lunesco-trino-rappresentante-regionale\/","title":{"rendered":"Giovani per l&#8217;UNESCO, Trino rappresentante regionale"},"content":{"rendered":"<p><strong>Thomas Trino<\/strong> \u00e8 stato nominato <strong>Rappresentante Regionale del Friuli Venezia Giulia dell\u2019Associazione italiana Giovani per l\u2019UNESCO<\/strong>, di cui \u00e8 membro dal 2015.<\/p>\n<p>Subentra a <strong>Marina Coricciati<\/strong>, ora neoeletta nel <strong>Coordinamento Nazionale<\/strong> dell\u2019Associazione.<\/p>\n<p>\u201cIl ruolo di Rappresentante regionale \u00e8 una grande responsabilit\u00e0. <strong>Noi giovani dobbiamo essere davvero i protagonisti di un cambiamento culturale, sociale e civico.<\/strong> Il nostro obiettivo \u00e8 quello di promuovere la democrazia partecipativa dei giovani e lo sviluppo dell\u2019animazione socioeducativa\u201d, afferma Trino.<\/p>\n<p>L\u2019<strong>Associazione Italiana Giovani per l\u2019UNESCO<\/strong> si prefigge di supportare le attivit\u00e0 della Commissione Nazionale Italiana per l\u2019UNESCO nel campo dell\u2019educazione, della scienza, della cultura e della comunicazione, promuovendone progetti, valori e priorit\u00e0 nelle comunit\u00e0 locali, attraverso la ricerca della partecipazione attiva di giovani e della societ\u00e0 civile in iniziative ed eventi di rilevanza nazionale.<\/p>\n<p><a href=\"http:\/\/imagazinevideotruck.it\/outlet\/relink_imprinta.html\" target=\"_top\" rel=\"noopener\"><img loading=\"lazy\" decoding=\"async\" align=\"LEFT\" height=\"250\" src=\"http:\/\/imagazinevideotruck.it\/outlet\/imprinta.jpg\" width=\"300\" alt=\"\" title=\"\"><\/a><\/p>\n<p>\u00a0<\/p>\n<p>\u00a0<\/p>\n<p>\u00a0<\/p>\n<p>\u00a0<\/p>\n<p>\u00a0<\/p>\n<p>\u00a0<\/p>\n<p>\u00a0<\/p>\n<p>\u00a0<\/p>\n<p>\u00a0<\/p>\n<p><strong>Thomas Trino, classe 1991, \u00e8 docente di lingua inglese nella Bassa Friulana<\/strong>. Laureato in Scienze del Linguaggio alla Ca\u2019 Foscari di Venezia, \u00e8 esperto in comunicazione interculturale nel mondo degli scambi economici, turistici ed accademici. Dal giugno del 2016 \u00e8 <strong>assessore alle attivit\u00e0 produttive e alle politiche giovani del Comune di Palmanova<\/strong> e nel luglio 2017 \u00e8 l\u2019unico giovane friulano a essere ammesso al Corso di formazione specialistica in Amministrazione Municipale organizzato dalla Scuola ANCI per giovani amministratori.<\/p>\n<p><strong>Marina Coricciati<\/strong>, triestina, laurea magistrale in Cooperazione allo sviluppo. <strong>Lavora come project officer nell\u2019ambiente scientifico triestino.<\/strong> Esperta in materia di comunicazione, social media, divulgazione culturale, \u00e8 inoltre giornalista scientifica e musicale. <strong>Crede fermamente nel progresso sociale attraverso la cultura.<\/strong><\/p>\n","protected":false},"excerpt":{"rendered":"<p>Succede a Marina Coricciati<\/p>\n","protected":false},"author":28,"featured_media":33191,"comment_status":"closed","ping_status":"closed","sticky":false,"template":"","format":"standard","meta":{"dwc-title":[],"dwc-content":[],"footnotes":""},"categories":[37],"tags":[],"class_list":["post-33190","post","type-post","status-publish","format-standard","has-post-thumbnail","hentry","category-cultura-e-spettacolo"],"rttpg_featured_image_url":{"full":["https:\/\/imagazine.it\/wp-content\/uploads\/2024\/01\/33697-1.webp",750,458,false],"landscape":["https:\/\/imagazine.it\/wp-content\/uploads\/2024\/01\/33697-1.webp",750,458,false],"portraits":["https:\/\/imagazine.it\/wp-content\/uploads\/2024\/01\/33697-1.webp",750,458,false],"thumbnail":["https:\/\/imagazine.it\/wp-content\/uploads\/2024\/01\/33697-1-150x150.webp",150,150,true],"medium":["https:\/\/imagazine.it\/wp-content\/uploads\/2024\/01\/33697-1-300x183.webp",300,183,true],"large":["https:\/\/imagazine.it\/wp-content\/uploads\/2024\/01\/33697-1.webp",640,391,false],"thumblist":["https:\/\/imagazine.it\/wp-content\/uploads\/2024\/01\/33697-1.webp",300,183,false],"thumbrelated":["https:\/\/imagazine.it\/wp-content\/uploads\/2024\/01\/33697-1.webp",500,305,false],"meccarouselthumb":["https:\/\/imagazine.it\/wp-content\/uploads\/2024\/01\/33697-1.webp",474,289,false],"gridsquare":["https:\/\/imagazine.it\/wp-content\/uploads\/2024\/01\/33697-1.webp",391,239,false],"tileview":["https:\/\/imagazine.it\/wp-content\/uploads\/2024\/01\/33697-1.webp",300,183,false],"1536x1536":["https:\/\/imagazine.it\/wp-content\/uploads\/2024\/01\/33697-1.webp",750,458,false],"2048x2048":["https:\/\/imagazine.it\/wp-content\/uploads\/2024\/01\/33697-1.webp",750,458,false],"newsup-slider-full":["https:\/\/imagazine.it\/wp-content\/uploads\/2024\/01\/33697-1.webp",750,458,false],"newsup-featured":["https:\/\/imagazine.it\/wp-content\/uploads\/2024\/01\/33697-1.webp",750,458,false],"newsup-medium":["https:\/\/imagazine.it\/wp-content\/uploads\/2024\/01\/33697-1-720x380.webp",720,380,true],"tptn_thumbnail":["https:\/\/imagazine.it\/wp-content\/uploads\/2024\/01\/33697-1.webp",250,153,false],"sow-carousel-default":["https:\/\/imagazine.it\/wp-content\/uploads\/2024\/01\/33697-1-272x182.webp",272,182,true]},"rttpg_author":{"display_name":"redazione","author_link":"https:\/\/imagazine.it\/home_desk\/author\/redazione\/"},"rttpg_comment":0,"rttpg_category":"<a href=\"https:\/\/imagazine.it\/home_desk\/category\/cultura-e-spettacolo\/\" rel=\"category tag\">CULTURA&amp;SPETTACOLO<\/a>","rttpg_excerpt":"Succede a Marina Coricciati","_links":{"self":[{"href":"https:\/\/imagazine.it\/home_desk\/wp-json\/wp\/v2\/posts\/33190","targetHints":{"allow":["GET"]}}],"collection":[{"href":"https:\/\/imagazine.it\/home_desk\/wp-json\/wp\/v2\/posts"}],"about":[{"href":"https:\/\/imagazine.it\/home_desk\/wp-json\/wp\/v2\/types\/post"}],"author":[{"embeddable":true,"href":"https:\/\/imagazine.it\/home_desk\/wp-json\/wp\/v2\/users\/28"}],"replies":[{"embeddable":true,"href":"https:\/\/imagazine.it\/home_desk\/wp-json\/wp\/v2\/comments?post=33190"}],"version-history":[{"count":0,"href":"https:\/\/imagazine.it\/home_desk\/wp-json\/wp\/v2\/posts\/33190\/revisions"}],"wp:featuredmedia":[{"embeddable":true,"href":"https:\/\/imagazine.it\/home_desk\/wp-json\/wp\/v2\/media\/33191"}],"wp:attachment":[{"href":"https:\/\/imagazine.it\/home_desk\/wp-json\/wp\/v2\/media?parent=33190"}],"wp:term":[{"taxonomy":"category","embeddable":true,"href":"https:\/\/imagazine.it\/home_desk\/wp-json\/wp\/v2\/categories?post=33190"},{"taxonomy":"post_tag","embeddable":true,"href":"https:\/\/imagazine.it\/home_desk\/wp-json\/wp\/v2\/tags?post=33190"}],"curies":[{"name":"wp","href":"https:\/\/api.w.org\/{rel}","templated":true}]}}