{"id":33186,"date":"2020-04-23T00:00:00","date_gmt":"2020-04-22T23:00:00","guid":{"rendered":"https:\/\/imagazine.it\/?p=33186"},"modified":"2020-04-23T00:00:00","modified_gmt":"2020-04-22T23:00:00","slug":"fvg-11-milioni-ai-comuni-per-fronteggiare-lemergenza","status":"publish","type":"post","link":"https:\/\/imagazine.it\/home_desk\/fvg-11-milioni-ai-comuni-per-fronteggiare-lemergenza\/","title":{"rendered":"FVG, 11 milioni ai Comuni per fronteggiare l&#8217;emergenza"},"content":{"rendered":"<p>&#8220;Undici milioni di euro per sostenere i Comuni del Friuli Venezia Giulia, enti in prima linea nell&#39;attuale fase di emergenza epidemiologica, che necessitano di liquidit\u00e0 per fronteggiare la progressiva diminuzione di entrate nei loro bilanci, dovuta alla grave e imprevista crisi economica legata al Covid-19&#8221;.<\/p>\n<p>\u00c8 quanto ha annunciato l&#39;assessore regionale alle Autonomie locali, <strong>Pierpaolo Roberti<\/strong>, anticipando alcuni contenuti del disegno di legge che presenter\u00e0 domani in Giunta regionale e che contiene una serie di disposizioni urgenti, in materia di autonomie locali e funzione pubblica, legate all&#39;attuale situazione emergenziale.<\/p>\n<p><a href=\"http:\/\/imagazinevideotruck.it\/outlet\/relink_imprinta.html\" target=\"_top\" rel=\"noopener\"><img loading=\"lazy\" decoding=\"async\" align=\"LEFT\" height=\"250\" src=\"http:\/\/imagazinevideotruck.it\/outlet\/imprinta.jpg\" width=\"300\" alt=\"\" title=\"\"><\/a><\/p>\n<p>\u00a0<\/p>\n<p>\u00a0<\/p>\n<p>\u00a0<\/p>\n<p>\u00a0<\/p>\n<p>\u00a0<\/p>\n<p>\u00a0<\/p>\n<p>\u00a0<\/p>\n<p>\u00a0<\/p>\n<p>\u00a0<\/p>\n<p>&#8220;Si tratta di risorse gi\u00e0 assegnate alle Amministrazioni locali e vincolate a investimenti non ancora realizzati &#8211; ha spiegato l&#39;assessore &#8211; che, in un&#39;ottica di maggiore efficienza dell&#39;azione pubblica, intendiamo liberare dall&#39;originaria destinazione affinch\u00e9 i sindaci ne possano disporre tempestivamente per affrontare necessit\u00e0 ed esigenze urgenti, a vantaggio della comunit\u00e0. Sar\u00e0 possibile anche l&#39;utilizzo di risorse in parte corrente, per mitigare gli effetti di una situazione che colpisce gli enti pubblici, incide sui loro bilanci e paventa il rischio di una crisi di liquidit\u00e0&#8221;.<\/p>\n<p>&#8220;Il provvedimento &#8211; ha precisato l&#39;assessore &#8211; non pregiudica la futura realizzazione degli interventi originariamente programmati e per i quali erano state stanziate le risorse. Una volta superata l&#39;attuale emergenza, i Comuni ancora interessati potranno proseguire nell&#39;iter di attuazione&#8221;.<\/p>\n<p><a href=\"http:\/\/imagazinevideotruck.it\/outlet\/relink.html\" target=\"_top\" rel=\"noopener\"><img loading=\"lazy\" decoding=\"async\" align=\"LEFT\" height=\"250\" src=\"http:\/\/imagazinevideotruck.it\/outlet\/outlet30.jpg\" width=\"300\" alt=\"\" title=\"\"><\/a><\/p>\n<p>\u00a0<\/p>\n<p>\u00a0<\/p>\n<p>\u00a0<\/p>\n<p>\u00a0<\/p>\n<p>\u00a0<\/p>\n<p>\u00a0<\/p>\n<p>\u00a0<\/p>\n<p>\u00a0<\/p>\n<p>\u00a0<\/p>\n<p>&#8220;Con l&#39;obiettivo di alleggerire i carichi amministrativi &#8211; ha concluso Roberti &#8211; il disegno di legge prevede una serie di proroghe rispetto ad alcune scadenze che gli enti locali non riuscirebbero a rispettare, tanto nel processo per il superamento delle Unioni territoriali intercomunali, quanto nel procedimento per la nomina dei componenti degli organi di revisione dei Comuni e delle Unioni territoriali intercomunali. Vengono inoltre snelliti i procedimenti per la trasformazione e il superamento delle Unioni territoriali intercomunali&#8221;.<\/p>\n","protected":false},"excerpt":{"rendered":"<p>L&#8217;annuncio dell&#8217;assessore Roberti<\/p>\n","protected":false},"author":28,"featured_media":33187,"comment_status":"closed","ping_status":"closed","sticky":false,"template":"","format":"standard","meta":{"dwc-title":[],"dwc-content":[],"footnotes":""},"categories":[5],"tags":[],"class_list":["post-33186","post","type-post","status-publish","format-standard","has-post-thumbnail","hentry","category-attualita"],"rttpg_featured_image_url":{"full":["https:\/\/imagazine.it\/wp-content\/uploads\/2024\/01\/33695-1.webp",750,481,false],"landscape":["https:\/\/imagazine.it\/wp-content\/uploads\/2024\/01\/33695-1.webp",750,481,false],"portraits":["https:\/\/imagazine.it\/wp-content\/uploads\/2024\/01\/33695-1.webp",750,481,false],"thumbnail":["https:\/\/imagazine.it\/wp-content\/uploads\/2024\/01\/33695-1-150x150.webp",150,150,true],"medium":["https:\/\/imagazine.it\/wp-content\/uploads\/2024\/01\/33695-1-300x192.webp",300,192,true],"large":["https:\/\/imagazine.it\/wp-content\/uploads\/2024\/01\/33695-1.webp",640,410,false],"thumblist":["https:\/\/imagazine.it\/wp-content\/uploads\/2024\/01\/33695-1.webp",300,192,false],"thumbrelated":["https:\/\/imagazine.it\/wp-content\/uploads\/2024\/01\/33695-1.webp",500,321,false],"meccarouselthumb":["https:\/\/imagazine.it\/wp-content\/uploads\/2024\/01\/33695-1.webp",474,304,false],"gridsquare":["https:\/\/imagazine.it\/wp-content\/uploads\/2024\/01\/33695-1.webp",391,251,false],"tileview":["https:\/\/imagazine.it\/wp-content\/uploads\/2024\/01\/33695-1.webp",300,192,false],"1536x1536":["https:\/\/imagazine.it\/wp-content\/uploads\/2024\/01\/33695-1.webp",750,481,false],"2048x2048":["https:\/\/imagazine.it\/wp-content\/uploads\/2024\/01\/33695-1.webp",750,481,false],"newsup-slider-full":["https:\/\/imagazine.it\/wp-content\/uploads\/2024\/01\/33695-1.webp",750,481,false],"newsup-featured":["https:\/\/imagazine.it\/wp-content\/uploads\/2024\/01\/33695-1.webp",750,481,false],"newsup-medium":["https:\/\/imagazine.it\/wp-content\/uploads\/2024\/01\/33695-1-720x380.webp",720,380,true],"tptn_thumbnail":["https:\/\/imagazine.it\/wp-content\/uploads\/2024\/01\/33695-1.webp",250,160,false],"sow-carousel-default":["https:\/\/imagazine.it\/wp-content\/uploads\/2024\/01\/33695-1-272x182.webp",272,182,true]},"rttpg_author":{"display_name":"redazione","author_link":"https:\/\/imagazine.it\/home_desk\/author\/redazione\/"},"rttpg_comment":0,"rttpg_category":"<a href=\"https:\/\/imagazine.it\/home_desk\/category\/attualita\/\" rel=\"category tag\">ATTUALIT\u00c0<\/a>","rttpg_excerpt":"L'annuncio dell'assessore Roberti","_links":{"self":[{"href":"https:\/\/imagazine.it\/home_desk\/wp-json\/wp\/v2\/posts\/33186","targetHints":{"allow":["GET"]}}],"collection":[{"href":"https:\/\/imagazine.it\/home_desk\/wp-json\/wp\/v2\/posts"}],"about":[{"href":"https:\/\/imagazine.it\/home_desk\/wp-json\/wp\/v2\/types\/post"}],"author":[{"embeddable":true,"href":"https:\/\/imagazine.it\/home_desk\/wp-json\/wp\/v2\/users\/28"}],"replies":[{"embeddable":true,"href":"https:\/\/imagazine.it\/home_desk\/wp-json\/wp\/v2\/comments?post=33186"}],"version-history":[{"count":0,"href":"https:\/\/imagazine.it\/home_desk\/wp-json\/wp\/v2\/posts\/33186\/revisions"}],"wp:featuredmedia":[{"embeddable":true,"href":"https:\/\/imagazine.it\/home_desk\/wp-json\/wp\/v2\/media\/33187"}],"wp:attachment":[{"href":"https:\/\/imagazine.it\/home_desk\/wp-json\/wp\/v2\/media?parent=33186"}],"wp:term":[{"taxonomy":"category","embeddable":true,"href":"https:\/\/imagazine.it\/home_desk\/wp-json\/wp\/v2\/categories?post=33186"},{"taxonomy":"post_tag","embeddable":true,"href":"https:\/\/imagazine.it\/home_desk\/wp-json\/wp\/v2\/tags?post=33186"}],"curies":[{"name":"wp","href":"https:\/\/api.w.org\/{rel}","templated":true}]}}