{"id":33184,"date":"2020-04-23T00:00:00","date_gmt":"2020-04-22T23:00:00","guid":{"rendered":"https:\/\/imagazine.it\/?p=33184"},"modified":"2020-04-23T00:00:00","modified_gmt":"2020-04-22T23:00:00","slug":"coronavirus-in-fvg-566-richieste-di-supporto-psicologico","status":"publish","type":"post","link":"https:\/\/imagazine.it\/home_desk\/coronavirus-in-fvg-566-richieste-di-supporto-psicologico\/","title":{"rendered":"Coronavirus, in FVG 566 richieste di supporto psicologico"},"content":{"rendered":"<p>Dal 16 marzo al 19 aprile, attraverso il Numero unico per le emergenze e il numero verde <strong>800 500 300<\/strong> \u00e8 stato fornito supporto psicologico professionale a 566 persone in Friuli Venezia Giulia.<\/p>\n<p>\u201cUn&#39;azione importante, che \u00e8 stata messa rapidamente in campo per l&#39;emergenza Covid-19, in un momento delicato a causa delle restrizioni imposte dalle misure di contenimento del virus, grazie alla collaborazione tra la Protezione civile regionale e l&#39;associazione Psicologi per i popoli&#8221;.<\/p>\n<p><a href=\"http:\/\/imagazinevideotruck.it\/outlet\/relink_imprinta.html\" target=\"_top\" rel=\"noopener\"><img loading=\"lazy\" decoding=\"async\" align=\"LEFT\" height=\"250\" src=\"http:\/\/imagazinevideotruck.it\/outlet\/imprinta.jpg\" width=\"300\" alt=\"\" title=\"\"><\/a><\/p>\n<p>\u00a0<\/p>\n<p>\u00a0<\/p>\n<p>\u00a0<\/p>\n<p>\u00a0<\/p>\n<p>\u00a0<\/p>\n<p>\u00a0<\/p>\n<p>\u00a0<\/p>\n<p>\u00a0<\/p>\n<p>\u00a0<\/p>\n<p>A tracciare il bilancio dell&#39;attivit\u00e0 \u00e8 il vicegovernatore con delega alla Salute e alla Protezione civile, <strong>Riccardo Riccardi<\/strong>, il quale ha evidenziato che &#8220;il servizio era gi\u00e0 partito in via sperimentale, ma dal 6 aprile viene garantita la presenza di uno psicologo 7 giorni su 7 dalle 12 alle 19. Mediamente le persone che accedono al supporto psicologico sono 26 al giorno, ma \u00e8 stata toccata anche una punta di 70 chiamate gestite\u201d.<\/p>\n<p>\u201cLa tipologia delle necessit\u00e0 espresse dagli utenti \u2013 precisa Riccardi \u2013 \u00e8 estremamente ampia. Molti hanno semplicemente bisogno di essere ascoltati e rassicurati perch\u00e9 preoccupati per i familiari distanti o perch\u00e9 in preda a un senso di frustrazione per la mancanza dei contatti sociali, ma ci sono anche coloro che chiedono aiuto per gestire i conflitti con gli altri membri della propria famiglia, con i vicini ed anche con le Forze dell&#39;ordine e non mancano le persone che chiedono consigli e supporto per la gestione dei figli o di persone con disabilit\u00e0&#8221;.<\/p>\n<p><a href=\"http:\/\/imagazinevideotruck.it\/outlet\/relink.html\" target=\"_top\" rel=\"noopener\"><img loading=\"lazy\" decoding=\"async\" align=\"LEFT\" height=\"250\" src=\"http:\/\/imagazinevideotruck.it\/outlet\/outlet30.jpg\" width=\"300\" alt=\"\" title=\"\"><\/a><\/p>\n<p>\u00a0<\/p>\n<p>\u00a0<\/p>\n<p>\u00a0<\/p>\n<p>\u00a0<\/p>\n<p>\u00a0<\/p>\n<p>\u00a0<\/p>\n<p>\u00a0<\/p>\n<p>\u00a0<\/p>\n<p>\u00a0<\/p>\n<p>In base ai rapporti stilati dagli psicologi emerge, inoltre, che inizialmente le richieste erano per lo pi\u00f9 connesse ad aspetti legati alla salute, come la paura del contatto e del contagio e l&#39;ansia per sintomatologie influenzali, mentre ora sono preponderanti le istanze correlate agli effetti psicologici dell&#39;isolamento e della mancanza di libert\u00e0.<\/p>\n","protected":false},"excerpt":{"rendered":"<p>I dati resi noti dalla Regione<\/p>\n","protected":false},"author":28,"featured_media":33185,"comment_status":"closed","ping_status":"closed","sticky":false,"template":"","format":"standard","meta":{"dwc-title":[],"dwc-content":[],"footnotes":""},"categories":[5],"tags":[],"class_list":["post-33184","post","type-post","status-publish","format-standard","has-post-thumbnail","hentry","category-attualita"],"rttpg_featured_image_url":{"full":["https:\/\/imagazine.it\/wp-content\/uploads\/2024\/01\/33694-1.webp",750,501,false],"landscape":["https:\/\/imagazine.it\/wp-content\/uploads\/2024\/01\/33694-1.webp",750,501,false],"portraits":["https:\/\/imagazine.it\/wp-content\/uploads\/2024\/01\/33694-1.webp",750,501,false],"thumbnail":["https:\/\/imagazine.it\/wp-content\/uploads\/2024\/01\/33694-1-150x150.webp",150,150,true],"medium":["https:\/\/imagazine.it\/wp-content\/uploads\/2024\/01\/33694-1-300x200.webp",300,200,true],"large":["https:\/\/imagazine.it\/wp-content\/uploads\/2024\/01\/33694-1.webp",640,428,false],"thumblist":["https:\/\/imagazine.it\/wp-content\/uploads\/2024\/01\/33694-1.webp",300,200,false],"thumbrelated":["https:\/\/imagazine.it\/wp-content\/uploads\/2024\/01\/33694-1.webp",500,334,false],"meccarouselthumb":["https:\/\/imagazine.it\/wp-content\/uploads\/2024\/01\/33694-1.webp",474,317,false],"gridsquare":["https:\/\/imagazine.it\/wp-content\/uploads\/2024\/01\/33694-1.webp",389,260,false],"tileview":["https:\/\/imagazine.it\/wp-content\/uploads\/2024\/01\/33694-1.webp",300,200,false],"1536x1536":["https:\/\/imagazine.it\/wp-content\/uploads\/2024\/01\/33694-1.webp",750,501,false],"2048x2048":["https:\/\/imagazine.it\/wp-content\/uploads\/2024\/01\/33694-1.webp",750,501,false],"newsup-slider-full":["https:\/\/imagazine.it\/wp-content\/uploads\/2024\/01\/33694-1.webp",750,501,false],"newsup-featured":["https:\/\/imagazine.it\/wp-content\/uploads\/2024\/01\/33694-1.webp",750,501,false],"newsup-medium":["https:\/\/imagazine.it\/wp-content\/uploads\/2024\/01\/33694-1-720x380.webp",720,380,true],"tptn_thumbnail":["https:\/\/imagazine.it\/wp-content\/uploads\/2024\/01\/33694-1.webp",250,167,false],"sow-carousel-default":["https:\/\/imagazine.it\/wp-content\/uploads\/2024\/01\/33694-1-272x182.webp",272,182,true]},"rttpg_author":{"display_name":"redazione","author_link":"https:\/\/imagazine.it\/home_desk\/author\/redazione\/"},"rttpg_comment":0,"rttpg_category":"<a href=\"https:\/\/imagazine.it\/home_desk\/category\/attualita\/\" rel=\"category tag\">ATTUALIT\u00c0<\/a>","rttpg_excerpt":"I dati resi noti dalla Regione","_links":{"self":[{"href":"https:\/\/imagazine.it\/home_desk\/wp-json\/wp\/v2\/posts\/33184","targetHints":{"allow":["GET"]}}],"collection":[{"href":"https:\/\/imagazine.it\/home_desk\/wp-json\/wp\/v2\/posts"}],"about":[{"href":"https:\/\/imagazine.it\/home_desk\/wp-json\/wp\/v2\/types\/post"}],"author":[{"embeddable":true,"href":"https:\/\/imagazine.it\/home_desk\/wp-json\/wp\/v2\/users\/28"}],"replies":[{"embeddable":true,"href":"https:\/\/imagazine.it\/home_desk\/wp-json\/wp\/v2\/comments?post=33184"}],"version-history":[{"count":0,"href":"https:\/\/imagazine.it\/home_desk\/wp-json\/wp\/v2\/posts\/33184\/revisions"}],"wp:featuredmedia":[{"embeddable":true,"href":"https:\/\/imagazine.it\/home_desk\/wp-json\/wp\/v2\/media\/33185"}],"wp:attachment":[{"href":"https:\/\/imagazine.it\/home_desk\/wp-json\/wp\/v2\/media?parent=33184"}],"wp:term":[{"taxonomy":"category","embeddable":true,"href":"https:\/\/imagazine.it\/home_desk\/wp-json\/wp\/v2\/categories?post=33184"},{"taxonomy":"post_tag","embeddable":true,"href":"https:\/\/imagazine.it\/home_desk\/wp-json\/wp\/v2\/tags?post=33184"}],"curies":[{"name":"wp","href":"https:\/\/api.w.org\/{rel}","templated":true}]}}