{"id":33132,"date":"2020-04-20T00:00:00","date_gmt":"2020-04-19T23:00:00","guid":{"rendered":"https:\/\/imagazine.it\/?p=33132"},"modified":"2020-04-20T00:00:00","modified_gmt":"2020-04-19T23:00:00","slug":"tornare-alla-normalita-se-andra-bene-ci-vorranno-mesi","status":"publish","type":"post","link":"https:\/\/imagazine.it\/home_desk\/tornare-alla-normalita-se-andra-bene-ci-vorranno-mesi\/","title":{"rendered":"&#8220;Tornare alla normalit\u00e0? Se andr\u00e0 bene ci vorranno mesi&#8221;"},"content":{"rendered":"<p>Il prossimo 4 maggio dovrebbe ufficialmente iniziare in Italia la fase 2 della gestione dell\u2019emergenza Covid-19. Ne abbiamo parlato assieme al vicepresidente dell\u2019Ordine dei Medici di Udine, <strong>Gian Luigi Tiberio<\/strong>.<\/p>\n<p>Dal mantenimento del distanziamento sociale e dell\u2019uso di mascherine, alla necessit\u00e0 di dare libert\u00e0 ad anziani e bambini: un ragionamento a 360 gradi che, tuttavia, non abbandona mai il realismo. \u201cDa questa esperienza dobbiamo trarre insegnamento per evitare nuove pandemie in futuro\u201d.<\/p>\n<p>\u00a0<\/p>\n<p><strong>Da medico di base ha un contatto diretto con la popolazione e il territorio: com\u2019\u00e8 la situazione attuale per quanto concerne la diffusione del Coronavirus in FVG?<\/strong><\/p>\n<p>\u201cDopo alcuni giorni di \u201csmarrimento\u201d impiegati a cercare di capire cosa stesse succedendo, le persone si sono progressivamente adeguate alle disposizioni governative relativamente al distanziamento sociale e alla necessit\u00e0 di limitare al massimo gli spostamenti non necessari. Anche per ci\u00f2 che riguarda le nuove modalit\u00e0 di approvvigionamento delle ricette tramite servizi telematici, c\u2019\u00e8 stata grande capacit\u00e0 di adattamento, in tempi decisamente rapidi. Per mezzo di tali misure, e della capacit\u00e0 di metterle in pratica da parte dei cittadini, abbiamo ottenuto degli ottimi risultati riguardo il contenimento della diffusione del contagio da Covid-19\u201d.<\/p>\n<p><strong>Si parla ormai quotidianamente della fase 2, la convivenza con il virus. Come potr\u00e0 avvenire secondo lei?<\/strong><\/p>\n<p>\u201cLa fase 2 dovr\u00e0 avvenire in maniera progressiva, tenendo ben presente i rischi connessi a una ripresa dei contagi. Ci vorr\u00e0 un accurato monitoraggio territoriale, un incremento del numero dei tamponi, l\u2019uso di test ematici rapidi (ora in fase di validazione), continuando per\u00f2 a prestare sempre attenzione al distanziamento sociale, all\u2019uso della mascherina e all\u2019igiene delle mani\u201d.<\/p>\n<p><a href=\"http:\/\/imagazinevideotruck.it\/outlet\/relink.html\" target=\"_top\" rel=\"noopener\"><img loading=\"lazy\" decoding=\"async\" align=\"LEFT\" height=\"250\" src=\"http:\/\/imagazinevideotruck.it\/outlet\/outlet30.jpg\" width=\"300\" alt=\"\" title=\"\"><\/a><\/p>\n<p>\u00a0<\/p>\n<p>\u00a0<\/p>\n<p>\u00a0<\/p>\n<p>\u00a0<\/p>\n<p>\u00a0<\/p>\n<p>\u00a0<\/p>\n<p>\u00a0<\/p>\n<p>\u00a0<\/p>\n<p>\u00a0<\/p>\n<p><strong>Quanto tempo ci vorr\u00e0 per tornare alla normalit\u00e0?<\/strong><\/p>\n<p>\u201cTroppo difficile fare previsioni al punto in cui ci troviamo, troppe le variabili in gioco. Diciamo che se dovesse andare bene, ci vorranno alcuni mesi, anche se temo, che dovremo cambiare alcune nostre abitudini\u201d.<\/p>\n<p><strong>Alcuni esperti affermano che solo con l\u2019arrivo del vaccino potremo riprendere tutte le nostre abitudini: \u00e8 realmente cos\u00ec?<\/strong><\/p>\n<p>\u201cCredo che la disponibilit\u00e0 di un vaccino potrebbe decisamente cambiare le prospettive future, ma da questa esperienza dovremmo\u00a0trarre degli importanti insegnamenti per ridurre al minimo i rischi di una nuova pandemia e anche per fare in modo di essere in grado di affrontare efficacemente situazioni simili in futuro\u201d.<\/p>\n<p><strong>In questi giorni il mondo dello sport, il calcio in particolare, sta ragionando sulla ripartenza delle attivit\u00e0 entro poche settimane. Da medico qual \u00e8 la sua opinione in merito?<\/strong><\/p>\n<p>\u201cRitengo giusto che anche il mondo dello sport debba ripartire, ma senza fretta, con grande attenzione in primis alla salute delle persone e quindi solamente quando ci saranno le necessarie condizioni di sicurezza\u201d.<\/p>\n<p><strong>Il distanziamento sociale sta colpendo in particolare gli anziani. La presidente della Commissione europea, Ursula Von der Leyen, ha ipotizzato che gli anziani debbano restare per pi\u00f9 tempo in isolamento a tutela della loro salute. Sarebbe una scelta corretta o pericolosamente alienante?<\/strong><\/p>\n<p>\u201cNon credo che l\u2019isolamento degli anziani possa rappresentare una qualche soluzione del problema, la ritengo una scelta inadeguata e pericolosamente alienante. Non \u00e8 opportuno marginalizzare le persone anziane, tuttavia, a tutela della loro salute, possiamo per\u00f2 chiedere che abbiano una maggiore cautela e attenzione negli spostamenti\u201d.<\/p>\n<p><a href=\"http:\/\/imagazinevideotruck.it\/outlet\/relink_imprinta.html\" target=\"_top\" rel=\"noopener\"><img loading=\"lazy\" decoding=\"async\" align=\"LEFT\" height=\"250\" src=\"http:\/\/imagazinevideotruck.it\/outlet\/imprinta.jpg\" width=\"300\" alt=\"\" title=\"\"><\/a><\/p>\n<p>\u00a0<\/p>\n<p>\u00a0<\/p>\n<p>\u00a0<\/p>\n<p>\u00a0<\/p>\n<p>\u00a0<\/p>\n<p>\u00a0<\/p>\n<p>\u00a0<\/p>\n<p>\u00a0<\/p>\n<p>\u00a0<\/p>\n<p><strong>L\u2019obbligo di stare a casa nonch\u00e9 la chiusura di scuole e aree verdi sta avendo inevitabili ripercussioni anche sulla vita di bambini e ragazzi. Come potranno mutare le cose, garantendo la sicurezza sanitaria?<\/strong><\/p>\n<p>\u201cL\u2019attivit\u00e0 all\u2019aria aperta non \u00e8 affatto pericolosa se vengono osservate alcune semplici norme, che dovremo imparare a rispettare tutti e insegnare ai bambini. Siamo stati capaci di applicare con rigore il difficile lockdown, confido fermamente che sapremo svolgere attivit\u00e0 all\u2019aperto in tutta sicurezza\u201d.<\/p>\n<p><strong>Il virologo Giulio Tarro ha affermato che il Coronavirus non \u00e8 l\u2019ebola e che esistono gi\u00e0 due varianti (cinese e padana), rendendo impossibile che un vaccino le copra entrambe, come peraltro accade con i vaccini antinfluenzali che non coprono tutto. La vera soluzione \u2013 secondo Tarro \u2013 sar\u00e0 la cura antivirale: in altre parole non si potr\u00e0 evitare di contrarre il Coronavirus ma si potr\u00e0 guarire. Lei cosa ne pensa?<\/strong><\/p>\n<p>\u201c\u00c8 uno scenario possibile ed \u00e8 certamente pi\u00f9 probabile trovare rapidamente una cura efficace che approntare un vaccino efficace. \u00c8 per\u00f2 molto difficile fare previsioni, solamente il futuro potr\u00e0 darci la risposta sulla cura pi\u00f9 adeguata per una malattia che fino a quattro mesi fa era sconosciuta al genere umano\u201d.<\/p>\n","protected":false},"excerpt":{"rendered":"<p>Intervista a Gian Luigi Tiberio<\/p>\n","protected":false},"author":22,"featured_media":33133,"comment_status":"closed","ping_status":"closed","sticky":false,"template":"","format":"standard","meta":{"dwc-title":[],"dwc-content":[],"footnotes":""},"categories":[5],"tags":[],"class_list":["post-33132","post","type-post","status-publish","format-standard","has-post-thumbnail","hentry","category-attualita"],"rttpg_featured_image_url":{"full":["https:\/\/imagazine.it\/wp-content\/uploads\/2024\/01\/33646-1.webp",750,523,false],"landscape":["https:\/\/imagazine.it\/wp-content\/uploads\/2024\/01\/33646-1.webp",750,523,false],"portraits":["https:\/\/imagazine.it\/wp-content\/uploads\/2024\/01\/33646-1.webp",750,523,false],"thumbnail":["https:\/\/imagazine.it\/wp-content\/uploads\/2024\/01\/33646-1-150x150.webp",150,150,true],"medium":["https:\/\/imagazine.it\/wp-content\/uploads\/2024\/01\/33646-1-300x209.webp",300,209,true],"large":["https:\/\/imagazine.it\/wp-content\/uploads\/2024\/01\/33646-1.webp",640,446,false],"thumblist":["https:\/\/imagazine.it\/wp-content\/uploads\/2024\/01\/33646-1.webp",300,209,false],"thumbrelated":["https:\/\/imagazine.it\/wp-content\/uploads\/2024\/01\/33646-1.webp",500,349,false],"meccarouselthumb":["https:\/\/imagazine.it\/wp-content\/uploads\/2024\/01\/33646-1.webp",465,324,false],"gridsquare":["https:\/\/imagazine.it\/wp-content\/uploads\/2024\/01\/33646-1.webp",373,260,false],"tileview":["https:\/\/imagazine.it\/wp-content\/uploads\/2024\/01\/33646-1.webp",300,209,false],"1536x1536":["https:\/\/imagazine.it\/wp-content\/uploads\/2024\/01\/33646-1.webp",750,523,false],"2048x2048":["https:\/\/imagazine.it\/wp-content\/uploads\/2024\/01\/33646-1.webp",750,523,false],"newsup-slider-full":["https:\/\/imagazine.it\/wp-content\/uploads\/2024\/01\/33646-1.webp",750,523,false],"newsup-featured":["https:\/\/imagazine.it\/wp-content\/uploads\/2024\/01\/33646-1.webp",750,523,false],"newsup-medium":["https:\/\/imagazine.it\/wp-content\/uploads\/2024\/01\/33646-1-720x380.webp",720,380,true],"tptn_thumbnail":["https:\/\/imagazine.it\/wp-content\/uploads\/2024\/01\/33646-1.webp",250,174,false],"sow-carousel-default":["https:\/\/imagazine.it\/wp-content\/uploads\/2024\/01\/33646-1-272x182.webp",272,182,true]},"rttpg_author":{"display_name":"Livio Nonis","author_link":"https:\/\/imagazine.it\/home_desk\/author\/nonis\/"},"rttpg_comment":0,"rttpg_category":"<a href=\"https:\/\/imagazine.it\/home_desk\/category\/attualita\/\" rel=\"category tag\">ATTUALIT\u00c0<\/a>","rttpg_excerpt":"Intervista a Gian Luigi Tiberio","_links":{"self":[{"href":"https:\/\/imagazine.it\/home_desk\/wp-json\/wp\/v2\/posts\/33132","targetHints":{"allow":["GET"]}}],"collection":[{"href":"https:\/\/imagazine.it\/home_desk\/wp-json\/wp\/v2\/posts"}],"about":[{"href":"https:\/\/imagazine.it\/home_desk\/wp-json\/wp\/v2\/types\/post"}],"author":[{"embeddable":true,"href":"https:\/\/imagazine.it\/home_desk\/wp-json\/wp\/v2\/users\/22"}],"replies":[{"embeddable":true,"href":"https:\/\/imagazine.it\/home_desk\/wp-json\/wp\/v2\/comments?post=33132"}],"version-history":[{"count":0,"href":"https:\/\/imagazine.it\/home_desk\/wp-json\/wp\/v2\/posts\/33132\/revisions"}],"wp:featuredmedia":[{"embeddable":true,"href":"https:\/\/imagazine.it\/home_desk\/wp-json\/wp\/v2\/media\/33133"}],"wp:attachment":[{"href":"https:\/\/imagazine.it\/home_desk\/wp-json\/wp\/v2\/media?parent=33132"}],"wp:term":[{"taxonomy":"category","embeddable":true,"href":"https:\/\/imagazine.it\/home_desk\/wp-json\/wp\/v2\/categories?post=33132"},{"taxonomy":"post_tag","embeddable":true,"href":"https:\/\/imagazine.it\/home_desk\/wp-json\/wp\/v2\/tags?post=33132"}],"curies":[{"name":"wp","href":"https:\/\/api.w.org\/{rel}","templated":true}]}}