{"id":33114,"date":"2020-04-17T00:00:00","date_gmt":"2020-04-16T23:00:00","guid":{"rendered":"https:\/\/imagazine.it\/?p=33114"},"modified":"2020-04-17T00:00:00","modified_gmt":"2020-04-16T23:00:00","slug":"cera-una-volta-nembro-spoonriver-per-una-generazione","status":"publish","type":"post","link":"https:\/\/imagazine.it\/home_desk\/cera-una-volta-nembro-spoonriver-per-una-generazione\/","title":{"rendered":"C&#8217;era una volta Nembro, spoonriver per una generazione"},"content":{"rendered":"<p>Ruota intorno a\u00a0<strong>una dolente \u201cSpoonriver\u201d per i caduti di Nembro<\/strong>, la cittadina della Valseriana decimata in queste settimane dalla pandemia Covid-19,\u00a0<strong>il secondo intervento in programma per il cartellone di R-evolution digital 2020:<\/strong>\u00a0dopo il focus inaugurale del giornalista Claudio Pagliara da New York,\u00a0passer\u00e0 a<strong> Gigi Riva<\/strong>, editorialista dell\u2019Espresso e del Gruppo GEDI, il testimone dell\u2019indagine geopolitica promossa dal Teatro Verdi di Pordenone\u00a0e curata dall\u2019Associazione Europa Cultura, con il sostegno di Cr\u00e9dit Agricole FriulAdria e la partnership del Premio Luchetta &#8211; Link Festival del giornalismo.<\/p>\n<p>R-evolution \u00e8 infatti il ciclo di lezioni di storia contemporanea dedicato alla pi\u00f9 stretta attualit\u00e0: a commenti, analisi e storie sull\u2019Italia e il mondo nei tempi del coronavirus. \u201c<strong>Il pianeta virale\u201d sar\u00e0 il filo rosso sul quale si confronteranno cinque note firme del giornalismo<\/strong>, attraverso altrettanti video interventi disponibili sul sito web del Teatro Verdi Pordenone\u00a0<strong><u><a href=\"http:\/\/www.comunalegiuseppeverdi.it\" target=\"_blank\" rel=\"noopener\">w<\/a><a href=\"http:\/\/ww.comunalegiuseppeverdi.it\/\" target=\"_blank\" rel=\"noopener\">ww.comunalegiuseppeverdi.it<\/a><\/u>\u00a0nell\u2019area on demand,<\/strong>\u00a0tutti ripresi anche sui canali Social del Teatro, Facebook a Twitter e Instagram.\u00a0\u00a0\u00a0\u00a0\u00a0\u00a0\u00a0\u00a0\u00a0\u00a0\u00a0\u00a0\u00a0\u00a0\u00a0\u00a0\u00a0\u00a0\u00a0\u00a0\u00a0\u00a0\u00a0\u00a0\u00a0\u00a0\u00a0\u00a0\u00a0\u00a0\u00a0\u00a0\u00a0\u00a0\u00a0\u00a0\u00a0\u00a0\u00a0\u00a0\u00a0\u00a0\u00a0\u00a0\u00a0\u00a0\u00a0\u00a0\u00a0\u00a0\u00a0\u00a0\u00a0\u00a0\u00a0\u00a0\u00a0\u00a0\u00a0\u00a0\u00a0\u00a0\u00a0\u00a0\u00a0\u00a0\u00a0\u00a0\u00a0\u00a0\u00a0\u00a0\u00a0\u00a0\u00a0\u00a0\u00a0\u00a0\u00a0\u00a0\u00a0\u00a0\u00a0\u00a0\u00a0\u00a0\u00a0\u00a0\u00a0\u00a0\u00a0\u00a0\u00a0\u00a0\u00a0\u00a0\u00a0<\/p>\n<p>Di carattere sociologico la riflessione proposta dal giornalista Gigi Riva sabato 18 aprile, dalle<strong> 20.30: il suo \u201cC&#39;era una volta Nembro, spoonriver per una generazione. Il virus e la provincia italiana\u201d <\/strong>offrir\u00e0 un intenso spaccato delle ripercussioni sociali del passaggio pandemico del virus, soprattutto in Italia dove si registra il numero pi\u00f9 massiccio di contagiati deceduti.<\/p>\n<p>Spiega infatti l\u2019autore: \u00abNel mio paese natale, Nembro, i\u00a0morti sono diventati un numero. Erano tanti, troppi. Ma\u00a0<strong>\u00e8 giusto invece dare dei nomi e capire come se ne sono andate queste persone. Marzo\u00a02020 \u00e8 stato il pi\u00f9 crudele dei mesi per Nembro, con 150 morti<\/strong>\u00a0contro i 10 decessi che sono la media fisiologica, nell\u2019arco dello stesso periodo. \u00c8 stata una carneficina:\u00a0<strong>le persone cadevano come si muore in guerra.<\/strong>\u00a0Se n\u2019\u00e8 andato, fra gli altri, il camionista\u00a0<strong>Franco Orlandi<\/strong>. Se n\u2019\u00e8 andato\u00a0<strong>Tullio Carrara<\/strong>, l\u2019uomo che negli anni 70, quando era un giovane laureato, fond\u00f2 la biblioteca a Nembro, rendendola una delle pi\u00f9 belle d\u2019Italia. Lo ricordo nostro complice nei primi, timidi baci che da ragazzi azzardavamo dietro gli scaffali. Il falegname\u00a0<strong>Giulio Bonomi<\/strong>\u00a0ci ha lasciato a 92 anni in una casa di riposo: fu autodidatta e divent\u00f2 un intellettuale, un campione del dissenso cattolico nella bergamasca degli anni Sessanta. Fu poi tra i fondatori del Manifesto. Di\u00a0<strong>Giuseppe Pezzotta<\/strong>\u00a0ne sono morti ben tre, a Nembro: uno era il presidente della casa di riposto di Nembro dove sono morte oltre 30 persone di virus. Un altro era un alpino: a Nembro il virus si \u00e8 portato via una ventina di alpini come\u00a0<strong>Antonio Ardenghi,<\/strong>\u00a0che chiamavamo \u2018Il Roccia\u2019. Se ne sono andati in quattro giorni i tre\u00a0<strong>fratelli Lazzaroni<\/strong>: con\u00a0<strong>Ilario<\/strong>, presidente degli Artiglieri, sono morti anche\u00a0<strong>Mauro<\/strong>\u00a0e\u00a0<strong>Mirella<\/strong>. Questo triste appello ci porta poi nella piazza centrale di Nembro, cuore pulsante del paese: proprio l\u00ec, nell\u2019ufficio anagrafe del Comune,\u00a0<strong>Cristina Marcassoli<\/strong>\u00a0era regina incontrastata. Il paese l\u2019amava perch\u00e8 sapeva sempre trovare il modo di aggirare gli eccessi\u00a0burocratici, avrebbe compiuto 60 anni e sarebbe poi andata in pensione, ma il virus l\u2019ha fermata prima. Se n\u2019\u00e8 andato anche\u00a0<strong>Marino Novelli<\/strong>, il pensionato che in quella piazza faceva attraversare i bambini che andavano a scuola. Dall\u2019altra parte della piazza c\u2019\u00e8 il Cinema Modernissimo di Nembro: quando riaprir\u00e0 non ci sar\u00e0 pi\u00f9 il suo factotum,\u00a0<strong>Sandro Barcella<\/strong>, curava luci e sala ogni sera. Un pensiero speciale va all\u2019ostetrica\u00a0<strong>Ivana Valoti<\/strong>, la pi\u00f9 giovane di questa Spoonriver: 58 anni, aveva assistito la madre contagiata.\u00a0 Che la terra sia lieve a tutti loro \u2026\u00bb.<\/p>\n<p><strong>R-evolution 2020 proseguir\u00e0 marted\u00ec 21 aprile con l\u2019intervento di Lucio Caracciolo<\/strong>, direttore di Limes e presidente Macrogeo. \u201cCina &#8211; USA, sulle rotte del Covid-19: come il virus sta cambiando il mondo\u201d sar\u00e0 il filo rosso per la sua riflessione.\u00a0<strong>Mercoled\u00ec 22 aprile, da Berlino ecco l\u2019intervento della corrispondente Rai Barbara Gruden<\/strong>: uno sguardo sulla iniziativa solidale tedesca che ricorda molto da vicino il \u201cpanaro\u201d napoletano. Della resilienza delle realt\u00e0 di spettacolo e cultura ai tempi del virus racconter\u00e0\u00a0<strong>infine, venerd\u00ec 24 aprile, Bruno Ruffolo, caporedattore cultura\/spettacoli del Gr Rai,\u00a0<\/strong>per aiutarci a prospettare l&#39;evoluzione degli scenari &#8220;on stage&#8221; e come gestire la situazione di transizione.<\/p>\n","protected":false},"excerpt":{"rendered":"<p>Il virus e la provincia italiana<\/p>\n","protected":false},"author":28,"featured_media":33115,"comment_status":"closed","ping_status":"closed","sticky":false,"template":"","format":"standard","meta":{"dwc-title":[],"dwc-content":[],"footnotes":""},"categories":[37],"tags":[],"class_list":["post-33114","post","type-post","status-publish","format-standard","has-post-thumbnail","hentry","category-cultura-e-spettacolo"],"rttpg_featured_image_url":{"full":["https:\/\/imagazine.it\/wp-content\/uploads\/2024\/01\/33616-1.webp",750,499,false],"landscape":["https:\/\/imagazine.it\/wp-content\/uploads\/2024\/01\/33616-1.webp",750,499,false],"portraits":["https:\/\/imagazine.it\/wp-content\/uploads\/2024\/01\/33616-1.webp",750,499,false],"thumbnail":["https:\/\/imagazine.it\/wp-content\/uploads\/2024\/01\/33616-1-150x150.webp",150,150,true],"medium":["https:\/\/imagazine.it\/wp-content\/uploads\/2024\/01\/33616-1-300x200.webp",300,200,true],"large":["https:\/\/imagazine.it\/wp-content\/uploads\/2024\/01\/33616-1.webp",640,426,false],"thumblist":["https:\/\/imagazine.it\/wp-content\/uploads\/2024\/01\/33616-1.webp",300,200,false],"thumbrelated":["https:\/\/imagazine.it\/wp-content\/uploads\/2024\/01\/33616-1.webp",500,333,false],"meccarouselthumb":["https:\/\/imagazine.it\/wp-content\/uploads\/2024\/01\/33616-1.webp",474,315,false],"gridsquare":["https:\/\/imagazine.it\/wp-content\/uploads\/2024\/01\/33616-1.webp",391,260,false],"tileview":["https:\/\/imagazine.it\/wp-content\/uploads\/2024\/01\/33616-1.webp",300,200,false],"1536x1536":["https:\/\/imagazine.it\/wp-content\/uploads\/2024\/01\/33616-1.webp",750,499,false],"2048x2048":["https:\/\/imagazine.it\/wp-content\/uploads\/2024\/01\/33616-1.webp",750,499,false],"newsup-slider-full":["https:\/\/imagazine.it\/wp-content\/uploads\/2024\/01\/33616-1.webp",750,499,false],"newsup-featured":["https:\/\/imagazine.it\/wp-content\/uploads\/2024\/01\/33616-1.webp",750,499,false],"newsup-medium":["https:\/\/imagazine.it\/wp-content\/uploads\/2024\/01\/33616-1-720x380.webp",720,380,true],"tptn_thumbnail":["https:\/\/imagazine.it\/wp-content\/uploads\/2024\/01\/33616-1.webp",250,166,false],"sow-carousel-default":["https:\/\/imagazine.it\/wp-content\/uploads\/2024\/01\/33616-1-272x182.webp",272,182,true]},"rttpg_author":{"display_name":"redazione","author_link":"https:\/\/imagazine.it\/home_desk\/author\/redazione\/"},"rttpg_comment":0,"rttpg_category":"<a href=\"https:\/\/imagazine.it\/home_desk\/category\/cultura-e-spettacolo\/\" rel=\"category tag\">CULTURA&amp;SPETTACOLO<\/a>","rttpg_excerpt":"Il virus e la provincia italiana","_links":{"self":[{"href":"https:\/\/imagazine.it\/home_desk\/wp-json\/wp\/v2\/posts\/33114","targetHints":{"allow":["GET"]}}],"collection":[{"href":"https:\/\/imagazine.it\/home_desk\/wp-json\/wp\/v2\/posts"}],"about":[{"href":"https:\/\/imagazine.it\/home_desk\/wp-json\/wp\/v2\/types\/post"}],"author":[{"embeddable":true,"href":"https:\/\/imagazine.it\/home_desk\/wp-json\/wp\/v2\/users\/28"}],"replies":[{"embeddable":true,"href":"https:\/\/imagazine.it\/home_desk\/wp-json\/wp\/v2\/comments?post=33114"}],"version-history":[{"count":0,"href":"https:\/\/imagazine.it\/home_desk\/wp-json\/wp\/v2\/posts\/33114\/revisions"}],"wp:featuredmedia":[{"embeddable":true,"href":"https:\/\/imagazine.it\/home_desk\/wp-json\/wp\/v2\/media\/33115"}],"wp:attachment":[{"href":"https:\/\/imagazine.it\/home_desk\/wp-json\/wp\/v2\/media?parent=33114"}],"wp:term":[{"taxonomy":"category","embeddable":true,"href":"https:\/\/imagazine.it\/home_desk\/wp-json\/wp\/v2\/categories?post=33114"},{"taxonomy":"post_tag","embeddable":true,"href":"https:\/\/imagazine.it\/home_desk\/wp-json\/wp\/v2\/tags?post=33114"}],"curies":[{"name":"wp","href":"https:\/\/api.w.org\/{rel}","templated":true}]}}