{"id":33092,"date":"2020-04-15T00:00:00","date_gmt":"2020-04-14T23:00:00","guid":{"rendered":"https:\/\/imagazine.it\/?p=33092"},"modified":"2020-04-15T00:00:00","modified_gmt":"2020-04-14T23:00:00","slug":"pallacanestro-nel-monfalconese-arrivano-gli-allenamenti-individuali","status":"publish","type":"post","link":"https:\/\/imagazine.it\/home_desk\/pallacanestro-nel-monfalconese-arrivano-gli-allenamenti-individuali\/","title":{"rendered":"Pallacanestro, nel monfalconese arrivano gli allenamenti individuali"},"content":{"rendered":"<p>Basket Talent Factory \u00e8 un nuovo progetto cestistico proposto da tre ex giocatori della bisiacaria.<\/p>\n<p>Si tratta di <strong>Giancarlo Gracalich<\/strong>, <strong>Marco Bragato<\/strong> e <strong>Luca Bertossa<\/strong>.<\/p>\n<p>L\u2019obiettivo che si pone \u00e8 il miglioramento individuale del giocatore in tutti i suoi aspetti: fisico, tecnico e mentale.<\/p>\n<p>Il giocatore risulta essere al centro del progetto in ogni suo aspetto fondante e operativo, tanto da essere stato scelto come figura centrale del logo di Basket Talent Factory.<\/p>\n<p>A differenza di altri progetti, questo \u00e8 fondato interamente sull\u2019aspetto riguardante lo sviluppo individuale del giocatore. Per farlo vengono utilizzate metodologie di allenamento e attrezzature innovative, utilizzate dagli Elite Trainer che sono tenuti a studiare e sperimentare in prima persona o con l\u2019ausilio di Testimonial workout sperimentali.<\/p>\n<p>Gli Elite Trainer sono gli sviluppatori principali del giocatore e detentori di ogni aspetto organizzativo di Basket Talent Factory, andando a prevedere, programmare e concretizzare ogni aspetto del progetto, dai Talent Camp agli allenamenti, dalla pubblicit\u00e0 a eventi a s\u00e9 stanti. Spetta inoltre a loro dedicarsi alla formazione dei supporting Trainer e della \u00e9quipe.<\/p>\n<p>Di tutto questo abbiamo parlato con i tre Elite Trainer: Gracalich, Bragato e Bertossa.<\/p>\n<p><strong>Per prima cosa, a chi si rivolge il progetto?<\/strong><\/p>\n<p>\u201cQuesto \u00e8 un progetto rivolto a tutti coloro che hanno voglia di migliorare negli aspetti tecnici, fisici e motivazionali, esclusivamente nell\u2019ambito della pallacanestro\u201d.<\/p>\n<p><strong>In quante lezioni si struttura il progetto? <\/strong><\/p>\n<p>\u201cLa programmazione degli allenamenti individuali si suddivide in due tipologie:<\/p>\n<p>allenamenti 1 a 1 (1 trainer e 1 giocatore), svolti durante tutto l\u2019anno in accordo con le richieste dei giocatori e gli obiettivi condivisi da raggiungere; la seconda tipologia \u00e8 un Talent Camp estivo di una settimana\u201d.<\/p>\n<p><strong>Quanti atleti possono partecipare?<\/strong><\/p>\n<p>\u201cIl numero di partecipanti al progetto non \u00e8 di per s\u00e9 limitato, per\u00f2 trattandosi di allenamenti individuali e personalizzati si strutturer\u00e0 in modalit\u00e0 1 a 1. per quanto riguarda il camp estivo la quota massima di partecipanti sar\u00e0 di 40\u201d.<\/p>\n<p><strong>Tutta questa attivit\u00e0 dove si dovrebbe svolgere?<\/strong><\/p>\n<p>\u201cPer quanto riguarda gli allenamenti individuali la location sar\u00e0 concordata in base alla provenienza della richiesta (se \u00e8 una richiesta di una societ\u00e0 o di un singolo giocatore) e della disponibilit\u00e0. I talent camp si svolgeranno in luoghi diversi in base alla programmazione annuale\u201d.<\/p>\n<p><strong>Il progetto \u2013 si legge nella spiegazione ufficiale \u2013 si fonda su \u201cbasi scientifiche\u201d. Cosa vuol dire? <\/strong><\/p>\n<p>\u201cI nostri allenamenti vogliono essere innovativi, perci\u00f2 consultiamo la letteratura scientifica presente, inoltre ci teniamo aggiornati costantemente con un processo di analisi e ricerca\u201d.<\/p>\n<p><strong>Una curiosit\u00e0: voi parlate di \u201ctenacity\u201d. Cosa intendete?<\/strong><\/p>\n<p>\u201cIl termine <em>tenacity<\/em> letteralmente vuol dire tenacia, la caratteristica, la qualit\u00e0 di essere tenace, ossia di essere determinato nel raggiungimento degli obiettivi. Gli obiettivi degli allenamenti verranno individuati in maniera condivisa tra trainer e giocatore e andranno ricercati miglioramenti in ambito atletico\/fisico e tecnico\u201d.<\/p>\n<p><strong>Verrete affiancati anche da personaggi illustri del basket? <\/strong><\/p>\n<p>\u201cPer ora non c\u2019\u00e8 ancora nessun invito ufficiale, ma non \u00e8 esclusa la presenza di personaggi di fama\u201d.<\/p>\n<p><strong>Quanto verr\u00e0 a costare questo progetto?<\/strong><\/p>\n<p>\u201cIl costo dipende da molteplici fattori: durata e numero degli allenamenti, il tipo di lavoro che andr\u00e0 fatto\u2026 Anche per il camp il costo \u00e8 variabile: c\u2019\u00e8 una notevole differenza tra fare un camp residenziale o uno non residenziale\u201d.<\/p>\n<p>\u00a0<\/p>\n<p><strong>Giancarlo Gracalich<\/strong>\u00a0ricopre\u00a0i ruoli di aiuto allenatore, assistente allenatore, preparatore atletico e dal 2008 capo allenatore: dall&#39;under 14 alle prime squadre. Dopo aver giocato in promozione e serie D con la Polisportiva Isontina Basket Pieris, Giancarlo si forma a livello di coaching nella societ\u00e0 AIBI Fogliano, per poi approdare alla Goriziana e alla Pallacanestro Pieris.<\/p>\n<p><strong>Luca Bertossa,<\/strong> per anni ha giocato in serie D, arrivando anche in C2. La sua formazione individuale \u00e8 correlata all&#39;impegno, la sperimentazione e la costanza nell&#39;allenamento individuale nei campetti. Luca \u00e8 laureato in fisica, e sta proseguendo gli studi con la magistrale in fisica teorica. Per lui \u00e8 importante riuscire ad applicare concetti scientifici anche nella progettazione di allenamenti individuali per la Pallacanestro.<\/p>\n<p><strong>Marco Bragato<\/strong> \u00e8 un allievo allenatore tesserato F.I.P.. Laureato in Scienze Motorie presso l\u2019Universit\u00e0 degli Studi di Udine, attualmente frequenta la magistrale in Scienze Motorie preventive e adattate a Verona. Ha giocato nelle giovanili della Pallacanestro Ronchi e dell&#39;A.I.B.I. Fogliano, partecipando alla selezione giovanile provinciale dei nati nel &#39;94 allenata da Paolo Montena.\u00a0 Ha giocato in serie D a Tarcento, allenato da Alberto Andriola e in promozione con la Polisportiva Isontina Pieris.<\/p>\n<p>Basket Talent Factory ha in corso una collaborazione con Polisportiva Isontina Basket Pieris per la creazione di Talent Camp e sessioni di allenamento individuale.\u00a0<\/p>\n","protected":false},"excerpt":{"rendered":"<p>Basket Talent Factory<\/p>\n","protected":false},"author":22,"featured_media":33093,"comment_status":"closed","ping_status":"closed","sticky":false,"template":"","format":"standard","meta":{"dwc-title":[],"dwc-content":[],"footnotes":""},"categories":[38],"tags":[],"class_list":["post-33092","post","type-post","status-publish","format-standard","has-post-thumbnail","hentry","category-sport"],"rttpg_featured_image_url":{"full":["https:\/\/imagazine.it\/wp-content\/uploads\/2024\/01\/33603-1.webp",750,517,false],"landscape":["https:\/\/imagazine.it\/wp-content\/uploads\/2024\/01\/33603-1.webp",750,517,false],"portraits":["https:\/\/imagazine.it\/wp-content\/uploads\/2024\/01\/33603-1.webp",750,517,false],"thumbnail":["https:\/\/imagazine.it\/wp-content\/uploads\/2024\/01\/33603-1-150x150.webp",150,150,true],"medium":["https:\/\/imagazine.it\/wp-content\/uploads\/2024\/01\/33603-1-300x207.webp",300,207,true],"large":["https:\/\/imagazine.it\/wp-content\/uploads\/2024\/01\/33603-1.webp",640,441,false],"thumblist":["https:\/\/imagazine.it\/wp-content\/uploads\/2024\/01\/33603-1.webp",300,207,false],"thumbrelated":["https:\/\/imagazine.it\/wp-content\/uploads\/2024\/01\/33603-1.webp",500,345,false],"meccarouselthumb":["https:\/\/imagazine.it\/wp-content\/uploads\/2024\/01\/33603-1.webp",470,324,false],"gridsquare":["https:\/\/imagazine.it\/wp-content\/uploads\/2024\/01\/33603-1.webp",377,260,false],"tileview":["https:\/\/imagazine.it\/wp-content\/uploads\/2024\/01\/33603-1.webp",300,207,false],"1536x1536":["https:\/\/imagazine.it\/wp-content\/uploads\/2024\/01\/33603-1.webp",750,517,false],"2048x2048":["https:\/\/imagazine.it\/wp-content\/uploads\/2024\/01\/33603-1.webp",750,517,false],"newsup-slider-full":["https:\/\/imagazine.it\/wp-content\/uploads\/2024\/01\/33603-1.webp",750,517,false],"newsup-featured":["https:\/\/imagazine.it\/wp-content\/uploads\/2024\/01\/33603-1.webp",750,517,false],"newsup-medium":["https:\/\/imagazine.it\/wp-content\/uploads\/2024\/01\/33603-1-720x380.webp",720,380,true],"tptn_thumbnail":["https:\/\/imagazine.it\/wp-content\/uploads\/2024\/01\/33603-1.webp",250,172,false],"sow-carousel-default":["https:\/\/imagazine.it\/wp-content\/uploads\/2024\/01\/33603-1-272x182.webp",272,182,true]},"rttpg_author":{"display_name":"Livio Nonis","author_link":"https:\/\/imagazine.it\/home_desk\/author\/nonis\/"},"rttpg_comment":0,"rttpg_category":"<a href=\"https:\/\/imagazine.it\/home_desk\/category\/sport\/\" rel=\"category tag\">SPORT<\/a>","rttpg_excerpt":"Basket Talent Factory","_links":{"self":[{"href":"https:\/\/imagazine.it\/home_desk\/wp-json\/wp\/v2\/posts\/33092","targetHints":{"allow":["GET"]}}],"collection":[{"href":"https:\/\/imagazine.it\/home_desk\/wp-json\/wp\/v2\/posts"}],"about":[{"href":"https:\/\/imagazine.it\/home_desk\/wp-json\/wp\/v2\/types\/post"}],"author":[{"embeddable":true,"href":"https:\/\/imagazine.it\/home_desk\/wp-json\/wp\/v2\/users\/22"}],"replies":[{"embeddable":true,"href":"https:\/\/imagazine.it\/home_desk\/wp-json\/wp\/v2\/comments?post=33092"}],"version-history":[{"count":0,"href":"https:\/\/imagazine.it\/home_desk\/wp-json\/wp\/v2\/posts\/33092\/revisions"}],"wp:featuredmedia":[{"embeddable":true,"href":"https:\/\/imagazine.it\/home_desk\/wp-json\/wp\/v2\/media\/33093"}],"wp:attachment":[{"href":"https:\/\/imagazine.it\/home_desk\/wp-json\/wp\/v2\/media?parent=33092"}],"wp:term":[{"taxonomy":"category","embeddable":true,"href":"https:\/\/imagazine.it\/home_desk\/wp-json\/wp\/v2\/categories?post=33092"},{"taxonomy":"post_tag","embeddable":true,"href":"https:\/\/imagazine.it\/home_desk\/wp-json\/wp\/v2\/tags?post=33092"}],"curies":[{"name":"wp","href":"https:\/\/api.w.org\/{rel}","templated":true}]}}