{"id":33090,"date":"2020-04-16T00:00:00","date_gmt":"2020-04-15T23:00:00","guid":{"rendered":"https:\/\/imagazine.it\/?p=33090"},"modified":"2020-04-16T00:00:00","modified_gmt":"2020-04-15T23:00:00","slug":"corsa-a-monfalcone-esordira-la-12x1-ora","status":"publish","type":"post","link":"https:\/\/imagazine.it\/home_desk\/corsa-a-monfalcone-esordira-la-12x1-ora\/","title":{"rendered":"Corsa, a Monfalcone esordir\u00e0 la 12&#215;1 ora"},"content":{"rendered":"<p>In questo momento dove tutti sono forzatamente fermi c&#39;\u00e8 chi sta programmando il futuro, come l&#39;associazione <strong>Settembre inVita di Monfalcone<\/strong>, che pensa gi\u00e0 al 2021. L&#39;effetto coronavirus ha lasciato gran parte delle associazioni impotenti a cercare di organizzare qualcosa per dare sostegno alle istituzioni sanitarie o altre (<u><a href=\"http:\/\/www.imagazine.it\/notizie-trieste-gorizia-udine-friuli\/7874\" target=\"_blank\" rel=\"noopener\">Settembre inVita ha tre progetti che riguardano l&#39;acquisto di mascherine, di una nuova ambulanza per la Croce Rossa Italiana e il monitoraggio telemetrico dei pazienti<\/a><\/u>).<\/p>\n<p>Il nuovo progetto ora in fase di organizzazione, un unicum per la bisiacaria, \u00e8 una competizione sportiva che ricalchi la 24&#215;1 ora Telethon di Udine.<\/p>\n<p>A Monfalcone l&#39;associazione Settembre inVita, con la collaborazione dell&#39;associazione sportiva Running Club 2 e di altre associazioni sportive che vorranno dare una mano, oltre all&#39;amministrazione comunale, organizzer\u00e0 una 12&#215;1 ora per creare un momento di sport, aggregazione e solidariet\u00e0 che in questo momento manca e darebbe nuova vita a tutti.<\/p>\n<p>Il percorso \u00e8 gi\u00e0 stato individuato e si snoder\u00e0 per le vive del centro partendo in prossimit\u00e0 della Scalinata dei Granatieri per continuare per corso del Popolo e girando a destra proseguire per viale San Marco, giunti al semaforo altra svolta a destra e dritti per via Fratelli Rosselli e via Duca D&#39;Aosta, al semaforo si gira nuovamente a destra e si percorre via Roma, piazza Cavour e via Plinio; alla fine della salitella si svolta nuovamente a destra e da via San Francesco si arriva al punto di partenza in Piazza della Repubblica. Totale di circa 1.500 metri, con altre alternative gi\u00e0 pronte qualora ci dovessero essere problematiche per la circolazione stradale.<\/p>\n<p><img decoding=\"async\" alt=\"\" src=\"\/ckeditor_assets\/pictures\/733\/content_12x1percorso.jpg\" style=\"width: 600px; height: 484px;\" title=\"\"><\/p>\n<p>La manifestazione, che probabilmente si svolger\u00e0 di domenica, avr\u00e0 un prologo la sera precedente con il concerto di un artista di fama nazionale.<\/p>\n<p>Oltre a fornire un aiuto a chi ne ha bisogno con il sostegno dei progetti sanitari, l&#39;evento mira a essere un volano per l\u2019economia del territorio: a Udine in occasione della 24&#215;1 ora arrivano oltre 600 squadre composte la maggior parte da 24 persone.<\/p>\n<p>Nel frattempo, chi lo desidera pu\u00f2 aiutare l&#39;associazione e i progetti benefici che persegue attraverso un bonifico bancario sul conto intestato ad ASSOCIAZIONE SETTEMBRE inVITA, presso BCC Staranzano e Villesse, <strong>IBAN IT06T0887764660000000345796, causale donazione per emergenza COVID-19<\/strong><strong>.<\/strong><\/p>\n","protected":false},"excerpt":{"rendered":"<p>Organizzata da Settembre inVita<\/p>\n","protected":false},"author":22,"featured_media":33091,"comment_status":"closed","ping_status":"closed","sticky":false,"template":"","format":"standard","meta":{"dwc-title":[],"dwc-content":[],"footnotes":""},"categories":[38],"tags":[],"class_list":["post-33090","post","type-post","status-publish","format-standard","has-post-thumbnail","hentry","category-sport"],"rttpg_featured_image_url":{"full":["https:\/\/imagazine.it\/wp-content\/uploads\/2024\/01\/33598-1.webp",750,392,false],"landscape":["https:\/\/imagazine.it\/wp-content\/uploads\/2024\/01\/33598-1.webp",750,392,false],"portraits":["https:\/\/imagazine.it\/wp-content\/uploads\/2024\/01\/33598-1.webp",750,392,false],"thumbnail":["https:\/\/imagazine.it\/wp-content\/uploads\/2024\/01\/33598-1-150x150.webp",150,150,true],"medium":["https:\/\/imagazine.it\/wp-content\/uploads\/2024\/01\/33598-1-300x157.webp",300,157,true],"large":["https:\/\/imagazine.it\/wp-content\/uploads\/2024\/01\/33598-1.webp",640,335,false],"thumblist":["https:\/\/imagazine.it\/wp-content\/uploads\/2024\/01\/33598-1.webp",300,157,false],"thumbrelated":["https:\/\/imagazine.it\/wp-content\/uploads\/2024\/01\/33598-1.webp",500,261,false],"meccarouselthumb":["https:\/\/imagazine.it\/wp-content\/uploads\/2024\/01\/33598-1.webp",474,248,false],"gridsquare":["https:\/\/imagazine.it\/wp-content\/uploads\/2024\/01\/33598-1.webp",391,204,false],"tileview":["https:\/\/imagazine.it\/wp-content\/uploads\/2024\/01\/33598-1.webp",300,157,false],"1536x1536":["https:\/\/imagazine.it\/wp-content\/uploads\/2024\/01\/33598-1.webp",750,392,false],"2048x2048":["https:\/\/imagazine.it\/wp-content\/uploads\/2024\/01\/33598-1.webp",750,392,false],"newsup-slider-full":["https:\/\/imagazine.it\/wp-content\/uploads\/2024\/01\/33598-1.webp",750,392,false],"newsup-featured":["https:\/\/imagazine.it\/wp-content\/uploads\/2024\/01\/33598-1.webp",750,392,false],"newsup-medium":["https:\/\/imagazine.it\/wp-content\/uploads\/2024\/01\/33598-1-720x380.webp",720,380,true],"tptn_thumbnail":["https:\/\/imagazine.it\/wp-content\/uploads\/2024\/01\/33598-1.webp",250,131,false],"sow-carousel-default":["https:\/\/imagazine.it\/wp-content\/uploads\/2024\/01\/33598-1-272x182.webp",272,182,true]},"rttpg_author":{"display_name":"Livio Nonis","author_link":"https:\/\/imagazine.it\/home_desk\/author\/nonis\/"},"rttpg_comment":0,"rttpg_category":"<a href=\"https:\/\/imagazine.it\/home_desk\/category\/sport\/\" rel=\"category tag\">SPORT<\/a>","rttpg_excerpt":"Organizzata da Settembre inVita","_links":{"self":[{"href":"https:\/\/imagazine.it\/home_desk\/wp-json\/wp\/v2\/posts\/33090","targetHints":{"allow":["GET"]}}],"collection":[{"href":"https:\/\/imagazine.it\/home_desk\/wp-json\/wp\/v2\/posts"}],"about":[{"href":"https:\/\/imagazine.it\/home_desk\/wp-json\/wp\/v2\/types\/post"}],"author":[{"embeddable":true,"href":"https:\/\/imagazine.it\/home_desk\/wp-json\/wp\/v2\/users\/22"}],"replies":[{"embeddable":true,"href":"https:\/\/imagazine.it\/home_desk\/wp-json\/wp\/v2\/comments?post=33090"}],"version-history":[{"count":0,"href":"https:\/\/imagazine.it\/home_desk\/wp-json\/wp\/v2\/posts\/33090\/revisions"}],"wp:featuredmedia":[{"embeddable":true,"href":"https:\/\/imagazine.it\/home_desk\/wp-json\/wp\/v2\/media\/33091"}],"wp:attachment":[{"href":"https:\/\/imagazine.it\/home_desk\/wp-json\/wp\/v2\/media?parent=33090"}],"wp:term":[{"taxonomy":"category","embeddable":true,"href":"https:\/\/imagazine.it\/home_desk\/wp-json\/wp\/v2\/categories?post=33090"},{"taxonomy":"post_tag","embeddable":true,"href":"https:\/\/imagazine.it\/home_desk\/wp-json\/wp\/v2\/tags?post=33090"}],"curies":[{"name":"wp","href":"https:\/\/api.w.org\/{rel}","templated":true}]}}