{"id":33084,"date":"2020-04-15T00:00:00","date_gmt":"2020-04-14T23:00:00","guid":{"rendered":"https:\/\/imagazine.it\/?p=33084"},"modified":"2020-04-15T00:00:00","modified_gmt":"2020-04-14T23:00:00","slug":"pandemia-allarme-per-il-settore-cultura","status":"publish","type":"post","link":"https:\/\/imagazine.it\/home_desk\/pandemia-allarme-per-il-settore-cultura\/","title":{"rendered":"Pandemia, allarme per il settore cultura"},"content":{"rendered":"<p>Da Confcooperative FVG arriva l\u2019allarme per il settore culturale. Decine sono le imprese cooperative che operano nella cultura e nel suo indotto, dalla gestione di strutture museali e artistiche, allo spettacolo dal vivo, ai servizi bibliotecari, ai servizi accessori all\u2019organizzazione di esposizioni ed eventi, all\u2019audiovisivo.<\/p>\n<p>\u00abIl comparto culturale, per la specificit\u00e0 delle sue attivit\u00e0 che si rivolgono al pubblico, risulta colpito in modo particolarmente grave \u2013 spiega <strong>Serena Mizzan<\/strong>, presidente del settore Cultura e Turismo di Confcooperative Fvg, con pi\u00f9 di 30 cooperative associate \u2013, sia per la chiusura delle strutture museali, sia per la cancellazione di date teatrali, tourn\u00e9e, la disdetta di contratti. Il settore \u00e8 stato interessato dapprima dal blocco generalizzato delle visite d\u2019istruzione e uscite didattiche \u2013 con la cancellazione quasi totale della stagione 2020 \u2013 che ha colpito i musei, le riserve naturali e le attivit\u00e0 didattico-divulgative realizzate da diverse cooperative culturali. In seguito, le disposizioni per il contenimento del contagio hanno comportato il blocco di tutto il comparto\u00bb.<\/p>\n<p>Le conseguenze? Crisi di liquidit\u00e0 e impatto sui conti che si misura in doppia cifra percentuale. \u00abAbbiamo apprezzato le prime iniziative della Giunta regionale che, sul fronte della rendicontazione dei progetti in essere \u2013 forzatamente falcidiati dall\u2019impossibilit\u00e0 di realizzare molte iniziative previste \u2013 ha compreso la difficolt\u00e0 del settore e la necessit\u00e0 di introdurre un ampio grado di flessibilit\u00e0. \u00c8 un punto di partenza per operare in maggiore serenit\u00e0\u00bb.<\/p>\n<p>Ma cosa serve per ripartire? \u00abFatti salvi tutti gli interventi economici necessari a garantire la sopravvivenza delle imprese in generale, riteniamo che il settore avr\u00e0 bisogno di interventi di medio e lungo periodo \u2013 pensati sulla base delle caratteristiche del comparto culturale \u2013 per salvaguardare l\u2019intero settore che uscir\u00e0 dalla crisi inevitabilmente indebolito sotto il profilo della solidit\u00e0 economica, della capacit\u00e0 di investimento, ma non certo nelle sue potenzialit\u00e0 culturali e progettuali\u00bb.<\/p>\n<p>Due strumenti possibili, per Confcooperative Fvg, potrebbero essere quelli dei voucher per le famiglie a sostegno della domanda di fruizione culturale e la generalizzazione dell\u2019Iva ridotta al 4% anche per quei servizi culturali che, oggi, vengono ancora sottoposti all\u2019aliquota ordinaria.<\/p>\n<p>\u00abDue proposte concrete per la \u201cfase della ripartenza\u201d e, a questi, aggiungerei \u2013 conclude Mizzan \u2013 investimenti per l\u2019aggiornamento tecnologico delle strutture, i riallestimenti, la formazione e le nuove produzioni, in generale tutto ci\u00f2 che pu\u00f2 aiutare il settore a recuperare il tempo perduto e a fare un necessario balzo in avanti\u00bb.<\/p>\n","protected":false},"excerpt":{"rendered":"<p>L&#8217;allerta di Confcooperative FVG<\/p>\n","protected":false},"author":28,"featured_media":33085,"comment_status":"closed","ping_status":"closed","sticky":false,"template":"","format":"standard","meta":{"dwc-title":[],"dwc-content":[],"footnotes":""},"categories":[37],"tags":[],"class_list":["post-33084","post","type-post","status-publish","format-standard","has-post-thumbnail","hentry","category-cultura-e-spettacolo"],"rttpg_featured_image_url":{"full":["https:\/\/imagazine.it\/wp-content\/uploads\/2024\/01\/33591-1.webp",750,500,false],"landscape":["https:\/\/imagazine.it\/wp-content\/uploads\/2024\/01\/33591-1.webp",750,500,false],"portraits":["https:\/\/imagazine.it\/wp-content\/uploads\/2024\/01\/33591-1.webp",750,500,false],"thumbnail":["https:\/\/imagazine.it\/wp-content\/uploads\/2024\/01\/33591-1-150x150.webp",150,150,true],"medium":["https:\/\/imagazine.it\/wp-content\/uploads\/2024\/01\/33591-1-300x200.webp",300,200,true],"large":["https:\/\/imagazine.it\/wp-content\/uploads\/2024\/01\/33591-1.webp",640,427,false],"thumblist":["https:\/\/imagazine.it\/wp-content\/uploads\/2024\/01\/33591-1.webp",300,200,false],"thumbrelated":["https:\/\/imagazine.it\/wp-content\/uploads\/2024\/01\/33591-1.webp",500,333,false],"meccarouselthumb":["https:\/\/imagazine.it\/wp-content\/uploads\/2024\/01\/33591-1.webp",474,316,false],"gridsquare":["https:\/\/imagazine.it\/wp-content\/uploads\/2024\/01\/33591-1.webp",391,260,false],"tileview":["https:\/\/imagazine.it\/wp-content\/uploads\/2024\/01\/33591-1.webp",300,200,false],"1536x1536":["https:\/\/imagazine.it\/wp-content\/uploads\/2024\/01\/33591-1.webp",750,500,false],"2048x2048":["https:\/\/imagazine.it\/wp-content\/uploads\/2024\/01\/33591-1.webp",750,500,false],"newsup-slider-full":["https:\/\/imagazine.it\/wp-content\/uploads\/2024\/01\/33591-1.webp",750,500,false],"newsup-featured":["https:\/\/imagazine.it\/wp-content\/uploads\/2024\/01\/33591-1.webp",750,500,false],"newsup-medium":["https:\/\/imagazine.it\/wp-content\/uploads\/2024\/01\/33591-1-720x380.webp",720,380,true],"tptn_thumbnail":["https:\/\/imagazine.it\/wp-content\/uploads\/2024\/01\/33591-1.webp",250,167,false],"sow-carousel-default":["https:\/\/imagazine.it\/wp-content\/uploads\/2024\/01\/33591-1-272x182.webp",272,182,true]},"rttpg_author":{"display_name":"redazione","author_link":"https:\/\/imagazine.it\/home_desk\/author\/redazione\/"},"rttpg_comment":0,"rttpg_category":"<a href=\"https:\/\/imagazine.it\/home_desk\/category\/cultura-e-spettacolo\/\" rel=\"category tag\">CULTURA&amp;SPETTACOLO<\/a>","rttpg_excerpt":"L'allerta di Confcooperative FVG","_links":{"self":[{"href":"https:\/\/imagazine.it\/home_desk\/wp-json\/wp\/v2\/posts\/33084","targetHints":{"allow":["GET"]}}],"collection":[{"href":"https:\/\/imagazine.it\/home_desk\/wp-json\/wp\/v2\/posts"}],"about":[{"href":"https:\/\/imagazine.it\/home_desk\/wp-json\/wp\/v2\/types\/post"}],"author":[{"embeddable":true,"href":"https:\/\/imagazine.it\/home_desk\/wp-json\/wp\/v2\/users\/28"}],"replies":[{"embeddable":true,"href":"https:\/\/imagazine.it\/home_desk\/wp-json\/wp\/v2\/comments?post=33084"}],"version-history":[{"count":0,"href":"https:\/\/imagazine.it\/home_desk\/wp-json\/wp\/v2\/posts\/33084\/revisions"}],"wp:featuredmedia":[{"embeddable":true,"href":"https:\/\/imagazine.it\/home_desk\/wp-json\/wp\/v2\/media\/33085"}],"wp:attachment":[{"href":"https:\/\/imagazine.it\/home_desk\/wp-json\/wp\/v2\/media?parent=33084"}],"wp:term":[{"taxonomy":"category","embeddable":true,"href":"https:\/\/imagazine.it\/home_desk\/wp-json\/wp\/v2\/categories?post=33084"},{"taxonomy":"post_tag","embeddable":true,"href":"https:\/\/imagazine.it\/home_desk\/wp-json\/wp\/v2\/tags?post=33084"}],"curies":[{"name":"wp","href":"https:\/\/api.w.org\/{rel}","templated":true}]}}