{"id":33080,"date":"2020-04-15T00:00:00","date_gmt":"2020-04-14T23:00:00","guid":{"rendered":"https:\/\/imagazine.it\/?p=33080"},"modified":"2020-04-15T00:00:00","modified_gmt":"2020-04-14T23:00:00","slug":"la-paura-piu-grande-contagiare-i-miei-familiari","status":"publish","type":"post","link":"https:\/\/imagazine.it\/home_desk\/la-paura-piu-grande-contagiare-i-miei-familiari\/","title":{"rendered":"&#8220;La paura pi\u00f9 grande? Contagiare i miei familiari&#8221;"},"content":{"rendered":"<p><strong>Mauro Benvenuto<\/strong>, assessore alla cultura del Comune di Ronchi dei Legionari, \u00e8 da due settimane in quarantena nella propria abitazione dove sta combattendo contro il Coronavirus.<\/p>\n<p>Nei prossimi giorni dovr\u00e0 sottoporsi a due diversi tamponi per verificare se il virus \u00e8 stato debellato. Lo abbiamo contattato per sapere come ha vissuto queste giornate.<\/p>\n<p><strong>Assessore Benvenuto, innanzitutto come sta?<\/strong><\/p>\n<p>\u201cIn questo momento, dopo due settimane di quarantena, sto abbastanza bene; l\u2019unica cosa che mi manca dall\u2019inizio \u00e8 l\u2019olfatto che non mi \u00e8 ancora ritornato\u201d.<\/p>\n<p><strong>Come ha saputo di essere positivo?<\/strong><\/p>\n<p>\u201cAvevo dei sintomi influenzali con qualche linea di febbre, sembrava una semplice influenza, ma nel momento in cui mi sono accorto di non sentire gli odori, mi \u00e8 scattato un campanellino d\u2019allarme. Ho contattato subito il mio collega di giunta, Gianpaolo Martinelli, che \u00e8 anche Responsabile infermieristico del Pronto soccorso di Gorizia, il quale mi ha consigliato di sottopormi a tampone\u201d.<\/p>\n<p><strong>Com\u2019\u00e8 stata la vita in quarantena in queste due settimane?<\/strong><\/p>\n<p>\u201cFortunatamente non ho avuto sintomi gravi, un po\u2019 di febbre i primi giorni e successivamente mal di testa e stanchezza, combattuti con la semplice tachipirina. Ho ricevuto un costante controllo telefonico sul mio stato di salute dal mio medico curante, la dottoressa Francesca Medeot, e moltissime dimostrazioni di affetto e vicinanza arrivati da dovunque: dal mondo della Burgo, dove lavoro, dal mondo sindacale, da quello politico, da amici, cittadini e associazioni di Ronchi dei Legionari oltre che da tutti i miei familiari. Questa vicinanza mi ha sicuramente dato la forza necessaria per combattere questo virus con estrema carica\u201d.<\/p>\n<p><a href=\"http:\/\/imagazinevideotruck.it\/outlet\/relink_imprinta.html\" target=\"_top\" rel=\"noopener\"><img loading=\"lazy\" decoding=\"async\" align=\"LEFT\" height=\"250\" src=\"http:\/\/imagazinevideotruck.it\/outlet\/imprinta.jpg\" width=\"300\" alt=\"\" title=\"\"><\/a><\/p>\n<p>\u00a0<\/p>\n<p>\u00a0<\/p>\n<p>\u00a0<\/p>\n<p>\u00a0<\/p>\n<p>\u00a0<\/p>\n<p>\u00a0<\/p>\n<p>\u00a0<\/p>\n<p>\u00a0<\/p>\n<p>\u00a0<\/p>\n<p><strong>Cos\u2019ha pensato in particolare in questo periodo?<\/strong><\/p>\n<p>\u201cPensavo che pur essendomi attenuto a tutti i comportamenti che venivano richiesti, non sono riuscito a evitarlo. Allo stesso tempo mi sentivo fortunato rispetto alle persone positive come me, ma che erano in situazioni pi\u00f9 gravi\u201d.<\/p>\n<p><strong>Qual \u00e8 stato il momento pi\u00f9 difficile?<\/strong><\/p>\n<p>\u201cLa paura di aver contagiato i miei familiari, specialmente i pi\u00f9 piccoli. Mi sono preoccupato molto. E sicuramente l\u2019isolamento nella stanza non \u00e8 stato semplice, viste le abitudini di una famiglia numerosa come la nostra\u201d.<\/p>\n<p><strong>Il dibattito pubblico attuale \u00e8 focalizzato su come gestire la convivenza con il virus nei prossimi mesi. In base alla sua esperienza cosa si sente di dire in merito?<\/strong><\/p>\n<p>\u201cSono convinto che \u00e8 una malattia da non sottovalutare e non bisogna abbassare la guardia. Bisogner\u00e0 procedere in sintonia con il calo dei contagi a una riapertura graduale delle nostre attivit\u00e0 lavorative e capire che per i prossimi mesi qualsiasi tipo di assembramento non sar\u00e0 possibile. Solo attraverso la nostra costanza e il rispetto delle regole potremmo superare questa enorme pandemia mondiale\u201d.<\/p>\n","protected":false},"excerpt":{"rendered":"<p>La testimonianza di Mauro Benvenuto<\/p>\n","protected":false},"author":22,"featured_media":33081,"comment_status":"closed","ping_status":"closed","sticky":false,"template":"","format":"standard","meta":{"dwc-title":[],"dwc-content":[],"footnotes":""},"categories":[5],"tags":[],"class_list":["post-33080","post","type-post","status-publish","format-standard","has-post-thumbnail","hentry","category-attualita"],"rttpg_featured_image_url":{"full":["https:\/\/imagazine.it\/wp-content\/uploads\/2024\/01\/33586-1.webp",750,465,false],"landscape":["https:\/\/imagazine.it\/wp-content\/uploads\/2024\/01\/33586-1.webp",750,465,false],"portraits":["https:\/\/imagazine.it\/wp-content\/uploads\/2024\/01\/33586-1.webp",750,465,false],"thumbnail":["https:\/\/imagazine.it\/wp-content\/uploads\/2024\/01\/33586-1-150x150.webp",150,150,true],"medium":["https:\/\/imagazine.it\/wp-content\/uploads\/2024\/01\/33586-1-300x186.webp",300,186,true],"large":["https:\/\/imagazine.it\/wp-content\/uploads\/2024\/01\/33586-1.webp",640,397,false],"thumblist":["https:\/\/imagazine.it\/wp-content\/uploads\/2024\/01\/33586-1.webp",300,186,false],"thumbrelated":["https:\/\/imagazine.it\/wp-content\/uploads\/2024\/01\/33586-1.webp",500,310,false],"meccarouselthumb":["https:\/\/imagazine.it\/wp-content\/uploads\/2024\/01\/33586-1.webp",474,294,false],"gridsquare":["https:\/\/imagazine.it\/wp-content\/uploads\/2024\/01\/33586-1.webp",391,242,false],"tileview":["https:\/\/imagazine.it\/wp-content\/uploads\/2024\/01\/33586-1.webp",300,186,false],"1536x1536":["https:\/\/imagazine.it\/wp-content\/uploads\/2024\/01\/33586-1.webp",750,465,false],"2048x2048":["https:\/\/imagazine.it\/wp-content\/uploads\/2024\/01\/33586-1.webp",750,465,false],"newsup-slider-full":["https:\/\/imagazine.it\/wp-content\/uploads\/2024\/01\/33586-1.webp",750,465,false],"newsup-featured":["https:\/\/imagazine.it\/wp-content\/uploads\/2024\/01\/33586-1.webp",750,465,false],"newsup-medium":["https:\/\/imagazine.it\/wp-content\/uploads\/2024\/01\/33586-1-720x380.webp",720,380,true],"tptn_thumbnail":["https:\/\/imagazine.it\/wp-content\/uploads\/2024\/01\/33586-1.webp",250,155,false],"sow-carousel-default":["https:\/\/imagazine.it\/wp-content\/uploads\/2024\/01\/33586-1-272x182.webp",272,182,true]},"rttpg_author":{"display_name":"Livio Nonis","author_link":"https:\/\/imagazine.it\/home_desk\/author\/nonis\/"},"rttpg_comment":0,"rttpg_category":"<a href=\"https:\/\/imagazine.it\/home_desk\/category\/attualita\/\" rel=\"category tag\">ATTUALIT\u00c0<\/a>","rttpg_excerpt":"La testimonianza di Mauro Benvenuto","_links":{"self":[{"href":"https:\/\/imagazine.it\/home_desk\/wp-json\/wp\/v2\/posts\/33080","targetHints":{"allow":["GET"]}}],"collection":[{"href":"https:\/\/imagazine.it\/home_desk\/wp-json\/wp\/v2\/posts"}],"about":[{"href":"https:\/\/imagazine.it\/home_desk\/wp-json\/wp\/v2\/types\/post"}],"author":[{"embeddable":true,"href":"https:\/\/imagazine.it\/home_desk\/wp-json\/wp\/v2\/users\/22"}],"replies":[{"embeddable":true,"href":"https:\/\/imagazine.it\/home_desk\/wp-json\/wp\/v2\/comments?post=33080"}],"version-history":[{"count":0,"href":"https:\/\/imagazine.it\/home_desk\/wp-json\/wp\/v2\/posts\/33080\/revisions"}],"wp:featuredmedia":[{"embeddable":true,"href":"https:\/\/imagazine.it\/home_desk\/wp-json\/wp\/v2\/media\/33081"}],"wp:attachment":[{"href":"https:\/\/imagazine.it\/home_desk\/wp-json\/wp\/v2\/media?parent=33080"}],"wp:term":[{"taxonomy":"category","embeddable":true,"href":"https:\/\/imagazine.it\/home_desk\/wp-json\/wp\/v2\/categories?post=33080"},{"taxonomy":"post_tag","embeddable":true,"href":"https:\/\/imagazine.it\/home_desk\/wp-json\/wp\/v2\/tags?post=33080"}],"curies":[{"name":"wp","href":"https:\/\/api.w.org\/{rel}","templated":true}]}}