{"id":33050,"date":"2020-04-10T00:00:00","date_gmt":"2020-04-09T23:00:00","guid":{"rendered":"https:\/\/imagazine.it\/?p=33050"},"modified":"2020-04-10T00:00:00","modified_gmt":"2020-04-09T23:00:00","slug":"in-fvg-pronta-la-app-per-contrastare-linfezione-di-ritorno","status":"publish","type":"post","link":"https:\/\/imagazine.it\/home_desk\/in-fvg-pronta-la-app-per-contrastare-linfezione-di-ritorno\/","title":{"rendered":"In FVG pronta la app per contrastare l&#8217;infezione di ritorno"},"content":{"rendered":"<p>&#8220;Il Friuli Venezia Giulia \u00e8 la prima regione in Italia ad aver avviato la sperimentazione di una app per telefoni cellulari in grado di limitare la cosiddetta infezione di ritorno. Si tratta dell&#39;applicazione adottata e tutt&#39;ora in uso a Singapore, che riteniamo possa svolgere un ruolo chiave sul territorio nella fase di post-emergenza e di graduale rientro alla normalit\u00e0. In caso di nuovi contagi infatti, la app consentirebbe di tracciare e isolare rapidamente la filiera dei contatti avuti da soggetti risultati positivi al coronavirus&#8221;.<\/p>\n<p>Lo ha affermato il governatore del Friuli Venezia Giulia <strong>Massimiliano Fedriga<\/strong>, anticipando che &#8220;se i test produrranno gli effetti sperati, l&#39;obiettivo dell&#39;Amministrazione \u00e8 quello di rendere l&#39;applicazione disponibile al pubblico gi\u00e0 a partire dalla seconda met\u00e0 di aprile&#8221;.<\/p>\n<p>La app, concessa alla Regione a titolo gratuito dalla multinazionale Accenture, \u00e8 stata adattata alle specificit\u00e0 del territorio, e alle vigenti leggi in fatto di tutela della privacy, da parte della societ\u00e0 regionale Ict Insiel spa che ne sta testando l&#39;efficacia su un campione di quasi trecento cittadini.<\/p>\n<p>&#8220;Ci prepariamo per ripartire nella massima sicurezza &#8211; ha aggiunto il governatore Fedriga -. Se tutti i cittadini utilizzeranno la app, ognuno tuteler\u00e0 la propria salute e quella di tutti. Siamo la prima regione a partire e ringrazio Accenture per aver donato un lavoro prezioso e Insiel per la collaborazione&#8221;.<\/p>\n<p><a href=\"http:\/\/imagazinevideotruck.it\/outlet\/relink.html\" target=\"_top\" rel=\"noopener\"><img loading=\"lazy\" decoding=\"async\" align=\"LEFT\" height=\"250\" src=\"http:\/\/imagazinevideotruck.it\/outlet\/outlet30.jpg\" width=\"300\" alt=\"\" title=\"\"><\/a><\/p>\n<p>\u00a0<\/p>\n<p>\u00a0<\/p>\n<p>\u00a0<\/p>\n<p>\u00a0<\/p>\n<p>\u00a0<\/p>\n<p>\u00a0<\/p>\n<p>\u00a0<\/p>\n<p>\u00a0<\/p>\n<p>\u00a0<\/p>\n<p>&#8220;Questa tipologia di applicazione &#8211; ha spiegato <strong>Diego Antonini<\/strong>, presidente di Insiel &#8211; \u00e8 pienamente rispettosa dei diritti degli utenti: a ogni soggetto che la scarica viene infatti assegnato un codice numerico identificativo totalmente anonimo e la tracciatura dei movimenti avviene attraverso il bluetooth. Solo nel caso in cui un cittadino dovesse risultare positivo al Covid-19, le strutture sanitarie saranno gli unici soggetti autorizzati a decriptare il suo codice identificativo e quelli dei soggetti con i quali \u00e8 entrato in contatto&#8221;.<\/p>\n<p>Quanto all&#39;utilit\u00e0 della app per contrastare la diffusione epidemiologica &#8220;il successo dipender\u00e0 dal numero di adesioni &#8211; ha affermato Antonini -: pi\u00f9 cittadini decideranno di scaricarla, maggiore sar\u00e0 la possibilit\u00e0 di intercettare il virus e circoscriverlo rapidamente, affidando alle cure sanitarie chi dovesse risultare positivo&#8221;.<\/p>\n<p>Disponibile nella versione iOs e Android, la app &#8211; che al momento dell&#39;iscrizione richieder\u00e0 di inserire unicamente il numero di cellulare e il codice fiscale &#8211; conterr\u00e0 al suo interno una serie di informazioni sul Covid-19 e i numeri telefonici da comporre in caso di emergenza.\u00a0<\/p>\n","protected":false},"excerpt":{"rendered":"<p>L&#8217;annuncio del governatore Fedriga<\/p>\n","protected":false},"author":28,"featured_media":33051,"comment_status":"closed","ping_status":"closed","sticky":false,"template":"","format":"standard","meta":{"dwc-title":[],"dwc-content":[],"footnotes":""},"categories":[5],"tags":[],"class_list":["post-33050","post","type-post","status-publish","format-standard","has-post-thumbnail","hentry","category-attualita"],"rttpg_featured_image_url":{"full":["https:\/\/imagazine.it\/wp-content\/uploads\/2024\/01\/33556-1.webp",750,507,false],"landscape":["https:\/\/imagazine.it\/wp-content\/uploads\/2024\/01\/33556-1.webp",750,507,false],"portraits":["https:\/\/imagazine.it\/wp-content\/uploads\/2024\/01\/33556-1.webp",750,507,false],"thumbnail":["https:\/\/imagazine.it\/wp-content\/uploads\/2024\/01\/33556-1-150x150.webp",150,150,true],"medium":["https:\/\/imagazine.it\/wp-content\/uploads\/2024\/01\/33556-1-300x203.webp",300,203,true],"large":["https:\/\/imagazine.it\/wp-content\/uploads\/2024\/01\/33556-1.webp",640,433,false],"thumblist":["https:\/\/imagazine.it\/wp-content\/uploads\/2024\/01\/33556-1.webp",300,203,false],"thumbrelated":["https:\/\/imagazine.it\/wp-content\/uploads\/2024\/01\/33556-1.webp",500,338,false],"meccarouselthumb":["https:\/\/imagazine.it\/wp-content\/uploads\/2024\/01\/33556-1.webp",474,320,false],"gridsquare":["https:\/\/imagazine.it\/wp-content\/uploads\/2024\/01\/33556-1.webp",385,260,false],"tileview":["https:\/\/imagazine.it\/wp-content\/uploads\/2024\/01\/33556-1.webp",300,203,false],"1536x1536":["https:\/\/imagazine.it\/wp-content\/uploads\/2024\/01\/33556-1.webp",750,507,false],"2048x2048":["https:\/\/imagazine.it\/wp-content\/uploads\/2024\/01\/33556-1.webp",750,507,false],"newsup-slider-full":["https:\/\/imagazine.it\/wp-content\/uploads\/2024\/01\/33556-1.webp",750,507,false],"newsup-featured":["https:\/\/imagazine.it\/wp-content\/uploads\/2024\/01\/33556-1.webp",750,507,false],"newsup-medium":["https:\/\/imagazine.it\/wp-content\/uploads\/2024\/01\/33556-1-720x380.webp",720,380,true],"tptn_thumbnail":["https:\/\/imagazine.it\/wp-content\/uploads\/2024\/01\/33556-1.webp",250,169,false],"sow-carousel-default":["https:\/\/imagazine.it\/wp-content\/uploads\/2024\/01\/33556-1-272x182.webp",272,182,true]},"rttpg_author":{"display_name":"redazione","author_link":"https:\/\/imagazine.it\/home_desk\/author\/redazione\/"},"rttpg_comment":0,"rttpg_category":"<a href=\"https:\/\/imagazine.it\/home_desk\/category\/attualita\/\" rel=\"category tag\">ATTUALIT\u00c0<\/a>","rttpg_excerpt":"L'annuncio del governatore Fedriga","_links":{"self":[{"href":"https:\/\/imagazine.it\/home_desk\/wp-json\/wp\/v2\/posts\/33050","targetHints":{"allow":["GET"]}}],"collection":[{"href":"https:\/\/imagazine.it\/home_desk\/wp-json\/wp\/v2\/posts"}],"about":[{"href":"https:\/\/imagazine.it\/home_desk\/wp-json\/wp\/v2\/types\/post"}],"author":[{"embeddable":true,"href":"https:\/\/imagazine.it\/home_desk\/wp-json\/wp\/v2\/users\/28"}],"replies":[{"embeddable":true,"href":"https:\/\/imagazine.it\/home_desk\/wp-json\/wp\/v2\/comments?post=33050"}],"version-history":[{"count":0,"href":"https:\/\/imagazine.it\/home_desk\/wp-json\/wp\/v2\/posts\/33050\/revisions"}],"wp:featuredmedia":[{"embeddable":true,"href":"https:\/\/imagazine.it\/home_desk\/wp-json\/wp\/v2\/media\/33051"}],"wp:attachment":[{"href":"https:\/\/imagazine.it\/home_desk\/wp-json\/wp\/v2\/media?parent=33050"}],"wp:term":[{"taxonomy":"category","embeddable":true,"href":"https:\/\/imagazine.it\/home_desk\/wp-json\/wp\/v2\/categories?post=33050"},{"taxonomy":"post_tag","embeddable":true,"href":"https:\/\/imagazine.it\/home_desk\/wp-json\/wp\/v2\/tags?post=33050"}],"curies":[{"name":"wp","href":"https:\/\/api.w.org\/{rel}","templated":true}]}}